{"id":49822,"date":"2024-11-13T09:04:58","date_gmt":"2024-11-13T12:04:58","guid":{"rendered":"https:\/\/www.mpal.mp.br\/?p=49822"},"modified":"2024-11-13T09:04:58","modified_gmt":"2024-11-13T12:04:58","slug":"apos-reuniao-com-mpal-a-ssp-al-garante-protecao-a-defensores-de-direitos-humanos-comunicadores-e-ambientalistas","status":"publish","type":"post","link":"https:\/\/www.mpal.mp.br\/?p=49822","title":{"rendered":"Ap\u00f3s reuni\u00e3o com MPAL, a SSP\/AL garante prote\u00e7\u00e3o a defensores de direitos humanos, comunicadores e ambientalistas"},"content":{"rendered":"<p class=\"western\" style=\"text-align: justify;\" align=\"justify\"><span style=\"font-family: helvetica, arial, sans-serif;\">Substituir a vulnerabilidade por prote\u00e7\u00e3o, garantir que defensores dos direitos humanos, ambientalistas e comunicadores tenham a liberdade de abra\u00e7ar causas, fazer den\u00fancias pelo bem da coletividade sem que sejam colocados na mira da viol\u00eancia. Nesse sentindo, o Minist\u00e9rio P\u00fablico de Alagoas (MPAL), via 61\u00aa Promotoria de Justi\u00e7a, <span style=\"color: #000000;\"><span style=\"font-size: medium;\"><span lang=\"pt-BR\">reuniu-se mais uma vez, nesta ter\u00e7a-feira (12), com v\u00e1rios \u00f3rg\u00e3os, <\/span><\/span><\/span> na sede das Promotorias de Justi\u00e7a, no Barro Duro, em Macei\u00f3, <span style=\"color: #000000;\"><span style=\"font-size: medium;\"><span lang=\"pt-BR\">entre eles a<\/span><\/span><\/span> Secretaria de Seguran\u00e7a P\u00fablica (SSP\/AL). O encontro contou com a presen\u00e7a do Minist\u00e9rio P\u00fablico Federal (MPF) e da Defensoria P\u00fablica Estadual (DPE\/AL), e teve tamb\u00e9m a participa\u00e7\u00e3o da Secretaria de Estado da Mulher e Direitos Humanos. Na ocasi\u00e3o foram definidas a\u00e7\u00f5es a serem executadas pelas pol\u00edcias Civil e Militar, o considerado como grande avan\u00e7o pela promotora de Justi\u00e7a Alexandra Beurlen.<\/span><\/p>\n<p class=\"western\" style=\"text-align: justify;\" align=\"justify\"><span style=\"font-family: helvetica, arial, sans-serif;\">A promotora de Justi\u00e7a de Direitos Humanos, Alexandra Beurlen, considera as manifesta\u00e7\u00f5es da SSP como um primeiro e importante passo nessa prote\u00e7\u00e3o indispens\u00e1vel.<\/span><\/p>\n<p class=\"western\" style=\"text-align: justify;\" align=\"justify\"><span style=\"font-family: helvetica, arial, sans-serif;\">\u201cA nossa iniciativa \u00e9 totalmente interligada com a defesa dos direitos e prote\u00e7\u00e3o para essas pessoas que corajosamente identificam erros e tentam corrigi-los com suas atua\u00e7\u00f5es, buscando a legalidade e impedindo que desmandos continuem acontecendo e afetando a sociedade. Como o Estado de Alagoas n\u00e3o aderiu ao programa nacional de defesa dos defensores de direitos humanos, comunicadores e ambientalistas foi pensado, de comum acordo, que ofere\u00e7a alternativas enquanto n\u00e3o crie um programa pr\u00f3prio ou consiga aderir ao nacional\u201d, destaca a promotora.<\/span><\/p>\n<p class=\"western\" style=\"text-align: justify;\" align=\"justify\"><span style=\"font-family: helvetica, arial, sans-serif;\">Na primeira reuni\u00e3o, segundo a promotora de Justi\u00e7a, as entidades definiram algumas incumb\u00eancias para o Estado de Alagoas, como por exemplo, onde ocorreriam as apura\u00e7\u00f5es dos crimes. \u2018<\/span><\/p>\n<p class=\"western\" style=\"text-align: justify;\" align=\"justify\"><span style=\"font-family: helvetica, arial, sans-serif;\">\u201cA SSP\/AL, por sua vez, decidiu que a Delegacia de Vulner\u00e1veis assume os casos e respectivas investiga\u00e7\u00f5es e a Pol\u00edcia Militar fica incumbida de fazer rondas de medidas protetivas, enquanto, simultaneamente, tentaremos contato com o programa nacional. Ao que parece, no momento, em Alagoas temos sete pessoas sob prote\u00e7\u00e3o\u201d, complementa Alexandra Beurlen.<\/span><\/p>\n<p class=\"western\" style=\"text-align: justify;\" align=\"justify\"><span style=\"font-family: helvetica, arial, sans-serif;\"><span style=\"color: #000000;\"><span style=\"font-size: medium;\"><span lang=\"pt-BR\">De todas as discuss\u00f5es, no que se refere a responsabilidade dos \u00f3rg\u00e3os de seguran\u00e7a, a<\/span><\/span><\/span>penas a possibilidade de ter no Boletim de Ocorr\u00eancia (BO) um campo para que as v\u00edtimas possam ser identificadas como defensores de Direitos Humanos, comunicadores e ambientalistas amea\u00e7ados\/agredidos no exerc\u00edcio de tal fun\u00e7\u00e3o ficou pendente.<\/span><\/p>\n<p class=\"western\" style=\"text-align: justify;\" align=\"justify\"><span style=\"font-family: helvetica, arial, sans-serif;\">Sobre um plano de a\u00e7\u00e3o, a Semudh afirmou n\u00e3o ter condi\u00e7\u00f5es de instaurar programa pr\u00f3prio, garantiu que consegue apenas fazer o encaminhamento para os programas federais. A promotora de Justi\u00e7a acionar\u00e1 mais uma vez a SSP\/AL para que pormenorize o fluxo interno em suas unidades.<\/span><\/p>\n<p class=\"western\" style=\"text-align: justify;\" align=\"justify\">\n<p class=\"western\" style=\"text-align: justify;\" align=\"justify\"><span style=\"font-family: helvetica, arial, sans-serif;\"><b>Pol\u00edcia Civil<\/b><\/span><\/p>\n<p class=\"western\" style=\"text-align: justify;\" align=\"justify\"><span style=\"font-family: helvetica, arial, sans-serif;\">No Di\u00e1rio Oficial de 6 de novembro, por meio da Portaria PC\/AL N\u00ba 5510\/2024,o delegado-geral da Pol\u00edcia Civil registrou acolhimento da solicita\u00e7\u00e3o ministerial proposta pela 61\u00aa Promotoria de Justi\u00e7a da Capital,. Em seu artigo 1\u00ba ele define que \u201ccompete \u00e0 Delegacia Especial dos Crimes Contra Vulner\u00e1veis da Capital o atendimento e a apura\u00e7\u00e3o de delitos praticados contra ativistas, ambientalistas e comunicadores, desde que tais crimes possuam nexo com as fun\u00e7\u00f5es, a\u00e7\u00f5es e\/ou manifesta\u00e7\u00f5es de car\u00e1ter ativista.<\/span><\/p>\n<p class=\"western\" style=\"text-align: justify;\" align=\"justify\"><span style=\"font-family: helvetica, arial, sans-serif;\">J\u00e1 no 2\u00ba diz que \u201cos crimes de homic\u00eddio tentado e consumado contra ativista, em virtude desta condi\u00e7\u00e3o, continuar\u00e3o sob a compet\u00eancia da Delegacia de Homic\u00eddios e Prote\u00e7\u00e3o \u00e0 Pessoa (DHPP), a qual j\u00e1 possui capacita\u00e7\u00e3o t\u00e9cnica, log\u00edstica e operacional para proceder a tais investiga\u00e7\u00f5es.<\/span><\/p>\n<p class=\"western\" style=\"text-align: justify;\" align=\"justify\"><span style=\"font-family: helvetica, arial, sans-serif;\">Por fim que caber\u00e1 aos Distritos Policiais da Capital dar continuidade e conclus\u00e3o aos procedimentos policiais j\u00e1 instaurados para apurar os crimes a que se refere o artigo 1\u00ba desta portaria, no \u00e2mbito de suas respectivas circunscri\u00e7\u00f5es, bem como o cumprimento das requisi\u00e7\u00f5es judiciais e ministeriais referentes a tais procedimentos.<\/span><\/p>\n","protected":false},"excerpt":{"rendered":"<p> [&hellip;]<\/p>\n","protected":false},"author":8,"featured_media":29741,"comment_status":"open","ping_status":"open","sticky":false,"template":"","format":"standard","meta":{"om_disable_all_campaigns":false,"_monsterinsights_skip_tracking":false,"_monsterinsights_sitenote_active":false,"_monsterinsights_sitenote_note":"","_monsterinsights_sitenote_category":0,"_uf_show_specific_survey":0,"_uf_disable_surveys":false,"footnotes":""},"categories":[2],"tags":[],"class_list":["post-49822","post","type-post","status-publish","format-standard","has-post-thumbnail","hentry","category-not_mpal"],"aioseo_notices":[],"_links":{"self":[{"href":"https:\/\/www.mpal.mp.br\/index.php?rest_route=\/wp\/v2\/posts\/49822","targetHints":{"allow":["GET"]}}],"collection":[{"href":"https:\/\/www.mpal.mp.br\/index.php?rest_route=\/wp\/v2\/posts"}],"about":[{"href":"https:\/\/www.mpal.mp.br\/index.php?rest_route=\/wp\/v2\/types\/post"}],"author":[{"embeddable":true,"href":"https:\/\/www.mpal.mp.br\/index.php?rest_route=\/wp\/v2\/users\/8"}],"replies":[{"embeddable":true,"href":"https:\/\/www.mpal.mp.br\/index.php?rest_route=%2Fwp%2Fv2%2Fcomments&post=49822"}],"version-history":[{"count":1,"href":"https:\/\/www.mpal.mp.br\/index.php?rest_route=\/wp\/v2\/posts\/49822\/revisions"}],"predecessor-version":[{"id":49823,"href":"https:\/\/www.mpal.mp.br\/index.php?rest_route=\/wp\/v2\/posts\/49822\/revisions\/49823"}],"wp:featuredmedia":[{"embeddable":true,"href":"https:\/\/www.mpal.mp.br\/index.php?rest_route=\/wp\/v2\/media\/29741"}],"wp:attachment":[{"href":"https:\/\/www.mpal.mp.br\/index.php?rest_route=%2Fwp%2Fv2%2Fmedia&parent=49822"}],"wp:term":[{"taxonomy":"category","embeddable":true,"href":"https:\/\/www.mpal.mp.br\/index.php?rest_route=%2Fwp%2Fv2%2Fcategories&post=49822"},{"taxonomy":"post_tag","embeddable":true,"href":"https:\/\/www.mpal.mp.br\/index.php?rest_route=%2Fwp%2Fv2%2Ftags&post=49822"}],"curies":[{"name":"wp","href":"https:\/\/api.w.org\/{rel}","templated":true}]}}