{"id":49666,"date":"2024-11-11T10:43:14","date_gmt":"2024-11-11T13:43:14","guid":{"rendered":"https:\/\/www.mpal.mp.br\/?p=49666"},"modified":"2024-11-11T10:43:14","modified_gmt":"2024-11-11T13:43:14","slug":"homem-e-condenado-a-14-anos-de-prisao-por-homicidio-ocorrido-em-2020-na-cidade-de-palestina","status":"publish","type":"post","link":"https:\/\/www.mpal.mp.br\/?p=49666","title":{"rendered":"Homem \u00e9 condenado a 14 anos de pris\u00e3o por homic\u00eddio ocorrido em 2020 na cidade de Palestina"},"content":{"rendered":"<p class=\"western\" align=\"justify\"><span style=\"font-family: helvetica, arial, sans-serif;\">Quatro anos ap\u00f3s o cometimento do crime, Bruno de Oliveira Silva foi condenado a 14 anos de pris\u00e3o, em regime inicialmente fechado, pelo assassinato de Cledson Vieira Silva, conhecido como \u201cKessinho\u201d, ocorrido em 16 de setembro de 2020, nas imedia\u00e7\u00f5es do Conjunto Habitacional Get\u00falio Vargas, na cidade de Palestina. Mesmo o r\u00e9u tendo cumprido sete meses de pris\u00e3o provis\u00f3ria, o magistrado afirmou n\u00e3o favorec\u00ea-lo para a mudan\u00e7a do regime estabelecido na senten\u00e7a.<\/span><\/p>\n<p class=\"western\" align=\"justify\"><span style=\"font-family: helvetica, arial, sans-serif;\">Conforme den\u00fancia do Minist\u00e9rio P\u00fablico de Alagoas (MPAL), o crime foi qualificado por motivo f\u00fatil, com recurso que dificultou a defesa da v\u00edtima. O Conselho de Senten\u00e7a acatou as qualificadoras, entendendo n\u00e3o haver d\u00favidas sobre a materialidade e a viol\u00eancia utilizada por Bruno Oliveira na execu\u00e7\u00e3o do seu plano. Apesar de outras pessoas investigadas, pela conclus\u00e3o do inqu\u00e9rito, comprovadamente, a a\u00e7\u00e3o criminosa teria sido cometida sem participa\u00e7\u00e3o de terceiros.<\/span><\/p>\n<p class=\"western\" align=\"justify\"><span style=\"font-family: helvetica, arial, sans-serif;\">\u201cO Minist\u00e9rio P\u00fablico cumpriu o seu papel, mostra-se com a condena\u00e7\u00e3o, mais uma vez, que a viol\u00eancia n\u00e3o compensa e aos respons\u00e1veis por sua promo\u00e7\u00e3o cabe o julgamento e condena\u00e7\u00e3o pelos seus atos criminosos. A vida \u00e9 o bem maior de qualquer cidad\u00e3o e ningu\u00e9m tem o direito de tir\u00e1-la, seja qual for a justificativa de motiva\u00e7\u00e3o. Houve uma morte, uma investiga\u00e7\u00e3o, pessoas investigadas e se chegou a autoria de fato, no caso do Bruno Oliveira\u201d, ressalta o promotor de Justi\u00e7a Ramon Formiga.<\/span><\/p>\n<p class=\"western\" align=\"justify\">\n","protected":false},"excerpt":{"rendered":"<p> [&hellip;]<\/p>\n","protected":false},"author":8,"featured_media":31900,"comment_status":"open","ping_status":"open","sticky":false,"template":"","format":"standard","meta":{"om_disable_all_campaigns":false,"_monsterinsights_skip_tracking":false,"_monsterinsights_sitenote_active":false,"_monsterinsights_sitenote_note":"","_monsterinsights_sitenote_category":0,"_uf_show_specific_survey":0,"_uf_disable_surveys":false,"footnotes":""},"categories":[2],"tags":[],"class_list":["post-49666","post","type-post","status-publish","format-standard","has-post-thumbnail","hentry","category-not_mpal"],"aioseo_notices":[],"_links":{"self":[{"href":"https:\/\/www.mpal.mp.br\/index.php?rest_route=\/wp\/v2\/posts\/49666","targetHints":{"allow":["GET"]}}],"collection":[{"href":"https:\/\/www.mpal.mp.br\/index.php?rest_route=\/wp\/v2\/posts"}],"about":[{"href":"https:\/\/www.mpal.mp.br\/index.php?rest_route=\/wp\/v2\/types\/post"}],"author":[{"embeddable":true,"href":"https:\/\/www.mpal.mp.br\/index.php?rest_route=\/wp\/v2\/users\/8"}],"replies":[{"embeddable":true,"href":"https:\/\/www.mpal.mp.br\/index.php?rest_route=%2Fwp%2Fv2%2Fcomments&post=49666"}],"version-history":[{"count":1,"href":"https:\/\/www.mpal.mp.br\/index.php?rest_route=\/wp\/v2\/posts\/49666\/revisions"}],"predecessor-version":[{"id":49667,"href":"https:\/\/www.mpal.mp.br\/index.php?rest_route=\/wp\/v2\/posts\/49666\/revisions\/49667"}],"wp:featuredmedia":[{"embeddable":true,"href":"https:\/\/www.mpal.mp.br\/index.php?rest_route=\/wp\/v2\/media\/31900"}],"wp:attachment":[{"href":"https:\/\/www.mpal.mp.br\/index.php?rest_route=%2Fwp%2Fv2%2Fmedia&parent=49666"}],"wp:term":[{"taxonomy":"category","embeddable":true,"href":"https:\/\/www.mpal.mp.br\/index.php?rest_route=%2Fwp%2Fv2%2Fcategories&post=49666"},{"taxonomy":"post_tag","embeddable":true,"href":"https:\/\/www.mpal.mp.br\/index.php?rest_route=%2Fwp%2Fv2%2Ftags&post=49666"}],"curies":[{"name":"wp","href":"https:\/\/api.w.org\/{rel}","templated":true}]}}