{"id":49643,"date":"2024-11-08T17:50:15","date_gmt":"2024-11-08T20:50:15","guid":{"rendered":"https:\/\/www.mpal.mp.br\/?p=49643"},"modified":"2024-11-08T17:54:59","modified_gmt":"2024-11-08T20:54:59","slug":"teotonio-vilela-ministerio-publico-institui-projetos-de-protecao-a-mulheres-criancas-e-adolescentes","status":"publish","type":"post","link":"https:\/\/www.mpal.mp.br\/?p=49643","title":{"rendered":"Teot\u00f4nio Vilela: Minist\u00e9rio P\u00fablico institui projetos de prote\u00e7\u00e3o a mulheres, crian\u00e7as e adolescentes"},"content":{"rendered":"<div class=\"fusion-fullwidth fullwidth-box fusion-builder-row-1 nonhundred-percent-fullwidth non-hundred-percent-height-scrolling\"  style='background-color: #ffffff;background-position: center center;background-repeat: no-repeat;padding-top:0px;padding-right:0px;padding-bottom:0px;padding-left:0px;'><div class=\"fusion-builder-row fusion-row \"><div  class=\"fusion-layout-column fusion_builder_column fusion_builder_column_1_1 fusion-builder-column-1 fusion-one-full fusion-column-first fusion-column-last 1_1\"  style='margin-top:0px;margin-bottom:0px;'>\n\t\t\t\t\t<div class=\"fusion-column-wrapper\" style=\"padding: 0px 0px 0px 0px;background-position:left top;background-repeat:no-repeat;-webkit-background-size:cover;-moz-background-size:cover;-o-background-size:cover;background-size:cover;\"   data-bg-url=\"\">\n\t\t\t\t\t\t<div class=\"fusion-text\"><p align=\"justify\"><span style=\"font-family: helvetica, arial, sans-serif;\">Usar ferramentas para inibir a cultura do estupro e da viol\u00eancia contra a mulher, garantir todos os direitos e proteger cada p\u00fablico, fazer da preven\u00e7\u00e3o o poder para esbarrar os planos dos agressores. Em Teot\u00f4nio Viela, considerando elevados os percentuais de tais crimes, o Minist\u00e9rio P\u00fablico de Alagoas acaba de instituir dois projetos, o &#8220;MP Pela Inf\u00e2ncia: prote\u00e7\u00e3o e conscientiza\u00e7\u00e3o contra o abuso&#8221; e o &#8220;MP pela Paz em Casa: educa\u00e7\u00e3o como medida preventiva&#8221;. Os projetos ser\u00e3o executados no ano letivo de 2025 nas escolas p\u00fablicas das redes estadual e municipal.<\/span><\/p>\n<p align=\"justify\"><span style=\"font-family: helvetica, arial, sans-serif;\">Para o promotor de Justi\u00e7a Magno Moura, torna-se imposs\u00edvel atingir os prop\u00f3sitos de combate a esses tipos de viol\u00eancia sem que haja uma atua\u00e7\u00e3o educativa e preventiva.<\/span><\/p>\n<p align=\"justify\"><span style=\"font-family: helvetica, arial, sans-serif;\">\u201cDeparamo-nos com um n\u00famero alarmante de inqu\u00e9ritos policiais e processos que tratam de estupro de vulner\u00e1veis, meninas de onze, doze e treze anos em uni\u00e3o marital com homens adultos e isso \u00e9 uma viola\u00e7\u00e3o grave dos direitos da crian\u00e7a do adolescente configurando crime, independentemente do consentimento dos familiares. Por outro lado enxergamos o problema da viol\u00eancia contra a mulher como algo tamb\u00e9m preocupante, e o Minist\u00e9rio P\u00fablico tem a obriga\u00e7\u00e3o de intervir e elaborar a\u00e7\u00f5es que possam mudar essa realidade\u201d, enfatiza o promotor de Justi\u00e7a.<\/span><\/p>\n<p align=\"justify\"><span style=\"font-family: helvetica, arial, sans-serif;\">Para que isso seja colocado em pr\u00e1tica, o promotor Magno Moura elencou, especificamente, um planejamento que contar\u00e1 com palestras, oficinas e campanhas educativas voltadas para as escolas e comunidades, focando as crian\u00e7as e os adolescentes, bem como pais e respons\u00e1veis.<\/span><\/p>\n<p align=\"justify\"><span style=\"font-family: helvetica, arial, sans-serif;\">\u201c\u00c9 preciso envolvermos a fam\u00edlia, porque , principalmente no interior h\u00e1 esse entendimento de que, os pais permitindo a uni\u00e3o de crian\u00e7as e adolescentes com homens mais velhos \u00e9 normal e pode. Muitas vezes eles s\u00e3o os incentivadores e as meninas podem at\u00e9 irem para o relacionamento contra a vontade, apenas porque os pais querem. E eles precisam tomar conhecimento do que diz o ECA, do que configura o estupro de vulner\u00e1vel, suas implica\u00e7\u00f5es legais e os danos psicol\u00f3gicos causados \u00e0s v\u00edtimas\u201d, afirma.<\/span><\/p>\n<p align=\"justify\"><span style=\"font-family: helvetica, arial, sans-serif;\">\u00c9 indispens\u00e1vel, segundo o promotor, incentivar o di\u00e1logo nas fam\u00edlias destacando sempre a import\u00e2ncia do respeito aos direitos das crian\u00e7as e adolescentes e sobre os perigos e ilegalidades das uni\u00f5es maritais precoces.<\/span><\/p>\n<p align=\"justify\"><span style=\"font-family: helvetica, arial, sans-serif;\">De igual modo, Magno Moura acredita ser a educa\u00e7\u00e3o um instrumento fundamental para se constituir uma cultura de paz e a preven\u00e7\u00e3o de pr\u00e1ticas violentas, especialmente no meio familiar, evitando que a mulher seja v\u00edtima das diversas formas de viol\u00eancia.<\/span><\/p>\n<p align=\"justify\"><span style=\"font-family: helvetica, arial, sans-serif;\">\u201cEm rela\u00e7\u00e3o \u00e0 viol\u00eancia dom\u00e9stica e familiar contra a mulher precisamos pormenorizar o que caracteriza, inclusive explicando que n\u00e3o \u00e9 somente a f\u00edsica e quais as consequ\u00eancias jur\u00eddicas para o agressor. Mostrar as sequelas deixadas, como \u00e9 afetado o fator psicoemocional da v\u00edtima e como tudo se estende aos filhos. Em tempo, n\u00e3o podemos deixar de estimular a reflex\u00e3o e a conscientiza\u00e7\u00e3o sobre os preju\u00edzos que essa viol\u00eancia causa\u201d.<\/span><\/p>\n<p align=\"justify\">A atua\u00e7\u00e3o do Minist\u00e9rio P\u00fablico \u00e9 com o intuito de garantir os direitos fundamentais de crian\u00e7as e adolescentes, bem como da mulher de viverem sem viol\u00eancia, conforme o determinado na Constitui\u00e7\u00e3o Federal.<\/p>\n<p align=\"justify\"><span style=\"font-family: helvetica, arial, sans-serif;\">Como parceiros e multiplicadores para a execu\u00e7\u00e3o dos dois projetos, o Minist\u00e9rio P\u00fablico pretende capacitar os professores para que sejam multiplicadores nessa cultura de paz, levando informa\u00e7\u00f5es precisas e esclarecedoras tanto para o cotidiano escolar como para as fam\u00edlias dos seus alunos.<\/span><\/p>\n<p align=\"justify\"><span style=\"font-family: helvetica, arial, sans-serif;\">A previs\u00e3o \u00e9 a de que as atividades do projeto devem ser iniciadas dentro de 60 dias , a contar da data do despacho, tendo continuidade ao longo do ano letivo. No decorrer haver\u00e1 acompanhamento e avalia\u00e7\u00e3o sendo elaborados relat\u00f3rios trimestrais sobre a execu\u00e7\u00e3o dos respectivos projetos, contendo resultados alcan\u00e7ados e propostas de aprimoramento.<\/span><\/p>\n<\/div><style type=\"text\/css\">.fusion-gallery-1 .fusion-gallery-image {border:0px solid #f6f6f6;-webkit-border-radius:5px;-moz-border-radius:5px;border-radius:5px;}<\/style><div class=\"fusion-gallery fusion-gallery-container fusion-grid-3 fusion-columns-total-0 fusion-gallery-layout-grid fusion-gallery-1\" style=\"margin:-5px;\"><div style=\"padding:5px;\" class=\"fusion-grid-column fusion-gallery-column fusion-gallery-column-3 hover-type-none\"><div class=\"fusion-gallery-image\"><a href=\"https:\/\/www.mpal.mp.br\/wp-content\/uploads\/2024\/11\/magno3.jpeg\" rel=\"noreferrer\" data-rel=\"iLightbox[gallery_image_1]\" class=\"fusion-lightbox\" target=\"_self\"><img loading=\"lazy\" decoding=\"async\" src=\"https:\/\/www.mpal.mp.br\/wp-content\/uploads\/2024\/11\/magno3.jpeg\" width=\"1600\" height=\"900\" alt=\"\" title=\"magno3\" aria-label=\"magno3\" class=\"img-responsive wp-image-49646\" \/><\/a><\/div><\/div><div style=\"padding:5px;\" class=\"fusion-grid-column fusion-gallery-column fusion-gallery-column-3 hover-type-none\"><div class=\"fusion-gallery-image\"><a href=\"https:\/\/www.mpal.mp.br\/wp-content\/uploads\/2024\/11\/magno2.jpeg\" rel=\"noreferrer\" data-rel=\"iLightbox[gallery_image_1]\" class=\"fusion-lightbox\" target=\"_self\"><img loading=\"lazy\" decoding=\"async\" src=\"https:\/\/www.mpal.mp.br\/wp-content\/uploads\/2024\/11\/magno2.jpeg\" width=\"1600\" height=\"900\" alt=\"\" title=\"magno2\" aria-label=\"magno2\" class=\"img-responsive wp-image-49645\" \/><\/a><\/div><\/div><div style=\"padding:5px;\" class=\"fusion-grid-column fusion-gallery-column fusion-gallery-column-3 hover-type-none\"><div class=\"fusion-gallery-image\"><a href=\"https:\/\/www.mpal.mp.br\/wp-content\/uploads\/2024\/11\/magno.jpeg\" rel=\"noreferrer\" data-rel=\"iLightbox[gallery_image_1]\" class=\"fusion-lightbox\" target=\"_self\"><img loading=\"lazy\" decoding=\"async\" src=\"https:\/\/www.mpal.mp.br\/wp-content\/uploads\/2024\/11\/magno.jpeg\" width=\"1600\" height=\"900\" alt=\"\" title=\"magno\" aria-label=\"magno\" class=\"img-responsive wp-image-49644\" \/><\/a><\/div><\/div><div class=\"clearfix\"><\/div><\/div><div class=\"fusion-clearfix\"><\/div>\n\n\t\t\t\t\t<\/div>\n\t\t\t\t<\/div><\/div><\/div>\n","protected":false},"excerpt":{"rendered":"","protected":false},"author":8,"featured_media":49647,"comment_status":"open","ping_status":"open","sticky":false,"template":"","format":"standard","meta":{"om_disable_all_campaigns":false,"_monsterinsights_skip_tracking":false,"_monsterinsights_sitenote_active":false,"_monsterinsights_sitenote_note":"","_monsterinsights_sitenote_category":0,"_uf_show_specific_survey":0,"_uf_disable_surveys":false,"footnotes":""},"categories":[2],"tags":[],"class_list":["post-49643","post","type-post","status-publish","format-standard","has-post-thumbnail","hentry","category-not_mpal"],"aioseo_notices":[],"_links":{"self":[{"href":"https:\/\/www.mpal.mp.br\/index.php?rest_route=\/wp\/v2\/posts\/49643","targetHints":{"allow":["GET"]}}],"collection":[{"href":"https:\/\/www.mpal.mp.br\/index.php?rest_route=\/wp\/v2\/posts"}],"about":[{"href":"https:\/\/www.mpal.mp.br\/index.php?rest_route=\/wp\/v2\/types\/post"}],"author":[{"embeddable":true,"href":"https:\/\/www.mpal.mp.br\/index.php?rest_route=\/wp\/v2\/users\/8"}],"replies":[{"embeddable":true,"href":"https:\/\/www.mpal.mp.br\/index.php?rest_route=%2Fwp%2Fv2%2Fcomments&post=49643"}],"version-history":[{"count":3,"href":"https:\/\/www.mpal.mp.br\/index.php?rest_route=\/wp\/v2\/posts\/49643\/revisions"}],"predecessor-version":[{"id":49650,"href":"https:\/\/www.mpal.mp.br\/index.php?rest_route=\/wp\/v2\/posts\/49643\/revisions\/49650"}],"wp:featuredmedia":[{"embeddable":true,"href":"https:\/\/www.mpal.mp.br\/index.php?rest_route=\/wp\/v2\/media\/49647"}],"wp:attachment":[{"href":"https:\/\/www.mpal.mp.br\/index.php?rest_route=%2Fwp%2Fv2%2Fmedia&parent=49643"}],"wp:term":[{"taxonomy":"category","embeddable":true,"href":"https:\/\/www.mpal.mp.br\/index.php?rest_route=%2Fwp%2Fv2%2Fcategories&post=49643"},{"taxonomy":"post_tag","embeddable":true,"href":"https:\/\/www.mpal.mp.br\/index.php?rest_route=%2Fwp%2Fv2%2Ftags&post=49643"}],"curies":[{"name":"wp","href":"https:\/\/api.w.org\/{rel}","templated":true}]}}