{"id":49638,"date":"2024-11-08T13:47:10","date_gmt":"2024-11-08T16:47:10","guid":{"rendered":"https:\/\/www.mpal.mp.br\/?p=49638"},"modified":"2024-11-08T13:49:10","modified_gmt":"2024-11-08T16:49:10","slug":"ministerio-publico-instaura-noticia-de-fato-e-apura-concessoes-de-licencas-para-construcao-de-edificios-no-litoral-norte","status":"publish","type":"post","link":"https:\/\/www.mpal.mp.br\/?p=49638","title":{"rendered":"Minist\u00e9rio P\u00fablico instaura Not\u00edcia de fato e apura concess\u00f5es de licen\u00e7as para constru\u00e7\u00e3o de edif\u00edcios no Litoral Norte"},"content":{"rendered":"<p class=\"western\" style=\"text-align: justify;\" align=\"justify\"><span style=\"font-family: helvetica, arial, sans-serif;\">Ap\u00f3s o recebimento de den\u00fancias e representa\u00e7\u00e3o feita pela Associa\u00e7\u00e3o de Moradores dos loteamentos Gurguri e Guaxuma (AMMGG), o Minist\u00e9rio P\u00fablico de Alagoas, por meio da 66\u00aa Promotoria de Justi\u00e7a de Urbanismo, oficiou o Munic\u00edpio de Macei\u00f3 preste informa\u00e7\u00f5es sobre o procedimento de licenciamento para a edifica\u00e7\u00e3o do Sunset Empreendimento Imobili\u00e1rio SPE Ltda, cuja obra est\u00e1 prevista para ser executada nas ruas Padre Odilon Lobo e Rua da Praia, ambas no bairro de Guaxuma. Foi dado um prazo de 15 dias, a partir dessa quinta-feira (7), para a Secretaria Municipal de meio Ambiente e Urbanismo (Semurb) se manifestar.<\/span><\/p>\n<p class=\"western\" style=\"text-align: justify;\" align=\"justify\"><span style=\"font-family: helvetica, arial, sans-serif;\">O promotor de Justi\u00e7a de Urbanismo, Jorge D\u00f3ria, afirma que \u00e9 preciso haver um licenciamento que n\u00e3o cause danos \u00e0 sociedade.<\/span><\/p>\n<p class=\"western\" style=\"text-align: justify;\" align=\"justify\"><span style=\"font-family: helvetica, arial, sans-serif;\">\u201cTemos constatado o avan\u00e7o de grandes empreendimentos no LT, o que causa preocupa\u00e7\u00e3o dos moradores da regi\u00e3o. Recebemos representa\u00e7\u00f5es e decidimos acionar o Munic\u00edpio de Macei\u00f3 . O<\/span><\/p>\n<p class=\"western\" style=\"text-align: justify;\" align=\"justify\"><span style=\"font-family: helvetica, arial, sans-serif;\">O MP entende que na an\u00e1lise para a concess\u00e3o das licen\u00e7as sejam observadas quest\u00f5es que t\u00eam sido ignoradas. H\u00e1 um Plano Diretor existente que \u00e9 antigo, de 2005, permitindo que na regi\u00e3o podem construir edif\u00edcios de at\u00e9 30 andares. Enquanto o C\u00f3digo de urbanismo \u00e9 de 2007. No entanto, enquanto n\u00e3o \u00e9 elaborado um novo plano diretor, a nossa tese \u00e9 a de que os estudos sejam feitos com mais apura\u00e7\u00e3o, destacando o impacto na vizinhan\u00e7a e ambiental mais apurado, observar a quest\u00e3o de mobilidade, tamb\u00e9m a do sombreamento\u201d, declara o promotor Jorge D\u00f3ria.<\/span><\/p>\n<p class=\"western\" style=\"text-align: justify;\" align=\"justify\"><span style=\"font-family: helvetica, arial, sans-serif;\">O Minist\u00e9rio P\u00fablico ressalta que \u00e9 preciso haver revis\u00e3o das normas e, momentaneamente, o Munic\u00edpio entender que a an\u00e1lise das concess\u00f5es para a constru\u00e7\u00e3o de grandes edif\u00edcios n\u00e3o podem ser as mesmas adotadas para constru\u00e7\u00f5es baixas, a exemplo de casas.<\/span><\/p>\n<p class=\"western\" style=\"text-align: justify;\" align=\"justify\"><span style=\"font-family: helvetica, arial, sans-serif;\">\u201cO espa\u00e7o ao qual nos referimos exige preserva\u00e7\u00e3o ambiental e urban\u00edstica , logo nenhuma edifica\u00e7\u00e3o pode ser erguida atropelando a paisagem natural, o controle do adensamento e da verticaliza\u00e7\u00e3o, a mobilidade urbana, permeabilidade do solo, tampouco o sossego alheio\u201d, conclui o membro ministerial.<\/span><\/p>\n<p class=\"western\" style=\"text-align: justify;\" align=\"left\"><span style=\"font-family: helvetica, arial, sans-serif;\">Segundo a den\u00fancia, apesar de possuir licen\u00e7a ambiental e urban\u00edstica da Prefeitura de Macei\u00f3 h\u00e1 falhas consideradas graves no procedimento administrativo de autoriza\u00e7\u00e3o, colocando em risco o meio ambiente natural e artificial da regi\u00e3o.<\/span><\/p>\n","protected":false},"excerpt":{"rendered":"<p> [&hellip;]<\/p>\n","protected":false},"author":8,"featured_media":29741,"comment_status":"open","ping_status":"open","sticky":false,"template":"","format":"standard","meta":{"om_disable_all_campaigns":false,"_monsterinsights_skip_tracking":false,"_monsterinsights_sitenote_active":false,"_monsterinsights_sitenote_note":"","_monsterinsights_sitenote_category":0,"_uf_show_specific_survey":0,"_uf_disable_surveys":false,"footnotes":""},"categories":[2],"tags":[],"class_list":["post-49638","post","type-post","status-publish","format-standard","has-post-thumbnail","hentry","category-not_mpal"],"aioseo_notices":[],"_links":{"self":[{"href":"https:\/\/www.mpal.mp.br\/index.php?rest_route=\/wp\/v2\/posts\/49638","targetHints":{"allow":["GET"]}}],"collection":[{"href":"https:\/\/www.mpal.mp.br\/index.php?rest_route=\/wp\/v2\/posts"}],"about":[{"href":"https:\/\/www.mpal.mp.br\/index.php?rest_route=\/wp\/v2\/types\/post"}],"author":[{"embeddable":true,"href":"https:\/\/www.mpal.mp.br\/index.php?rest_route=\/wp\/v2\/users\/8"}],"replies":[{"embeddable":true,"href":"https:\/\/www.mpal.mp.br\/index.php?rest_route=%2Fwp%2Fv2%2Fcomments&post=49638"}],"version-history":[{"count":2,"href":"https:\/\/www.mpal.mp.br\/index.php?rest_route=\/wp\/v2\/posts\/49638\/revisions"}],"predecessor-version":[{"id":49640,"href":"https:\/\/www.mpal.mp.br\/index.php?rest_route=\/wp\/v2\/posts\/49638\/revisions\/49640"}],"wp:featuredmedia":[{"embeddable":true,"href":"https:\/\/www.mpal.mp.br\/index.php?rest_route=\/wp\/v2\/media\/29741"}],"wp:attachment":[{"href":"https:\/\/www.mpal.mp.br\/index.php?rest_route=%2Fwp%2Fv2%2Fmedia&parent=49638"}],"wp:term":[{"taxonomy":"category","embeddable":true,"href":"https:\/\/www.mpal.mp.br\/index.php?rest_route=%2Fwp%2Fv2%2Fcategories&post=49638"},{"taxonomy":"post_tag","embeddable":true,"href":"https:\/\/www.mpal.mp.br\/index.php?rest_route=%2Fwp%2Fv2%2Ftags&post=49638"}],"curies":[{"name":"wp","href":"https:\/\/api.w.org\/{rel}","templated":true}]}}