{"id":49630,"date":"2024-11-08T11:53:01","date_gmt":"2024-11-08T14:53:01","guid":{"rendered":"https:\/\/www.mpal.mp.br\/?p=49630"},"modified":"2024-11-08T11:53:01","modified_gmt":"2024-11-08T14:53:01","slug":"apos-acao-do-mpal-municipio-de-arapiraca-se-compromete-a-recompor-repasse-de-recursos-da-educacao-suspensos-em-razao-da-pandemia","status":"publish","type":"post","link":"https:\/\/www.mpal.mp.br\/?p=49630","title":{"rendered":"Ap\u00f3s a\u00e7\u00e3o do MPAL, munic\u00edpio de Arapiraca se compromete a recompor repasse de recursos da Educa\u00e7\u00e3o suspensos em raz\u00e3o da pandemia"},"content":{"rendered":"<p style=\"text-align: justify;\">O Minist\u00e9rio P\u00fablico do Estado de Alagoas (MPAL) ajuizou uma a\u00e7\u00e3o civil p\u00fablica para que o Munic\u00edpio de Arapiraca cumprisse a Emenda Constitucional (EC) n\u00ba 119\/2022. A norma estabeleceu que, em decorr\u00eancia da pandemia de Covid-19, os entes federados e os agentes p\u00fablicos n\u00e3o poderiam ser responsabilizados pelo descumprimento do artigo 212 da Constitui\u00e7\u00e3o Federal nos exerc\u00edcios financeiros de 2020 e 2021, desde que fizessem uma programa\u00e7\u00e3o or\u00e7ament\u00e1ria para a recomposi\u00e7\u00e3o do repasse m\u00ednimo de 25% da receita municipal para a \u00e1rea da Educa\u00e7\u00e3o at\u00e9 2023. No decorrer do tr\u00e2mite processual, a prefeitura apresentou um calend\u00e1rio prevendo essas transfer\u00eancias, comprometendo-se a executar todo o repasse devido at\u00e9 o ano de 2026.<\/p>\n<p style=\"text-align: justify;\">Na a\u00e7\u00e3o, a 10\u00aa Promotoria de Justi\u00e7a de Arapiraca e o N\u00facleo de Defesa da Educa\u00e7\u00e3o do MPAL pediram o bloqueio de R$ 16,7 milh\u00f5es das contas do munic\u00edpio at\u00e9 houvesse o planejamento de recomposi\u00e7\u00e3o dos valores que deveriam ter sido aplicados na manuten\u00e7\u00e3o e desenvolvimento do ensino. Pela EC n\u00ba 119\/2022, esse prazo terminaria em 2023, no entanto, a prefeitura n\u00e3o apresentou o calend\u00e1rio para a devida regulariza\u00e7\u00e3o no ano passado.<\/p>\n<p style=\"text-align: justify;\">Com o ajuizamento da ACP, a pedido do Minist\u00e9rio P\u00fablico, o munic\u00edpio foi obrigado a abrir uma conta espec\u00edfica que receber\u00e1 exclusivamente esses valores e a apresentar um cronograma para a recomposi\u00e7\u00e3o da verba devida, o que ocorrer\u00e1 at\u00e9 o ano de 2026. As transfer\u00eancias ser\u00e3o regulares e mensais at\u00e9 que seja conclu\u00eddo todo o montante devido.<\/p>\n<p style=\"text-align: justify;\">\nA EC 19\/22 acrescentou o artigo 119 ao Ato das Disposi\u00e7\u00f5es Constitucionais Transit\u00f3rias (ADCT) da Constitui\u00e7\u00e3o Federal de 1988. Em s\u00edntese, essa emenda afastou a aplica\u00e7\u00e3o de quaisquer penalidades, san\u00e7\u00f5es ou restri\u00e7\u00f5es aos estados, ao Distrito Federal, munic\u00edpios e aos agentes p\u00fablicos pelo descumprimento, nos exerc\u00edcios financeiros de 2020 e 2021, do repasse obrigat\u00f3rio de 25% do or\u00e7amento para a Educa\u00e7\u00e3o. \u00c9 a CF que estabelece, em seu artigo 212, que os entes federados devem aplicar esse m\u00ednimo 25% da sua receita nessa \u00e1rea espec\u00edfica.<\/p>\n","protected":false},"excerpt":{"rendered":"<p> [&hellip;]<\/p>\n","protected":false},"author":10,"featured_media":35339,"comment_status":"open","ping_status":"open","sticky":false,"template":"","format":"standard","meta":{"om_disable_all_campaigns":false,"_monsterinsights_skip_tracking":false,"_monsterinsights_sitenote_active":false,"_monsterinsights_sitenote_note":"","_monsterinsights_sitenote_category":0,"_uf_show_specific_survey":0,"_uf_disable_surveys":false,"footnotes":""},"categories":[2],"tags":[],"class_list":["post-49630","post","type-post","status-publish","format-standard","has-post-thumbnail","hentry","category-not_mpal"],"aioseo_notices":[],"_links":{"self":[{"href":"https:\/\/www.mpal.mp.br\/index.php?rest_route=\/wp\/v2\/posts\/49630","targetHints":{"allow":["GET"]}}],"collection":[{"href":"https:\/\/www.mpal.mp.br\/index.php?rest_route=\/wp\/v2\/posts"}],"about":[{"href":"https:\/\/www.mpal.mp.br\/index.php?rest_route=\/wp\/v2\/types\/post"}],"author":[{"embeddable":true,"href":"https:\/\/www.mpal.mp.br\/index.php?rest_route=\/wp\/v2\/users\/10"}],"replies":[{"embeddable":true,"href":"https:\/\/www.mpal.mp.br\/index.php?rest_route=%2Fwp%2Fv2%2Fcomments&post=49630"}],"version-history":[{"count":1,"href":"https:\/\/www.mpal.mp.br\/index.php?rest_route=\/wp\/v2\/posts\/49630\/revisions"}],"predecessor-version":[{"id":49631,"href":"https:\/\/www.mpal.mp.br\/index.php?rest_route=\/wp\/v2\/posts\/49630\/revisions\/49631"}],"wp:featuredmedia":[{"embeddable":true,"href":"https:\/\/www.mpal.mp.br\/index.php?rest_route=\/wp\/v2\/media\/35339"}],"wp:attachment":[{"href":"https:\/\/www.mpal.mp.br\/index.php?rest_route=%2Fwp%2Fv2%2Fmedia&parent=49630"}],"wp:term":[{"taxonomy":"category","embeddable":true,"href":"https:\/\/www.mpal.mp.br\/index.php?rest_route=%2Fwp%2Fv2%2Fcategories&post=49630"},{"taxonomy":"post_tag","embeddable":true,"href":"https:\/\/www.mpal.mp.br\/index.php?rest_route=%2Fwp%2Fv2%2Ftags&post=49630"}],"curies":[{"name":"wp","href":"https:\/\/api.w.org\/{rel}","templated":true}]}}