{"id":49582,"date":"2024-11-07T13:20:32","date_gmt":"2024-11-07T16:20:32","guid":{"rendered":"https:\/\/www.mpal.mp.br\/?p=49582"},"modified":"2024-11-07T13:40:58","modified_gmt":"2024-11-07T16:40:58","slug":"plid-mpal-e-destaque-em-eficiencia-e-resolutividade-em-encontro-nacional","status":"publish","type":"post","link":"https:\/\/www.mpal.mp.br\/?p=49582","title":{"rendered":"PLID\/MPAL \u00e9 destaque em efici\u00eancia e resolutividade em encontro nacional"},"content":{"rendered":"<div class=\"fusion-fullwidth fullwidth-box fusion-builder-row-1 nonhundred-percent-fullwidth non-hundred-percent-height-scrolling\"  style='background-color: #ffffff;background-position: center center;background-repeat: no-repeat;padding-top:0px;padding-right:0px;padding-bottom:0px;padding-left:0px;'><div class=\"fusion-builder-row fusion-row \"><div  class=\"fusion-layout-column fusion_builder_column fusion_builder_column_1_1 fusion-builder-column-1 fusion-one-full fusion-column-first fusion-column-last 1_1\"  style='margin-top:0px;margin-bottom:0px;'>\n\t\t\t\t\t<div class=\"fusion-column-wrapper\" style=\"padding: 0px 0px 0px 0px;background-position:left top;background-repeat:no-repeat;-webkit-background-size:cover;-moz-background-size:cover;-o-background-size:cover;background-size:cover;\"   data-bg-url=\"\">\n\t\t\t\t\t\t<div class=\"fusion-text\"><p class=\"western\" align=\"justify\"><span style=\"font-family: helvetica, arial, sans-serif; font-size: 12pt;\">Aprofundar di\u00e1logos sobre a efetiva\u00e7\u00e3o da pol\u00edtica nacional de busca imediata de pessoas desparecidas, discutir temas importantes que resultem no aperfei\u00e7oamento da atua\u00e7\u00e3o do Programa de Localiza\u00e7\u00e3o e Identifica\u00e7\u00e3o de Desaparecidos (PLID) em todos os estados brasileiros. Este foi o foco do III Encontro do SINALID \u2013 Sistema Nacional de Localiza\u00e7\u00e3o e Identifica\u00e7\u00e3o de Desaparecidos, sob a gest\u00e3o da Comiss\u00e3o de Defesa dos Direitos Fundamentais (CDDF), integrante do Conselho Nacional do Minist\u00e9rio P\u00fablico (CNMP), ocorrido nessa ter\u00e7a-feira (05.11.24), em Bras\u00edlia, que contou com a participa\u00e7\u00e3o da promotora de Justi\u00e7a, integrante do Comit\u00ea Nacional do SINALID\/CNMP e coordenadora do PLID\/AL, Marluce Falc\u00e3o, como palestrante.<\/span><\/p>\n<p class=\"western\" align=\"justify\"><span style=\"font-family: helvetica, arial, sans-serif; font-size: 12pt;\">Durante todo o dia do evento, temas importantes como \u201c(Re) desaparecimento ou desaparecimento administrativo, como evitar que as pessoas desapare\u00e7am nas burocracias do Estado\u201d, \u201cDesafios para Minist\u00e9rio P\u00fablico\u201d e as oficinas \u201c\u00d3bitos e desaparecidos\u201d e a Rede de busca (institucionaliza\u00e7\u00e3o, desinstitucionaliza\u00e7\u00e3o, reinser\u00e7\u00e3o social e desaparecimento) foram apresentados e debatidos com o objetivo de aperfei\u00e7oar atua\u00e7\u00e3o em todo Brasil dos PLIDs, unificando protocolos e definindo, conforme a realidade local, o modelo de forma\u00e7\u00e3o e atua\u00e7\u00e3o da rede de busca de desaparecidos.<\/span><\/p>\n<p class=\"western\" align=\"justify\"><span style=\"font-family: helvetica, arial, sans-serif; font-size: 12pt;\">A promotora de Justi\u00e7a Marluce Falc\u00e3o, que participou como mediadora da Oficina 2 &#8211; Rede de busca (institucionaliza\u00e7\u00e3o, desinstitucionaliza\u00e7\u00e3o, reinser\u00e7\u00e3o social e desaparecimento, com os promotores de Justi\u00e7a Roberta Rosa Ribeiro (PLID\/RJ) e Hugo Porto (PLID\/CE), apresentou a experi\u00eancia exitosa da Rede de Busca Imediata do PLID\/AL, ressaltando a import\u00e2ncia da atua\u00e7\u00e3o em rede e a relev\u00e2ncia do servi\u00e7o desenvolvido perante a sociedade na prec\u00edpua miss\u00e3o do Minist\u00e9rio P\u00fablico, em assegurar diretos fundamentais. Neste sentido, Marluce Falc\u00e3o ressalta:<\/span><\/p>\n<p class=\"western\" align=\"justify\"><span style=\"font-family: helvetica, arial, sans-serif;\">\u201cO <span style=\"font-size: medium;\">terceiro encontro nacional do Sinalid <\/span> reuniu em Bras\u00edlia os PLIDs de 22 estados da Federa\u00e7\u00e3o, proporcionando trocas de experi\u00eancias e boas pr\u00e1ticas, sendo destaque a <span style=\"font-size: medium;\">rede de busca imediata do <\/span> PLIDAL. Na oportunidade, discorremos acerca da estrutura e protocolos de atua\u00e7\u00e3o em rede, compartilhando experi\u00eancias e resultados positivos inspiradores. Importantes exposi\u00e7\u00f5es foram apresentadas por autoridades no assunto, sendo recebidos os novos integrantes do Comit\u00ea Nacional do S<span style=\"font-size: medium;\">inalid<\/span>, conforme Portaria CNMP-PRESI n.258, de agosto de 2023, que passam a atuar em seus estados na operacionaliza\u00e7\u00e3o da plataforma S<span style=\"font-size: medium;\">inalid<\/span> e na efetiva\u00e7\u00e3o da rede de busca de pessoas desparecidas.\u201d <\/span><\/p>\n<p class=\"western\" align=\"justify\"><span style=\"font-family: helvetica, arial, sans-serif;\">Hoje o S<span style=\"font-size: medium;\">inalid<\/span> consta com 103.115 mil registros de pessoas desparecidas no Brasil, sendo finalizadas 25.373, estando sob investiga\u00e7\u00e3o 77.644,<b> <\/b>o que demonstra a urg\u00eancia na atua\u00e7\u00e3o eficiente em rede, na busca da pessoa desaparecida, principalmente, dos \u00f3rg\u00e3os de seguran\u00e7a p\u00fablica estaduais e federal, unidades de sa\u00fade, assist\u00eancia social, conselhos de direitos, sociedade civil organizada, dentre outros importantes \u00f3rg\u00e3os que venham a somar nessa miss\u00e3o, destacando a importante parceria com os \u00f3rg\u00e3os de imprensa e a sociedade.<\/span><\/p>\n<p class=\"western\" align=\"justify\"><span style=\"font-family: helvetica, arial, sans-serif;\">Na v\u00e9spera do encontro promovido pelo CNMP, a coordenadora do PLID\/AL esteve mobilizando toda a rede na tentativa de encontrar uma crian\u00e7a e uma adolescente que haviam desaparecido na madrugada do domingo (3). De Bras\u00edlia, Marluce Falc\u00e3o coordenava a busca junto aos \u00f3rg\u00e3os que integram o PLID\/AL, monitorando as a\u00e7\u00f5es desencadeadas e, gra\u00e7as \u00e0 soma de esfor\u00e7os, as meninas foram encontradas e devolvidas aos seus familiares ainda na tarde do dia 5, tornando-se um exemplo real no evento do SIMALID\/CNMP, confirmando a import\u00e2ncia do trabalho em rede, que contou com o apoio da imprensa local e da sociedade em geral, possibilitando o resgate de duas menores. <\/span><\/p>\n<p class=\"western\" align=\"justify\"><span style=\"font-family: helvetica, arial, sans-serif;\">As meninas j\u00e1 se dirigiam a outro estado quando foram abordadas pelo PLID\/AL, que contou com a r\u00e1pida atua\u00e7\u00e3o da PRF, do Promotor Denis Guimar\u00e3es, que integram o Plid\/MPAL e do Promotor Gustavo Arns, da Promotoria da Inf\u00e2ncia da Capital, os quais convocaram os respectivos Conselhos Tutelares para o resgates das menores, que foram entregues as suas fam\u00edlias.<\/span><\/p>\n<p align=\"justify\">Para relembrar a localiza\u00e7\u00e3o das meninas e retorno para casa, <a href=\"https:\/\/www.mpal.mp.br\/?p=49534\"><strong>clique aqui:<\/strong><\/a><\/p>\n<\/div><style type=\"text\/css\">.fusion-gallery-1 .fusion-gallery-image {border:0px solid #f6f6f6;-webkit-border-radius:5px;-moz-border-radius:5px;border-radius:5px;}<\/style><div class=\"fusion-gallery fusion-gallery-container fusion-grid-3 fusion-columns-total-0 fusion-gallery-layout-grid fusion-gallery-1\" style=\"margin:-5px;\"><div style=\"padding:5px;\" class=\"fusion-grid-column fusion-gallery-column fusion-gallery-column-3 hover-type-none\"><div class=\"fusion-gallery-image\"><a href=\"https:\/\/www.mpal.mp.br\/wp-content\/uploads\/2024\/11\/1df5e3c9-40cf-4482-a5f0-1155daa47576.jpeg\" rel=\"noreferrer\" data-rel=\"iLightbox[gallery_image_1]\" class=\"fusion-lightbox\" target=\"_self\"><img loading=\"lazy\" decoding=\"async\" src=\"https:\/\/www.mpal.mp.br\/wp-content\/uploads\/2024\/11\/1df5e3c9-40cf-4482-a5f0-1155daa47576.jpeg\" width=\"1600\" height=\"1200\" alt=\"\" title=\"1df5e3c9-40cf-4482-a5f0-1155daa47576\" aria-label=\"1df5e3c9-40cf-4482-a5f0-1155daa47576\" class=\"img-responsive wp-image-49594\" \/><\/a><\/div><\/div><div style=\"padding:5px;\" class=\"fusion-grid-column fusion-gallery-column fusion-gallery-column-3 hover-type-none\"><div class=\"fusion-gallery-image\"><a href=\"https:\/\/www.mpal.mp.br\/wp-content\/uploads\/2024\/11\/17492aee-1d9c-4988-9d5d-92d148396195.jpeg\" rel=\"noreferrer\" data-rel=\"iLightbox[gallery_image_1]\" class=\"fusion-lightbox\" target=\"_self\"><img loading=\"lazy\" decoding=\"async\" src=\"https:\/\/www.mpal.mp.br\/wp-content\/uploads\/2024\/11\/17492aee-1d9c-4988-9d5d-92d148396195.jpeg\" width=\"1280\" height=\"731\" alt=\"\" title=\"17492aee-1d9c-4988-9d5d-92d148396195\" aria-label=\"17492aee-1d9c-4988-9d5d-92d148396195\" class=\"img-responsive wp-image-49595\" \/><\/a><\/div><\/div><\/div><div class=\"fusion-clearfix\"><\/div>\n\n\t\t\t\t\t<\/div>\n\t\t\t\t<\/div><\/div><\/div>\n","protected":false},"excerpt":{"rendered":"","protected":false},"author":8,"featured_media":49595,"comment_status":"open","ping_status":"open","sticky":false,"template":"","format":"standard","meta":{"om_disable_all_campaigns":false,"_monsterinsights_skip_tracking":false,"_monsterinsights_sitenote_active":false,"_monsterinsights_sitenote_note":"","_monsterinsights_sitenote_category":0,"_uf_show_specific_survey":0,"_uf_disable_surveys":false,"footnotes":""},"categories":[2],"tags":[],"class_list":["post-49582","post","type-post","status-publish","format-standard","has-post-thumbnail","hentry","category-not_mpal"],"aioseo_notices":[],"_links":{"self":[{"href":"https:\/\/www.mpal.mp.br\/index.php?rest_route=\/wp\/v2\/posts\/49582","targetHints":{"allow":["GET"]}}],"collection":[{"href":"https:\/\/www.mpal.mp.br\/index.php?rest_route=\/wp\/v2\/posts"}],"about":[{"href":"https:\/\/www.mpal.mp.br\/index.php?rest_route=\/wp\/v2\/types\/post"}],"author":[{"embeddable":true,"href":"https:\/\/www.mpal.mp.br\/index.php?rest_route=\/wp\/v2\/users\/8"}],"replies":[{"embeddable":true,"href":"https:\/\/www.mpal.mp.br\/index.php?rest_route=%2Fwp%2Fv2%2Fcomments&post=49582"}],"version-history":[{"count":4,"href":"https:\/\/www.mpal.mp.br\/index.php?rest_route=\/wp\/v2\/posts\/49582\/revisions"}],"predecessor-version":[{"id":49599,"href":"https:\/\/www.mpal.mp.br\/index.php?rest_route=\/wp\/v2\/posts\/49582\/revisions\/49599"}],"wp:featuredmedia":[{"embeddable":true,"href":"https:\/\/www.mpal.mp.br\/index.php?rest_route=\/wp\/v2\/media\/49595"}],"wp:attachment":[{"href":"https:\/\/www.mpal.mp.br\/index.php?rest_route=%2Fwp%2Fv2%2Fmedia&parent=49582"}],"wp:term":[{"taxonomy":"category","embeddable":true,"href":"https:\/\/www.mpal.mp.br\/index.php?rest_route=%2Fwp%2Fv2%2Fcategories&post=49582"},{"taxonomy":"post_tag","embeddable":true,"href":"https:\/\/www.mpal.mp.br\/index.php?rest_route=%2Fwp%2Fv2%2Ftags&post=49582"}],"curies":[{"name":"wp","href":"https:\/\/api.w.org\/{rel}","templated":true}]}}