{"id":49545,"date":"2024-11-05T16:26:27","date_gmt":"2024-11-05T19:26:27","guid":{"rendered":"https:\/\/www.mpal.mp.br\/?p=49545"},"modified":"2024-11-05T16:26:27","modified_gmt":"2024-11-05T19:26:27","slug":"cacimbinhas-mp-pede-pena-maxima-para-guarda-municipal-acusado-de-homicidio-juri-sera-nesta-quarta-feira-6","status":"publish","type":"post","link":"https:\/\/www.mpal.mp.br\/?p=49545","title":{"rendered":"Cacimbinhas: MP pede pena m\u00e1xima para guarda municipal acusado de homic\u00eddio; j\u00fari ser\u00e1 nesta quarta-feira (6)"},"content":{"rendered":"<p class=\"western\" align=\"justify\"><span style=\"font-family: helvetica, arial, sans-serif;\">Possessividade, ci\u00fame doentio e desconfian\u00e7a descabida, estes seriam os motivos pelos quais o guarda municipal Jos\u00e9 L\u00facio da Concei\u00e7\u00e3o, conhecido como \u201cbai\u00e3o\u201d, ceifou a vida do comerciante Dorgival Barros de Ara\u00fajo, conhecido na cidade como \u201cDoge\u201d, no dia 5 de fevereiro de 2022, no munic\u00edpio de Cacimbinhas. O Minist\u00e9rio P\u00fablico de Alagoas (MPAL) fez a den\u00fancia e pede sua condena\u00e7\u00e3o pelas qualificadoras de motivo torpe e recurso que impossibilitou a defesa da v\u00edtima.<\/span><\/p>\n<p class=\"western\" align=\"justify\"><span style=\"font-family: helvetica, arial, sans-serif;\">O crime teria sido planejado, j\u00e1 que o r\u00e9 \u00e9 confesso e afirmou em depoimento que esperou o senhor Dorgival sair da feira livre, dirigir-se \u00e0 sua panifica\u00e7\u00e3o e ficar sozinho para assassin\u00e1-lo.<\/span><\/p>\n<p class=\"western\" align=\"justify\"><span style=\"font-family: helvetica, arial, sans-serif;\">\u201cA v\u00edtima era uma pessoa muito querida na cidade, conhecida por todos, um homem de bom cora\u00e7\u00e3o que gostava de ajudar e foi covardemente assassinada pelas costas. O r\u00e9u depois de executar o seu plano criminoso ainda permaneceu no local friamente, aguardando os colegas de trabalho e a Pol\u00edcia Militar. Houve como\u00e7\u00e3o por parte de toda a popula\u00e7\u00e3o, e o Minist\u00e9rio P\u00fablico sustenta a qualificadora pedindo, inclusive, a pena m\u00e1xima\u201d, afirma o promotor de Justi\u00e7a Izelman In\u00e1cio.<\/span><\/p>\n<p class=\"western\" align=\"justify\"><span style=\"font-family: helvetica, arial, sans-serif;\">O laudo cadav\u00e9rico do Instituto M\u00e9dico Legal (IML) concluiu que o comerciante morreu em decorr\u00eancia de traumatismo tor\u00e1cico por meio de objeto perfuro cortante, apenas oficializando as imagens com as quais a Pol\u00edcia Militar e a Guarda Municipal se depararam. Pois, ao se depararem com o acusado este ainda estava com a faca em punho.<\/span><\/p>\n","protected":false},"excerpt":{"rendered":"<p> [&hellip;]<\/p>\n","protected":false},"author":8,"featured_media":31900,"comment_status":"open","ping_status":"open","sticky":false,"template":"","format":"standard","meta":{"om_disable_all_campaigns":false,"_monsterinsights_skip_tracking":false,"_monsterinsights_sitenote_active":false,"_monsterinsights_sitenote_note":"","_monsterinsights_sitenote_category":0,"_uf_show_specific_survey":0,"_uf_disable_surveys":false,"footnotes":""},"categories":[2],"tags":[],"class_list":["post-49545","post","type-post","status-publish","format-standard","has-post-thumbnail","hentry","category-not_mpal"],"aioseo_notices":[],"_links":{"self":[{"href":"https:\/\/www.mpal.mp.br\/index.php?rest_route=\/wp\/v2\/posts\/49545","targetHints":{"allow":["GET"]}}],"collection":[{"href":"https:\/\/www.mpal.mp.br\/index.php?rest_route=\/wp\/v2\/posts"}],"about":[{"href":"https:\/\/www.mpal.mp.br\/index.php?rest_route=\/wp\/v2\/types\/post"}],"author":[{"embeddable":true,"href":"https:\/\/www.mpal.mp.br\/index.php?rest_route=\/wp\/v2\/users\/8"}],"replies":[{"embeddable":true,"href":"https:\/\/www.mpal.mp.br\/index.php?rest_route=%2Fwp%2Fv2%2Fcomments&post=49545"}],"version-history":[{"count":1,"href":"https:\/\/www.mpal.mp.br\/index.php?rest_route=\/wp\/v2\/posts\/49545\/revisions"}],"predecessor-version":[{"id":49546,"href":"https:\/\/www.mpal.mp.br\/index.php?rest_route=\/wp\/v2\/posts\/49545\/revisions\/49546"}],"wp:featuredmedia":[{"embeddable":true,"href":"https:\/\/www.mpal.mp.br\/index.php?rest_route=\/wp\/v2\/media\/31900"}],"wp:attachment":[{"href":"https:\/\/www.mpal.mp.br\/index.php?rest_route=%2Fwp%2Fv2%2Fmedia&parent=49545"}],"wp:term":[{"taxonomy":"category","embeddable":true,"href":"https:\/\/www.mpal.mp.br\/index.php?rest_route=%2Fwp%2Fv2%2Fcategories&post=49545"},{"taxonomy":"post_tag","embeddable":true,"href":"https:\/\/www.mpal.mp.br\/index.php?rest_route=%2Fwp%2Fv2%2Ftags&post=49545"}],"curies":[{"name":"wp","href":"https:\/\/api.w.org\/{rel}","templated":true}]}}