{"id":49541,"date":"2024-11-05T15:48:53","date_gmt":"2024-11-05T18:48:53","guid":{"rendered":"https:\/\/www.mpal.mp.br\/?p=49541"},"modified":"2024-11-05T16:27:33","modified_gmt":"2024-11-05T19:27:33","slug":"black-friday-ministerio-publico-alertam-mais-uma-vez-os-consumidores-para-as-ofertas-imperdiveis","status":"publish","type":"post","link":"https:\/\/www.mpal.mp.br\/?p=49541","title":{"rendered":"Black Friday: Minist\u00e9rio P\u00fablico alerta mais uma vez os consumidores para as ofertas \u201cimperd\u00edveis\u2019"},"content":{"rendered":"<p class=\"western\" align=\"justify\">Na sequ\u00eancia das datas comemorativas, o N\u00facleo de Defesa do Consumidor do Minist\u00e9rio P\u00fablico de Alagoas (MPAL) continua alertando a sociedade para evitar que sofra com poss\u00edveis irregularidades camufladas nos altos descontos. Uma das ressalvas \u00e9 a de que tal evento n\u00e3o \u00e9 respaldado por regulamenta\u00e7\u00e3o espec\u00edfica, tampouco h\u00e1 uma organiza\u00e7\u00e3o oficial e centralizada. A chamada para a \u201cBlack Friday\u201d est\u00e1 programada para o pr\u00f3ximo dia 29 de novembro de 2024.<\/p>\n<p class=\"western\" align=\"justify\">Todos os consumidores conhecem bem a pr\u00e1tica da \u201cBlak Friday\u201d e se programam com anteced\u00eancia apostando que o momento \u00e9 para ir \u00e0s compras j\u00e1 que acreditam que os produtos est\u00e3o realmente abaixo do pre\u00e7o. Mas \u00e9 preciso analisar e saber comprar, \u00e9 o que afirma o coordenador do N\u00facleo e promotor de Justi\u00e7a Delfino Costa Neto.<\/p>\n<p class=\"western\" align=\"justify\">\u201cO consumidor deve ficar atento, pois na Black Friday existem empresas f\u00edsicas e virtuais devidamente registradas e confi\u00e1veis no mercado, mas tamb\u00e9m aquelas fict\u00edcias e\/ou que induzem o cidad\u00e3o a uma compra que pode ser um golpe, a obter um produto, por exemplo, que n\u00e3o condiz com a apresenta\u00e7\u00e3o feita virtualmente, nas redes sociais. Tamb\u00e9m \u00e9 preciso investigar a origem do que est\u00e1 sendo ofertado, fazer uma pesquisa de pre\u00e7os e n\u00e3o efetuar a compra de imediato somente porque achou que seria vantagem\u201d, destaca o promotor.<\/p>\n<p class=\"western\" align=\"justify\"><b>Orienta\u00e7\u00f5es<\/b><\/p>\n<p class=\"western\" align=\"justify\">Para que o consumidor se previna, o Minist\u00e9rio P\u00fablico de Alagoas confeccionou e compartilh<span style=\"color: #000000;\"><span style=\"font-family: Liberation Serif, Times New Roman, serif;\"><span style=\"font-size: medium;\"><span lang=\"pt-BR\">ou<\/span><\/span><\/span><\/span> uma nota t\u00e9cnica elencando orienta\u00e7\u00f5es importantes que n\u00e3o devem ser descartadas:<\/p>\n<p class=\"western\" align=\"justify\">Em primeiro lugar, \u00e9 preciso se informar sobre a reputa\u00e7\u00e3o da loja, buscando dados na internet ou com pessoas conhecidas. Consultar sites como \u201cReclame Aqui\u201d e listas de sites n\u00e3o recomendados pelo Procon. Em seguida, \u00e9 preciso ter muito cuidado com e-mails e sites fraudulentos e de prefer\u00eancia acessar sites oficiais diretamente, sem clicar em links suspeitos de e-mails.<\/p>\n<p class=\"western\" align=\"justify\">E aten\u00e7\u00e3o, a nota pede que o consumidor utilize comparadores de pre\u00e7os para avaliar a varia\u00e7\u00e3o. Al\u00e9m disso, destaca que \u00e9 bom desconfiar de descontos aparentemente inflacionados em lojas f\u00edsicas. , bem como verificar informa\u00e7\u00f5es b\u00e1sicas do fornecedor, como CNPJ\/CPF, endere\u00e7o, e dados de contato.<\/p>\n<p class=\"western\" align=\"justify\">Por seguran\u00e7a, sempre que efetuar uma compra guarde o registro como e-mails de confirma\u00e7\u00e3o e nota fiscal. Tamb\u00e9m confirme o estado do produto antes de assinar o recebimento. Se a forma de pagamento for via boleto banc\u00e1rio, efetue o pagamento com cautela, preferindo PDFs a p\u00e1ginas web para reduzir o risco de fraude.<\/p>\n<p class=\"western\" align=\"justify\">Por fim, verifique o prazo de entrega e as pol\u00edticas de troca e devolu\u00e7\u00e3o. Caso ocorram problemas ou abusos, o consumidor pode contatar o fornecedor diretamente ou recorrer ao Portal Consumidor (www.consumidor.gov.br) ou procurar o Procon mais pr\u00f3ximo.<\/p>\n","protected":false},"excerpt":{"rendered":"<p> [&hellip;]<\/p>\n","protected":false},"author":8,"featured_media":49542,"comment_status":"open","ping_status":"open","sticky":false,"template":"","format":"standard","meta":{"om_disable_all_campaigns":false,"_monsterinsights_skip_tracking":false,"_monsterinsights_sitenote_active":false,"_monsterinsights_sitenote_note":"","_monsterinsights_sitenote_category":0,"_uf_show_specific_survey":0,"_uf_disable_surveys":false,"footnotes":""},"categories":[2],"tags":[],"class_list":["post-49541","post","type-post","status-publish","format-standard","has-post-thumbnail","hentry","category-not_mpal"],"aioseo_notices":[],"_links":{"self":[{"href":"https:\/\/www.mpal.mp.br\/index.php?rest_route=\/wp\/v2\/posts\/49541","targetHints":{"allow":["GET"]}}],"collection":[{"href":"https:\/\/www.mpal.mp.br\/index.php?rest_route=\/wp\/v2\/posts"}],"about":[{"href":"https:\/\/www.mpal.mp.br\/index.php?rest_route=\/wp\/v2\/types\/post"}],"author":[{"embeddable":true,"href":"https:\/\/www.mpal.mp.br\/index.php?rest_route=\/wp\/v2\/users\/8"}],"replies":[{"embeddable":true,"href":"https:\/\/www.mpal.mp.br\/index.php?rest_route=%2Fwp%2Fv2%2Fcomments&post=49541"}],"version-history":[{"count":2,"href":"https:\/\/www.mpal.mp.br\/index.php?rest_route=\/wp\/v2\/posts\/49541\/revisions"}],"predecessor-version":[{"id":49547,"href":"https:\/\/www.mpal.mp.br\/index.php?rest_route=\/wp\/v2\/posts\/49541\/revisions\/49547"}],"wp:featuredmedia":[{"embeddable":true,"href":"https:\/\/www.mpal.mp.br\/index.php?rest_route=\/wp\/v2\/media\/49542"}],"wp:attachment":[{"href":"https:\/\/www.mpal.mp.br\/index.php?rest_route=%2Fwp%2Fv2%2Fmedia&parent=49541"}],"wp:term":[{"taxonomy":"category","embeddable":true,"href":"https:\/\/www.mpal.mp.br\/index.php?rest_route=%2Fwp%2Fv2%2Fcategories&post=49541"},{"taxonomy":"post_tag","embeddable":true,"href":"https:\/\/www.mpal.mp.br\/index.php?rest_route=%2Fwp%2Fv2%2Ftags&post=49541"}],"curies":[{"name":"wp","href":"https:\/\/api.w.org\/{rel}","templated":true}]}}