{"id":49531,"date":"2024-11-05T09:57:42","date_gmt":"2024-11-05T12:57:42","guid":{"rendered":"https:\/\/www.mpal.mp.br\/?p=49531"},"modified":"2024-11-05T09:57:42","modified_gmt":"2024-11-05T12:57:42","slug":"mpal-e-mpf-recomendam-suspensao-de-cortes-de-pessoal-na-saude-publica-de-alagoas","status":"publish","type":"post","link":"https:\/\/www.mpal.mp.br\/?p=49531","title":{"rendered":"MPAL e MPF recomendam suspens\u00e3o de cortes de pessoal na sa\u00fade p\u00fablica de Alagoas"},"content":{"rendered":"<p style=\"text-align: justify;\"><span style=\"font-family: helvetica, arial, sans-serif; font-size: 12pt;\"><span style=\"color: #4f4f4f;\">O Minist\u00e9rio P\u00fablico do Estado de Alagoas (MPAL) e o Minist\u00e9rio P\u00fablico Federal (MPF) recomendaram \u00e0 Secretaria de Estado da Sa\u00fade (Sesau) que suspenda cortes previstos no quadro de prestadores de servi\u00e7o das unidades vinculadas \u00e0 Universidade Estadual de Ci\u00eancias da Sa\u00fade de Alagoas (Uncisal). A secretaria havia determinado a redu\u00e7\u00e3o de custos no pagamento do quadro de pessoal no montante de R$ 1,5 milh\u00e3o.<\/span><\/span><\/p>\n<p style=\"text-align: justify;\"><span style=\"color: #4f4f4f; font-family: helvetica, arial, sans-serif; font-size: 12pt;\">A recomenda\u00e7\u00e3o, enviada nessa segunda-feira (4), destaca que os cortes podem comprometer a assist\u00eancia \u00e0 sa\u00fade, j\u00e1 que as unidades hospitalares mantidas sob administra\u00e7\u00e3o da universidade atendem significativa parcela da popula\u00e7\u00e3o. Diante deste cen\u00e1rio, os minist\u00e9rios p\u00fablicos recomendaram que os cortes administrativos j\u00e1 previstos sejam suspensos at\u00e9 que a Uncisal apresente estudo t\u00e9cnico detalhado sobre a possibilidade de redu\u00e7\u00e3o de pessoal sem impactos negativos \u00e0 presta\u00e7\u00e3o de sa\u00fade.<\/span><\/p>\n<p style=\"text-align: justify;\"><span style=\"color: #4f4f4f; font-family: helvetica, arial, sans-serif; font-size: 12pt;\">O estudo precisa incluir a an\u00e1lise da capacidade de atendimento de cada unidade, a compara\u00e7\u00e3o entre a demanda atual e a capacidade operacional, a identifica\u00e7\u00e3o de setores onde a redu\u00e7\u00e3o seria poss\u00edvel e a defini\u00e7\u00e3o de medidas mitigadoras para preservar a qualidade dos servi\u00e7os.<\/span><\/p>\n<p style=\"text-align: justify;\"><span style=\"color: #4f4f4f; font-family: helvetica, arial, sans-serif; font-size: 12pt;\">Ap\u00f3s a elabora\u00e7\u00e3o do estudo, a Sesau deve convocar uma reuni\u00e3o t\u00e9cnica com a participa\u00e7\u00e3o do MPAL, MPF, Uncisal e representantes das unidades de sa\u00fade afetadas para discutir as conclus\u00f5es antes de qualquer decis\u00e3o final sobre os cortes.<\/span><\/p>\n<p style=\"text-align: justify;\"><span style=\"color: #4f4f4f; font-family: helvetica, arial, sans-serif; font-size: 12pt;\">A recomenda\u00e7\u00e3o \u00e9 assinada pela promotora de Justi\u00e7a Micheline Ten\u00f3rio, coordenadora do N\u00facleo de Defesa da Sa\u00fade P\u00fablica do MPAL, e pelo procurador regional dos Direitos do Cidad\u00e3o, Bruno Lamenha. <\/span><\/p>\n<p style=\"text-align: justify;\"><span style=\"font-family: helvetica, arial, sans-serif; font-size: 12pt;\"><b><span style=\"color: #4f4f4f;\">Auditoria<\/span><\/b><\/span><\/p>\n<p style=\"text-align: justify;\"><span style=\"color: #4f4f4f; font-family: helvetica, arial, sans-serif; font-size: 12pt;\">Como medida pr\u00e9via aos cortes, tamb\u00e9m foi recomendado que a Sesau audite, em at\u00e9 60 dias, as unidades vinculadas \u00e0 universidade para avaliar a efic\u00e1cia dos mecanismos de controle de jornada e a regularidade dos afastamentos concedidos a servidores. Essa auditoria dever\u00e1 subsidiar eventuais ajustes no quadro de pessoal, priorizando a corre\u00e7\u00e3o de poss\u00edveis irregularidades sem comprometer a assist\u00eancia prestada \u00e0 popula\u00e7\u00e3o.<\/span><\/p>\n<p style=\"text-align: justify;\"><span style=\"font-family: helvetica, arial, sans-serif; font-size: 12pt;\"><b><span style=\"color: #4f4f4f;\">Surto de meningite<\/span><\/b><\/span><\/p>\n<p style=\"text-align: justify;\"><span style=\"color: #4f4f4f; font-family: helvetica, arial, sans-serif; font-size: 12pt;\">Na recomenda\u00e7\u00e3o, os minist\u00e9rios p\u00fablicos lembram que uma das principais refer\u00eancias para o enfrentamento de meningite tipo B em Alagoas, doen\u00e7a que manteve \u00edndice de 50% de letalidade no estado no \u00faltimo ano, \u00e9 o Hospital Escola H\u00e9lvio Auto, mantido pela Uncisal.<\/span><\/p>\n<p><span style=\"font-size: 12pt; font-family: helvetica, arial, sans-serif;\">*Com informa\u00e7\u00f5es do MPF.\u00a0<\/span><\/p>\n","protected":false},"excerpt":{"rendered":"<p> [&hellip;]<\/p>\n","protected":false},"author":17,"featured_media":44378,"comment_status":"open","ping_status":"open","sticky":false,"template":"","format":"standard","meta":{"om_disable_all_campaigns":false,"_monsterinsights_skip_tracking":false,"_monsterinsights_sitenote_active":false,"_monsterinsights_sitenote_note":"","_monsterinsights_sitenote_category":0,"_uf_show_specific_survey":0,"_uf_disable_surveys":false,"footnotes":""},"categories":[2,50],"tags":[],"class_list":["post-49531","post","type-post","status-publish","format-standard","has-post-thumbnail","hentry","category-not_mpal","category-not_saude"],"aioseo_notices":[],"_links":{"self":[{"href":"https:\/\/www.mpal.mp.br\/index.php?rest_route=\/wp\/v2\/posts\/49531","targetHints":{"allow":["GET"]}}],"collection":[{"href":"https:\/\/www.mpal.mp.br\/index.php?rest_route=\/wp\/v2\/posts"}],"about":[{"href":"https:\/\/www.mpal.mp.br\/index.php?rest_route=\/wp\/v2\/types\/post"}],"author":[{"embeddable":true,"href":"https:\/\/www.mpal.mp.br\/index.php?rest_route=\/wp\/v2\/users\/17"}],"replies":[{"embeddable":true,"href":"https:\/\/www.mpal.mp.br\/index.php?rest_route=%2Fwp%2Fv2%2Fcomments&post=49531"}],"version-history":[{"count":1,"href":"https:\/\/www.mpal.mp.br\/index.php?rest_route=\/wp\/v2\/posts\/49531\/revisions"}],"predecessor-version":[{"id":49532,"href":"https:\/\/www.mpal.mp.br\/index.php?rest_route=\/wp\/v2\/posts\/49531\/revisions\/49532"}],"wp:featuredmedia":[{"embeddable":true,"href":"https:\/\/www.mpal.mp.br\/index.php?rest_route=\/wp\/v2\/media\/44378"}],"wp:attachment":[{"href":"https:\/\/www.mpal.mp.br\/index.php?rest_route=%2Fwp%2Fv2%2Fmedia&parent=49531"}],"wp:term":[{"taxonomy":"category","embeddable":true,"href":"https:\/\/www.mpal.mp.br\/index.php?rest_route=%2Fwp%2Fv2%2Fcategories&post=49531"},{"taxonomy":"post_tag","embeddable":true,"href":"https:\/\/www.mpal.mp.br\/index.php?rest_route=%2Fwp%2Fv2%2Ftags&post=49531"}],"curies":[{"name":"wp","href":"https:\/\/api.w.org\/{rel}","templated":true}]}}