{"id":49528,"date":"2024-11-05T09:28:12","date_gmt":"2024-11-05T12:28:12","guid":{"rendered":"https:\/\/www.mpal.mp.br\/?p=49528"},"modified":"2024-11-05T09:28:12","modified_gmt":"2024-11-05T12:28:12","slug":"mpal-mpf-e-defensoria-recomendam-que-prefeitura-de-maceio-garanta-transporte-e-merenda-a-turma-ejai-diversidade","status":"publish","type":"post","link":"https:\/\/www.mpal.mp.br\/?p=49528","title":{"rendered":"MPAL, MPF e Defensoria recomendam que prefeitura de Macei\u00f3 garanta transporte e merenda \u00e0 turma Ejai Diversidade"},"content":{"rendered":"<p align=\"justify\"><span style=\"color: #4f4f4f; font-family: helvetica, arial, sans-serif; font-size: 12pt;\">Em Alagoas, o Minist\u00e9rio P\u00fablico do Estado (MP\/AL), o Minist\u00e9rio P\u00fablico Federal (MPF) e a Defensoria P\u00fablica do Estado (DPE) recomendaram \u00e0 Secretaria Municipal de Educa\u00e7\u00e3o de Macei\u00f3 o fornecimento regular de alimenta\u00e7\u00e3o e transporte escolar gratuito aos alunos da turma Educa\u00e7\u00e3o de Jovens, Adultos e Idosos (Ejai) Diversidade. A medida visa garantir que os estudantes tenham acesso aos mesmos benef\u00edcios oferecidos aos demais alunos da rede municipal. O documento tamb\u00e9m foi encaminhado \u00e0 dire\u00e7\u00e3o da Escola Municipal Professora Maria Jos\u00e9 Carrascosa.<\/span><\/p>\n<p align=\"justify\"><span style=\"color: #4f4f4f; font-family: helvetica, arial, sans-serif; font-size: 12pt;\">A recomenda\u00e7\u00e3o prev\u00ea que a alimenta\u00e7\u00e3o escolar siga os mesmos padr\u00f5es da rede municipal e que o transporte seja disponibilizado por meio do cart\u00e3o VAMU \u2013 sistema de bilhetagem eletr\u00f4nica de Macei\u00f3 \u2013 ou outro m\u00e9todo adequado, garantindo acesso seguro e gratuito ao ensino. Os destinat\u00e1rios t\u00eam at\u00e9 10 dias para informar as provid\u00eancias que ser\u00e3o adotadas em atendimento \u00e0 recomenda\u00e7\u00e3o.<\/span><\/p>\n<p align=\"justify\"><span style=\"font-family: helvetica, arial, sans-serif; font-size: 12pt;\"><span style=\"color: #4f4f4f;\">Dur<span style=\"color: #333333;\">ante\u00a0<\/span><\/span><span style=\"color: #333333;\">visita \u00e0 turma EJAI Diversidade, realizada em 29 de outubro,\u00a0<\/span><span style=\"color: #4f4f4f;\"><span style=\"color: #333333;\">m<\/span>embros do <\/span><span style=\"color: #4f4f4f;\">MPAL e do<\/span><span style=\"color: #4f4f4f;\"> MPF identificaram que os alunos n\u00e3o t\u00eam acesso \u00e0 alimenta\u00e7\u00e3o e transporte escolar. A falta desses benef\u00edcios tem impactado diretamente a frequ\u00eancia e a perman\u00eancia dos alunos na escola, segundo relatos dos estudantes e professores. A turma, composta majoritariamente por profissionais do sexo e outros grupos em situa\u00e7\u00e3o de vulnerabilidade, enfrentaria condi\u00e7\u00f5es desiguais em rela\u00e7\u00e3o aos demais alunos, em viola\u00e7\u00e3o ao princ\u00edpio da isonomia.<\/span><\/span><\/p>\n<p align=\"justify\"><span style=\"color: #4f4f4f; font-family: helvetica, arial, sans-serif; font-size: 12pt;\">Os \u00f3rg\u00e3os ressaltaram que tanto o munic\u00edpio quanto a escola recebem regularmente recursos federais para o custeio de alimenta\u00e7\u00e3o e transporte escolar e que o Fundo Nacional de Desenvolvimento da Educa\u00e7\u00e3o mant\u00e9m programas de financiamento espec\u00edfico, como o Programa Nacional de Alimenta\u00e7\u00e3o Escolar e o Programa Nacional de Apoio ao Transporte Escolar, que repassam verbas regularmente \u00e0s prefeituras. Al\u00e9m disso, a legisla\u00e7\u00e3o brasileira garante o direito \u00e0 alimenta\u00e7\u00e3o e ao transporte escolar a todos os alunos da educa\u00e7\u00e3o b\u00e1sica, incluindo a educa\u00e7\u00e3o de jovens e adultos.<\/span><\/p>\n<p align=\"justify\"><span style=\"color: #4f4f4f; font-family: helvetica, arial, sans-serif; font-size: 12pt;\">A recomenda\u00e7\u00e3o foi assinada pela promotora de Justi\u00e7a Alexandra Beurlen, da 61\u00aa Promotoria de Justi\u00e7a de Macei\u00f3 com atua\u00e7\u00e3o na \u00e1rea dos Direitos Humanos, pelo procurador regional dos Direitos do Cidad\u00e3o Bruno Lamenha e pelo defensor p\u00fablico estadual Isaac Souto.<\/span><\/p>\n<p align=\"justify\"><span style=\"color: #4f4f4f; font-family: helvetica, arial, sans-serif; font-size: 12pt;\"> *Com arte e informa\u00e7\u00f5es do MPF.\u00a0<\/span><\/p>\n","protected":false},"excerpt":{"rendered":"<p> [&hellip;]<\/p>\n","protected":false},"author":17,"featured_media":49529,"comment_status":"open","ping_status":"open","sticky":false,"template":"","format":"standard","meta":{"om_disable_all_campaigns":false,"_monsterinsights_skip_tracking":false,"_monsterinsights_sitenote_active":false,"_monsterinsights_sitenote_note":"","_monsterinsights_sitenote_category":0,"_uf_show_specific_survey":0,"_uf_disable_surveys":false,"footnotes":""},"categories":[2],"tags":[],"class_list":["post-49528","post","type-post","status-publish","format-standard","has-post-thumbnail","hentry","category-not_mpal"],"aioseo_notices":[],"_links":{"self":[{"href":"https:\/\/www.mpal.mp.br\/index.php?rest_route=\/wp\/v2\/posts\/49528","targetHints":{"allow":["GET"]}}],"collection":[{"href":"https:\/\/www.mpal.mp.br\/index.php?rest_route=\/wp\/v2\/posts"}],"about":[{"href":"https:\/\/www.mpal.mp.br\/index.php?rest_route=\/wp\/v2\/types\/post"}],"author":[{"embeddable":true,"href":"https:\/\/www.mpal.mp.br\/index.php?rest_route=\/wp\/v2\/users\/17"}],"replies":[{"embeddable":true,"href":"https:\/\/www.mpal.mp.br\/index.php?rest_route=%2Fwp%2Fv2%2Fcomments&post=49528"}],"version-history":[{"count":1,"href":"https:\/\/www.mpal.mp.br\/index.php?rest_route=\/wp\/v2\/posts\/49528\/revisions"}],"predecessor-version":[{"id":49530,"href":"https:\/\/www.mpal.mp.br\/index.php?rest_route=\/wp\/v2\/posts\/49528\/revisions\/49530"}],"wp:featuredmedia":[{"embeddable":true,"href":"https:\/\/www.mpal.mp.br\/index.php?rest_route=\/wp\/v2\/media\/49529"}],"wp:attachment":[{"href":"https:\/\/www.mpal.mp.br\/index.php?rest_route=%2Fwp%2Fv2%2Fmedia&parent=49528"}],"wp:term":[{"taxonomy":"category","embeddable":true,"href":"https:\/\/www.mpal.mp.br\/index.php?rest_route=%2Fwp%2Fv2%2Fcategories&post=49528"},{"taxonomy":"post_tag","embeddable":true,"href":"https:\/\/www.mpal.mp.br\/index.php?rest_route=%2Fwp%2Fv2%2Ftags&post=49528"}],"curies":[{"name":"wp","href":"https:\/\/api.w.org\/{rel}","templated":true}]}}