{"id":49525,"date":"2024-11-04T16:21:57","date_gmt":"2024-11-04T19:21:57","guid":{"rendered":"https:\/\/www.mpal.mp.br\/?p=49525"},"modified":"2024-11-04T16:21:57","modified_gmt":"2024-11-04T19:21:57","slug":"urgente-plid-tenta-localizar-crianca-de-11-anos-e-adolescente-de-16-que-podem-ter-sumido-juntas","status":"publish","type":"post","link":"https:\/\/www.mpal.mp.br\/?p=49525","title":{"rendered":"URGENTE: Plid tenta localizar crian\u00e7a de 11 anos e adolescente de 16 que podem ter sumido juntas"},"content":{"rendered":"<p style=\"text-align: justify;\" align=\"justify\"><span style=\"font-family: helvetica, arial, sans-serif;\">O Programa de Localiza\u00e7\u00e3o e identifica\u00e7\u00e3o de Desaparecidos (PLID\/AL), do Minist\u00e9rio P\u00fablico de Alagoas (MPAL), acionou sua rede e faz apelo \u00e0 sociedade na tentativa de localizar uma crian\u00e7a de 11 anos e uma adolescente de 16 cujos registros de desaparecimento datam o dia 3 de novembro de 2024. Quem tiver alguma informa\u00e7\u00e3o deve manter contato pelos n\u00fameros disponibilizados nos cards.<\/span><\/p>\n<p style=\"text-align: justify;\" align=\"justify\"><span style=\"font-family: helvetica, arial, sans-serif;\">A menina Maria Natalina da Silva (11) e Kecia Miranda de Oliveira s\u00e3o vizinhas de apartamento e residem no Residencial Vila Munda\u00fa, no bairro Vergel do Lago. Pelos relat\u00f3rios dos familiares, ao que tudo indica, ambas teriam sa\u00eddo de casa na madrugada do s\u00e1bado para o domingo e a falta de comunica\u00e7\u00e3o tem promovido ang\u00fastia.<\/span><\/p>\n<p style=\"text-align: justify;\" align=\"justify\"><span style=\"font-family: helvetica, arial, sans-serif;\">A coordenadora do Plid\/Al, promotora de Justi\u00e7a Marluce Falc\u00e3o, refor\u00e7a a responsabilidade de quem abriga em sua casa menores de idade.<\/span><\/p>\n<p style=\"text-align: justify;\" align=\"justify\"><span style=\"font-family: helvetica, arial, sans-serif;\">\u201cAssim que tomamos conhecimento entramos em a\u00e7\u00e3o, at\u00e9 porque se trata de uma crian\u00e7a e uma adolescente e a lei \u00e9 clara quanto \u00e0 situa\u00e7\u00e3o de emerg\u00eancia na busca imediata por esse p\u00fablico. J\u00e1 acionamos todas as autoridades competentes nas \u00e1reas da seguran\u00e7a p\u00fablica e nossa rede est\u00e1 toda mobilizada para que encontremos o mais r\u00e1pido poss\u00edvel as duas. Tamb\u00e9m gostar\u00edamos de sensibilizar a m\u00eddia alagoana que tem grande poder de sensibiliza\u00e7\u00e3o para que divulgue e nos ajude nesse caso, como sempre fizeram em tantos outros. E apelamos para o cidad\u00e3o que saiba do paradeiro, que venha a se deparar com as meninas que telefone para os n\u00fameros que disponibilizamos juntos com os cards\u201d, destaca Marluce Falc\u00e3o.<\/span><\/p>\n<p style=\"text-align: justify;\" align=\"justify\"><span style=\"font-family: helvetica, arial, sans-serif;\"><b>\u00c9 CRIME<\/b><\/span><\/p>\n<p style=\"text-align: justify;\" align=\"justify\"><span style=\"font-family: helvetica, arial, sans-serif;\">A coordenadora do PLID\/AL tamb\u00e9m alerta para os artigos 248 e 249 do C\u00f3digo Penal Brasileiro que afirmam claramente ser crime acolher menores sem autoriza\u00e7\u00e3o dos pais. Quem o fizer pode receber pena de dois meses a dois anos de deten\u00e7\u00e3o por induzimento \u00e0 fuga (incentivar o menor a sair de casa) ou subtra\u00e7\u00e3o de incapaz (<span style=\"color: #474747;\"><span style=\"font-size: medium;\">quando se retira o<\/span><\/span><span style=\"color: #474747;\"><span style=\"font-size: medium;\"> menor de 18 anos <\/span><\/span><span style=\"color: #474747;\"><span style=\"font-size: medium;\">d<\/span><\/span><span style=\"color: #474747;\"><span style=\"font-size: medium;\">o poder de quem o tem sob sua guarda<\/span><\/span><span style=\"color: #474747;\"><span style=\"font-size: medium;\">).<\/span><\/span><\/span><\/p>\n<p style=\"text-align: justify;\" align=\"justify\"><span style=\"color: #474747; font-family: helvetica, arial, sans-serif;\"><span style=\"font-size: medium;\">Quem tiver alguma informa\u00e7\u00e3o sobre Maria Natalina ou Kecia Miranda pode entrar em contato com o PLID\/AL pelos n\u00fameros (82) 99182-0121 ou 2122-5220. <\/span><\/span><\/p>\n","protected":false},"excerpt":{"rendered":"<p> [&hellip;]<\/p>\n","protected":false},"author":8,"featured_media":49526,"comment_status":"open","ping_status":"open","sticky":false,"template":"","format":"standard","meta":{"om_disable_all_campaigns":false,"_monsterinsights_skip_tracking":false,"_monsterinsights_sitenote_active":false,"_monsterinsights_sitenote_note":"","_monsterinsights_sitenote_category":0,"_uf_show_specific_survey":0,"_uf_disable_surveys":false,"footnotes":""},"categories":[2],"tags":[],"class_list":["post-49525","post","type-post","status-publish","format-standard","has-post-thumbnail","hentry","category-not_mpal"],"aioseo_notices":[],"_links":{"self":[{"href":"https:\/\/www.mpal.mp.br\/index.php?rest_route=\/wp\/v2\/posts\/49525","targetHints":{"allow":["GET"]}}],"collection":[{"href":"https:\/\/www.mpal.mp.br\/index.php?rest_route=\/wp\/v2\/posts"}],"about":[{"href":"https:\/\/www.mpal.mp.br\/index.php?rest_route=\/wp\/v2\/types\/post"}],"author":[{"embeddable":true,"href":"https:\/\/www.mpal.mp.br\/index.php?rest_route=\/wp\/v2\/users\/8"}],"replies":[{"embeddable":true,"href":"https:\/\/www.mpal.mp.br\/index.php?rest_route=%2Fwp%2Fv2%2Fcomments&post=49525"}],"version-history":[{"count":1,"href":"https:\/\/www.mpal.mp.br\/index.php?rest_route=\/wp\/v2\/posts\/49525\/revisions"}],"predecessor-version":[{"id":49527,"href":"https:\/\/www.mpal.mp.br\/index.php?rest_route=\/wp\/v2\/posts\/49525\/revisions\/49527"}],"wp:featuredmedia":[{"embeddable":true,"href":"https:\/\/www.mpal.mp.br\/index.php?rest_route=\/wp\/v2\/media\/49526"}],"wp:attachment":[{"href":"https:\/\/www.mpal.mp.br\/index.php?rest_route=%2Fwp%2Fv2%2Fmedia&parent=49525"}],"wp:term":[{"taxonomy":"category","embeddable":true,"href":"https:\/\/www.mpal.mp.br\/index.php?rest_route=%2Fwp%2Fv2%2Fcategories&post=49525"},{"taxonomy":"post_tag","embeddable":true,"href":"https:\/\/www.mpal.mp.br\/index.php?rest_route=%2Fwp%2Fv2%2Ftags&post=49525"}],"curies":[{"name":"wp","href":"https:\/\/api.w.org\/{rel}","templated":true}]}}