{"id":49472,"date":"2024-11-04T13:35:02","date_gmt":"2024-11-04T16:35:02","guid":{"rendered":"https:\/\/www.mpal.mp.br\/?p=49472"},"modified":"2024-11-04T13:52:54","modified_gmt":"2024-11-04T16:52:54","slug":"promovido-pelo-mpal-forum-reune-instituicoes-e-entidades-para-debater-melhorias-para-a-educacao","status":"publish","type":"post","link":"https:\/\/www.mpal.mp.br\/?p=49472","title":{"rendered":"Promovido pelo MPAL, f\u00f3rum re\u00fane institui\u00e7\u00f5es e entidades para debater melhorias para a educa\u00e7\u00e3o"},"content":{"rendered":"<div class=\"fusion-fullwidth fullwidth-box fusion-builder-row-1 nonhundred-percent-fullwidth non-hundred-percent-height-scrolling\"  style='background-color: #ffffff;background-position: center center;background-repeat: no-repeat;padding-top:0px;padding-right:0px;padding-bottom:0px;padding-left:0px;'><div class=\"fusion-builder-row fusion-row \"><div  class=\"fusion-layout-column fusion_builder_column fusion_builder_column_1_1 fusion-builder-column-1 fusion-one-full fusion-column-first fusion-column-last 1_1\"  style='margin-top:0px;margin-bottom:0px;'>\n\t\t\t\t\t<div class=\"fusion-column-wrapper\" style=\"padding: 0px 0px 0px 0px;background-position:left top;background-repeat:no-repeat;-webkit-background-size:cover;-moz-background-size:cover;-o-background-size:cover;background-size:cover;\"   data-bg-url=\"\">\n\t\t\t\t\t\t<div class=\"fusion-text\"><p style=\"text-align: justify;\"><span style=\"font-family: helvetica, arial, sans-serif; font-size: 12pt;\">Teve in\u00edcio, nesta segunda-feira (4), o evento \u2018Educar e Proteger: F\u00f3rum de Garantia \u00e0 Educa\u00e7\u00e3o e Inf\u00e2ncia&#8221;. Promovido pelo Minist\u00e9rio P\u00fablico do Estado de Alagoas (MPAL), ele reuniu profissionais que atuam na \u00e1rea da educa\u00e7\u00e3o, especialmente aqueles voltados \u00e0 primeira inf\u00e2ncia. O objetivo \u00e9 discutir os principais problemas e desafios enfrentados nas unidades de ensino, de modo que a educa\u00e7\u00e3o p\u00fablica e privada possa ser melhorada.<\/span><\/p>\n<p style=\"text-align: justify;\"><span style=\"font-family: helvetica, arial, sans-serif; font-size: 12pt;\">Neste primeiro encontro, capitaneado pelos promotores de Justi\u00e7a Lucas Sachsida (coordenador do N\u00facleo de Defesa da Educa\u00e7\u00e3o do MPAL) e Gustavo Arns (integrante do N\u00facleo de Defesa da Inf\u00e2ncia e Juventude do MPAL), foram debatidas as tem\u00e1ticas sobre o uso de celular nas escolas e o cumprimento das obriga\u00e7\u00f5es previstas nas Leis n\u00ba 14.851\/24 e n\u00ba 14.685\/23, que tratam, respectivamente, da obriga\u00e7\u00e3o de manuten\u00e7\u00e3o de site oficial com informa\u00e7\u00f5es e publica\u00e7\u00f5es sobre filas e relacionadas as demandas em creches.<\/span><\/p>\n<p style=\"text-align: justify;\"><span style=\"font-family: helvetica, arial, sans-serif; font-size: 12pt;\">Segundo Gustavo Arns, o \u2018Educar e Proteger: F\u00f3rum de Garantia \u00e0 Educa\u00e7\u00e3o e Inf\u00e2ncia\u2019 surgiu a partir da necessidade de cria\u00e7a\u0303o de uma mesa horizontal de debates a partir de uma facilita\u00e7a\u0303o de dia\u0301logo entre institui\u00e7o\u0303es e o\u0301rga\u0303os para tratativa resolutiva dos problemas enfrentados pela educa\u00e7a\u0303o e sistema de garantias de crian\u00e7as e adolescentes. \u201cEle busca tamb\u00e9m atuar na esteira do que est\u00e1 previsto no artigo 70-A e no artigo 88 do ECA, que trata da atua\u00e7\u00e3o de forma articulada na elabora\u00e7a\u0303o de pol\u00edticas pu\u0301blicas e na execu\u00e7a\u0303o de a\u00e7o\u0303es, possibilitando, com isso, uma integra\u00e7a\u0303o operacional de o\u0301rga\u0303os. Para al\u00e9m disso, essa atua\u00e7\u00e3o visa concretizar aquilo estabelecido na Recomenda\u00e7a\u0303o CNMP n\u00ba 33, de 5 de abril de 2016, que, dentre outros pontos, fala que membros do Ministe\u0301rio Pu\u0301blico devem estabelecer atua\u00e7a\u0303o integrada com gestores\/executores das pol\u00edticas de assiste\u0302ncia social, educa\u00e7a\u0303o, sau\u0301de, dentre outras, nos a\u0302mbitos municipal, estadual e distrital\u201d,<\/span><\/p>\n<p style=\"text-align: justify;\"><span style=\"font-family: helvetica, arial, sans-serif; font-size: 12pt;\">\u201cAle\u0301m dessa aproxima\u00e7a\u0303o dos o\u0301rga\u0303os, o projeto tem ainda como conseque\u0302ncia a potencializa\u00e7a\u0303o da atua\u00e7a\u0303o dos Nu\u0301cleos de Defesa da Educa\u00e7a\u0303o e Infa\u0302ncia e Juventude do MPAL, de modo que eles possam dar maior suporte aos promotores naturais de cada cidade\u201d, acrescentou Arns.<\/span><\/p>\n<p style=\"text-align: justify;\"><span style=\"font-family: helvetica, arial, sans-serif; font-size: 12pt;\">Participaram do evento Marly do Socorro Vidinha, representante da Uni\u00e3o dos Conselhos Municipais de Educa\u00e7\u00e3o de Alagoas; F\u00e1bio Hoffmann Pereira, representante do Comit\u00ea Gestor do F\u00f3rum Estadual da Educa\u00e7\u00e3o Infantil de Alagoas (Fadedi\/AL); Ivana Ribeiro C\u00e2mara Dorvill\u00e9 de Moura e Clarissa Bernardes, representantes da Escola Monteiro Lobato; Roseane Ferreira Vasconcelos, secret\u00e1ria de Educa\u00e7\u00e3o do Estado de Alagoas; Juliana Souza Cahet, representante do Conselho Estadual de Educa\u00e7\u00e3o de Alagoa (CEE\/AL); B\u00e1rbara Costa e Silva e Nat\u00e1lia Fireman, representantes do SINEPE\/AL; Juliano Matias de Brito, presidente da Comed\/Macei\u00f3; Elis\u00e2ngela Mercado, representante da Rede de Prote\u00e7\u00e3o \u00e0 Inf\u00e2ncia; Eliane Maria Teodoro, secret\u00e1ria executiva COMED Macei\u00f3; e Djalma Barros, representante da Uni\u00e3o Nacional dos Dirigentes Municipais da Educa\u00e7\u00e3o (UNDIME\/AL).<\/span><\/p>\n<\/div><style type=\"text\/css\">.fusion-gallery-1 .fusion-gallery-image {border:0px solid #f6f6f6;-webkit-border-radius:5px;-moz-border-radius:5px;border-radius:5px;}<\/style><div class=\"fusion-gallery fusion-gallery-container fusion-grid-3 fusion-columns-total-0 fusion-gallery-layout-grid fusion-gallery-1\" style=\"margin:-5px;\"><div style=\"padding:5px;\" class=\"fusion-grid-column fusion-gallery-column fusion-gallery-column-3 hover-type-none\"><div class=\"fusion-gallery-image\"><a href=\"https:\/\/www.mpal.mp.br\/wp-content\/uploads\/2024\/11\/04.11.24-1.jpeg\" rel=\"noreferrer\" data-rel=\"iLightbox[gallery_image_1]\" class=\"fusion-lightbox\" target=\"_self\"><img loading=\"lazy\" decoding=\"async\" src=\"https:\/\/www.mpal.mp.br\/wp-content\/uploads\/2024\/11\/04.11.24-1.jpeg\" width=\"1280\" height=\"853\" alt=\"\" title=\"04.11.24 (1)\" aria-label=\"04.11.24 (1)\" class=\"img-responsive wp-image-49482\" \/><\/a><\/div><\/div><div style=\"padding:5px;\" class=\"fusion-grid-column fusion-gallery-column fusion-gallery-column-3 hover-type-none\"><div class=\"fusion-gallery-image\"><a href=\"https:\/\/www.mpal.mp.br\/wp-content\/uploads\/2024\/11\/04.11.24-7.jpeg\" rel=\"noreferrer\" data-rel=\"iLightbox[gallery_image_1]\" class=\"fusion-lightbox\" target=\"_self\"><img loading=\"lazy\" decoding=\"async\" src=\"https:\/\/www.mpal.mp.br\/wp-content\/uploads\/2024\/11\/04.11.24-7.jpeg\" width=\"1280\" height=\"853\" alt=\"\" title=\"04.11.24 (7)\" aria-label=\"04.11.24 (7)\" class=\"img-responsive wp-image-49481\" \/><\/a><\/div><\/div><div style=\"padding:5px;\" class=\"fusion-grid-column fusion-gallery-column fusion-gallery-column-3 hover-type-none\"><div class=\"fusion-gallery-image\"><a href=\"https:\/\/www.mpal.mp.br\/wp-content\/uploads\/2024\/11\/04.11.24-6.jpeg\" rel=\"noreferrer\" data-rel=\"iLightbox[gallery_image_1]\" class=\"fusion-lightbox\" target=\"_self\"><img loading=\"lazy\" decoding=\"async\" src=\"https:\/\/www.mpal.mp.br\/wp-content\/uploads\/2024\/11\/04.11.24-6.jpeg\" width=\"1280\" height=\"853\" alt=\"\" title=\"04.11.24 (6)\" aria-label=\"04.11.24 (6)\" class=\"img-responsive wp-image-49480\" \/><\/a><\/div><\/div><div class=\"clearfix\"><\/div><div style=\"padding:5px;\" class=\"fusion-grid-column fusion-gallery-column fusion-gallery-column-3 hover-type-none\"><div class=\"fusion-gallery-image\"><a href=\"https:\/\/www.mpal.mp.br\/wp-content\/uploads\/2024\/11\/04.11.24-5.jpeg\" rel=\"noreferrer\" data-rel=\"iLightbox[gallery_image_1]\" class=\"fusion-lightbox\" target=\"_self\"><img loading=\"lazy\" decoding=\"async\" src=\"https:\/\/www.mpal.mp.br\/wp-content\/uploads\/2024\/11\/04.11.24-5.jpeg\" width=\"1280\" height=\"853\" alt=\"\" title=\"04.11.24 (5)\" aria-label=\"04.11.24 (5)\" class=\"img-responsive wp-image-49479\" \/><\/a><\/div><\/div><div style=\"padding:5px;\" class=\"fusion-grid-column fusion-gallery-column fusion-gallery-column-3 hover-type-none\"><div class=\"fusion-gallery-image\"><a href=\"https:\/\/www.mpal.mp.br\/wp-content\/uploads\/2024\/11\/04.11.24-4.jpeg\" rel=\"noreferrer\" data-rel=\"iLightbox[gallery_image_1]\" class=\"fusion-lightbox\" target=\"_self\"><img loading=\"lazy\" decoding=\"async\" src=\"https:\/\/www.mpal.mp.br\/wp-content\/uploads\/2024\/11\/04.11.24-4.jpeg\" width=\"1280\" height=\"853\" alt=\"\" title=\"04.11.24 (4)\" aria-label=\"04.11.24 (4)\" class=\"img-responsive wp-image-49478\" \/><\/a><\/div><\/div><div style=\"padding:5px;\" class=\"fusion-grid-column fusion-gallery-column fusion-gallery-column-3 hover-type-none\"><div class=\"fusion-gallery-image\"><a href=\"https:\/\/www.mpal.mp.br\/wp-content\/uploads\/2024\/11\/04.11.24-3.jpeg\" rel=\"noreferrer\" data-rel=\"iLightbox[gallery_image_1]\" class=\"fusion-lightbox\" target=\"_self\"><img loading=\"lazy\" decoding=\"async\" src=\"https:\/\/www.mpal.mp.br\/wp-content\/uploads\/2024\/11\/04.11.24-3.jpeg\" width=\"1280\" height=\"853\" alt=\"\" title=\"04.11.24 (3)\" aria-label=\"04.11.24 (3)\" class=\"img-responsive wp-image-49477\" \/><\/a><\/div><\/div><div class=\"clearfix\"><\/div><div style=\"padding:5px;\" class=\"fusion-grid-column fusion-gallery-column fusion-gallery-column-3 hover-type-none\"><div class=\"fusion-gallery-image\"><a href=\"https:\/\/www.mpal.mp.br\/wp-content\/uploads\/2024\/11\/04.11.24-2.jpeg\" rel=\"noreferrer\" data-rel=\"iLightbox[gallery_image_1]\" class=\"fusion-lightbox\" target=\"_self\"><img loading=\"lazy\" decoding=\"async\" src=\"https:\/\/www.mpal.mp.br\/wp-content\/uploads\/2024\/11\/04.11.24-2.jpeg\" width=\"1280\" height=\"853\" alt=\"\" title=\"04.11.24 (2)\" aria-label=\"04.11.24 (2)\" class=\"img-responsive wp-image-49476\" \/><\/a><\/div><\/div><\/div><div class=\"fusion-clearfix\"><\/div>\n\n\t\t\t\t\t<\/div>\n\t\t\t\t<\/div><\/div><\/div>\n","protected":false},"excerpt":{"rendered":"","protected":false},"author":17,"featured_media":49473,"comment_status":"open","ping_status":"open","sticky":false,"template":"","format":"standard","meta":{"om_disable_all_campaigns":false,"_monsterinsights_skip_tracking":false,"_monsterinsights_sitenote_active":false,"_monsterinsights_sitenote_note":"","_monsterinsights_sitenote_category":0,"_uf_show_specific_survey":0,"_uf_disable_surveys":false,"footnotes":""},"categories":[2],"tags":[],"class_list":["post-49472","post","type-post","status-publish","format-standard","has-post-thumbnail","hentry","category-not_mpal"],"aioseo_notices":[],"_links":{"self":[{"href":"https:\/\/www.mpal.mp.br\/index.php?rest_route=\/wp\/v2\/posts\/49472","targetHints":{"allow":["GET"]}}],"collection":[{"href":"https:\/\/www.mpal.mp.br\/index.php?rest_route=\/wp\/v2\/posts"}],"about":[{"href":"https:\/\/www.mpal.mp.br\/index.php?rest_route=\/wp\/v2\/types\/post"}],"author":[{"embeddable":true,"href":"https:\/\/www.mpal.mp.br\/index.php?rest_route=\/wp\/v2\/users\/17"}],"replies":[{"embeddable":true,"href":"https:\/\/www.mpal.mp.br\/index.php?rest_route=%2Fwp%2Fv2%2Fcomments&post=49472"}],"version-history":[{"count":4,"href":"https:\/\/www.mpal.mp.br\/index.php?rest_route=\/wp\/v2\/posts\/49472\/revisions"}],"predecessor-version":[{"id":49515,"href":"https:\/\/www.mpal.mp.br\/index.php?rest_route=\/wp\/v2\/posts\/49472\/revisions\/49515"}],"wp:featuredmedia":[{"embeddable":true,"href":"https:\/\/www.mpal.mp.br\/index.php?rest_route=\/wp\/v2\/media\/49473"}],"wp:attachment":[{"href":"https:\/\/www.mpal.mp.br\/index.php?rest_route=%2Fwp%2Fv2%2Fmedia&parent=49472"}],"wp:term":[{"taxonomy":"category","embeddable":true,"href":"https:\/\/www.mpal.mp.br\/index.php?rest_route=%2Fwp%2Fv2%2Fcategories&post=49472"},{"taxonomy":"post_tag","embeddable":true,"href":"https:\/\/www.mpal.mp.br\/index.php?rest_route=%2Fwp%2Fv2%2Ftags&post=49472"}],"curies":[{"name":"wp","href":"https:\/\/api.w.org\/{rel}","templated":true}]}}