{"id":49468,"date":"2024-11-04T14:18:38","date_gmt":"2024-11-04T17:18:38","guid":{"rendered":"https:\/\/www.mpal.mp.br\/?p=49468"},"modified":"2024-11-04T14:18:38","modified_gmt":"2024-11-04T17:18:38","slug":"ministerio-publico-participa-do-mes-nacional-do-tribunal-do-juri-com-dezenas-de-promotores-de-justica","status":"publish","type":"post","link":"https:\/\/www.mpal.mp.br\/?p=49468","title":{"rendered":"Minist\u00e9rio P\u00fablico participa do M\u00eas Nacional do Tribunal do J\u00fari com dezenas de promotores de Justi\u00e7a"},"content":{"rendered":"<div class=\"fusion-fullwidth fullwidth-box fusion-builder-row-1 nonhundred-percent-fullwidth non-hundred-percent-height-scrolling\"  style='background-color: #ffffff;background-position: center center;background-repeat: no-repeat;padding-top:0px;padding-right:0px;padding-bottom:0px;padding-left:0px;'><div class=\"fusion-builder-row fusion-row \"><div  class=\"fusion-layout-column fusion_builder_column fusion_builder_column_1_1 fusion-builder-column-1 fusion-one-full fusion-column-first fusion-column-last 1_1\"  style='margin-top:0px;margin-bottom:0px;'>\n\t\t\t\t\t<div class=\"fusion-column-wrapper\" style=\"padding: 0px 0px 0px 0px;background-position:left top;background-repeat:no-repeat;-webkit-background-size:cover;-moz-background-size:cover;-o-background-size:cover;background-size:cover;\"   data-bg-url=\"\">\n\t\t\t\t\t\t<div class=\"fusion-text\"><p style=\"text-align: justify;\" align=\"left\"><span style=\"font-family: helvetica, arial, sans-serif; font-size: 12pt; color: #000000;\">O Minist\u00e9rio P\u00fablico Estadual de Alagoas (MPAL) est\u00e1 participando do M\u00eas Nacional do Tribunal do J\u00fari. A partir desta segunda-feira (04) at\u00e9 o final de novembro, dezenas de promotores de Justi\u00e7a estar\u00e3o no f\u00f3rum Desembargador Jairon Maia Fernandes, localizado no Barro Duro, na capital, e, tamb\u00e9m, em 34 munic\u00edpios do interior do Estado para atuar em cerca de 145 a\u00e7\u00f5es penais relacionadas a crimes dolosos contra a vida.<\/span><\/p>\n<p style=\"text-align: justify;\" align=\"left\"><span style=\"font-family: helvetica, arial, sans-serif; font-size: 12pt; color: #000000;\">Os promotores de Justi\u00e7a do MPAL atuar\u00e3o em busca da responsabiliza\u00e7\u00e3o de r\u00e9us que respondem a a\u00e7\u00f5es penais relacionadas aos chamados crimes dolosos contra a vida, que podem ser homic\u00eddio, indu\u00e7\u00e3o ou instiga\u00e7\u00e3o ao suic\u00eddio ou \u00e0 automutila\u00e7\u00e3o, infantic\u00eddio e aborto.<\/span><\/p>\n<p style=\"text-align: justify;\" align=\"left\"><span style=\"font-family: helvetica, arial, sans-serif; font-size: 12pt; color: #000000;\">O mutir\u00e3o, que est\u00e1 sendo promovido pelo Poder Judici\u00e1rio de Alagoas, teve in\u00edcio nesta segunda-feira com seis j\u00faris, sendo tr\u00eas na comarca de Macei\u00f3, e os outros em P\u00e3o de A\u00e7\u00facar, Piranhas e Porto Real do Col\u00e9gio. <\/span><\/p>\n<p style=\"text-align: justify;\" align=\"left\"><span style=\"font-family: helvetica, arial, sans-serif; font-size: 12pt; color: #000000;\">Na capital, os j\u00faris v\u00e3o acontecer nas 7<sup>a<\/sup>, 8\u00aa e 9\u00aa Varas Criminais, onde atuam os promotores de Justi\u00e7a Ant\u00f4nio Vilas Boas, Napole\u00e3o Amaral Franco e Adilza In\u00e1cio de Freitas. <\/span><\/p>\n<p style=\"text-align: justify;\" align=\"left\"><span style=\"font-family: helvetica, arial, sans-serif; font-size: 12pt; color: #000000;\">O MPAL tamb\u00e9m estar\u00e1 presente nos j\u00faris que ocorrer\u00e3o nas comarcas de \u00c1gua Branca, Anadia, Arapiraca, Batalha, Cacimbinhas, Col\u00f4nia de Leopoldina, Coruripe, Igreja Nova, Maragogi, Marechal Deodoro, Maribondo, Mata Grande, Passo do Camaragibe, Murici, Olho D\u2019\u00c1gua das Flores, Paripueira, P\u00e3o de A\u00e7\u00facar, Porto Calvo, Porto Real do Col\u00e9gio, Campo Alegre, Piranhas, S\u00e3o Miguel dos Campos, Pia\u00e7abu\u00e7u, P\u00e3o de A\u00e7\u00facar, Piranhas, Uni\u00e3o dos Palmares, Vi\u00e7osa, Joaquim Gomes, Pilar, Boca da Mata, Limoeiro de Anadia, S\u00e3o Jos\u00e9 da Lage e Teot\u00f4nio Vilela. <\/span><\/p>\n<p style=\"text-align: justify;\" align=\"left\"><span style=\"color: #000000;\"><strong><span style=\"font-family: helvetica, arial, sans-serif; font-size: 12pt;\">Mutir\u00e3o <\/span><\/strong><\/span><\/p>\n<p style=\"text-align: justify;\" align=\"left\"><span style=\"font-family: helvetica, arial, sans-serif; font-size: 12pt; color: #000000;\">O M\u00eas Nacional do Tribunal do J\u00fari, institu\u00eddo pelo Conselho Nacional de Justi\u00e7a (CNJ), ocorre em todo o pa\u00eds e visa dar mais celeridade aos processos envolvendo crimes dolosos contra a vida. Em Alagoas, a iniciativa vai julgar 47 r\u00e9us presos. <\/span><\/p>\n<\/div><style type=\"text\/css\">.fusion-gallery-1 .fusion-gallery-image {border:0px solid #f6f6f6;-webkit-border-radius:5px;-moz-border-radius:5px;border-radius:5px;}<\/style><div class=\"fusion-gallery fusion-gallery-container fusion-grid-3 fusion-columns-total-0 fusion-gallery-layout-grid fusion-gallery-1\" style=\"margin:-5px;\"><div style=\"padding:5px;\" class=\"fusion-grid-column fusion-gallery-column fusion-gallery-column-3 hover-type-none\"><div class=\"fusion-gallery-image\"><a href=\"https:\/\/www.mpal.mp.br\/wp-content\/uploads\/2024\/11\/180502d6-ab4f-4cfa-b299-aa285e73247b.jpeg\" rel=\"noreferrer\" data-rel=\"iLightbox[gallery_image_1]\" class=\"fusion-lightbox\" target=\"_self\"><img loading=\"lazy\" decoding=\"async\" src=\"https:\/\/www.mpal.mp.br\/wp-content\/uploads\/2024\/11\/180502d6-ab4f-4cfa-b299-aa285e73247b.jpeg\" width=\"1599\" height=\"1066\" alt=\"\" title=\"180502d6-ab4f-4cfa-b299-aa285e73247b\" aria-label=\"180502d6-ab4f-4cfa-b299-aa285e73247b\" class=\"img-responsive wp-image-49517\" \/><\/a><\/div><\/div><div style=\"padding:5px;\" class=\"fusion-grid-column fusion-gallery-column fusion-gallery-column-3 hover-type-none\"><div class=\"fusion-gallery-image\"><a href=\"https:\/\/www.mpal.mp.br\/wp-content\/uploads\/2024\/11\/5ba174f0-49ca-477a-a609-21e464bb679a.jpeg\" rel=\"noreferrer\" data-rel=\"iLightbox[gallery_image_1]\" class=\"fusion-lightbox\" target=\"_self\"><img loading=\"lazy\" decoding=\"async\" src=\"https:\/\/www.mpal.mp.br\/wp-content\/uploads\/2024\/11\/5ba174f0-49ca-477a-a609-21e464bb679a.jpeg\" width=\"1599\" height=\"1066\" alt=\"\" title=\"5ba174f0-49ca-477a-a609-21e464bb679a\" aria-label=\"5ba174f0-49ca-477a-a609-21e464bb679a\" class=\"img-responsive wp-image-49518\" \/><\/a><\/div><\/div><\/div><div class=\"fusion-clearfix\"><\/div>\n\n\t\t\t\t\t<\/div>\n\t\t\t\t<\/div><\/div><\/div>\n","protected":false},"excerpt":{"rendered":"","protected":false},"author":17,"featured_media":49518,"comment_status":"open","ping_status":"open","sticky":false,"template":"","format":"standard","meta":{"om_disable_all_campaigns":false,"_monsterinsights_skip_tracking":false,"_monsterinsights_sitenote_active":false,"_monsterinsights_sitenote_note":"","_monsterinsights_sitenote_category":0,"_uf_show_specific_survey":0,"_uf_disable_surveys":false,"footnotes":""},"categories":[2],"tags":[],"class_list":["post-49468","post","type-post","status-publish","format-standard","has-post-thumbnail","hentry","category-not_mpal"],"aioseo_notices":[],"_links":{"self":[{"href":"https:\/\/www.mpal.mp.br\/index.php?rest_route=\/wp\/v2\/posts\/49468","targetHints":{"allow":["GET"]}}],"collection":[{"href":"https:\/\/www.mpal.mp.br\/index.php?rest_route=\/wp\/v2\/posts"}],"about":[{"href":"https:\/\/www.mpal.mp.br\/index.php?rest_route=\/wp\/v2\/types\/post"}],"author":[{"embeddable":true,"href":"https:\/\/www.mpal.mp.br\/index.php?rest_route=\/wp\/v2\/users\/17"}],"replies":[{"embeddable":true,"href":"https:\/\/www.mpal.mp.br\/index.php?rest_route=%2Fwp%2Fv2%2Fcomments&post=49468"}],"version-history":[{"count":4,"href":"https:\/\/www.mpal.mp.br\/index.php?rest_route=\/wp\/v2\/posts\/49468\/revisions"}],"predecessor-version":[{"id":49519,"href":"https:\/\/www.mpal.mp.br\/index.php?rest_route=\/wp\/v2\/posts\/49468\/revisions\/49519"}],"wp:featuredmedia":[{"embeddable":true,"href":"https:\/\/www.mpal.mp.br\/index.php?rest_route=\/wp\/v2\/media\/49518"}],"wp:attachment":[{"href":"https:\/\/www.mpal.mp.br\/index.php?rest_route=%2Fwp%2Fv2%2Fmedia&parent=49468"}],"wp:term":[{"taxonomy":"category","embeddable":true,"href":"https:\/\/www.mpal.mp.br\/index.php?rest_route=%2Fwp%2Fv2%2Fcategories&post=49468"},{"taxonomy":"post_tag","embeddable":true,"href":"https:\/\/www.mpal.mp.br\/index.php?rest_route=%2Fwp%2Fv2%2Ftags&post=49468"}],"curies":[{"name":"wp","href":"https:\/\/api.w.org\/{rel}","templated":true}]}}