{"id":49390,"date":"2024-10-30T16:53:05","date_gmt":"2024-10-30T19:53:05","guid":{"rendered":"https:\/\/www.mpal.mp.br\/?p=49390"},"modified":"2024-10-30T16:53:05","modified_gmt":"2024-10-30T19:53:05","slug":"caso-joao-de-assis-cinco-acusados-vao-a-juri-popular-nesta-quinta-feira-31","status":"publish","type":"post","link":"https:\/\/www.mpal.mp.br\/?p=49390","title":{"rendered":"Caso Jo\u00e3o de Assis: Cinco acusados v\u00e3o a j\u00fari popular nesta quinta-feira (31)"},"content":{"rendered":"<p class=\"western\" align=\"justify\"><span style=\"color: #000000; font-family: helvetica, arial, sans-serif;\"><span style=\"font-size: medium;\">Nesta quinta-feira (31), a partir das 8h30, ocorrer\u00e1 no F\u00f3rum Desembargador Jairon Maia Fernandes, no Barro Duro, em Macei\u00f3, o j\u00fari dos cinco acusados de participa\u00e7\u00e3o ho cruel assassinato do auditor-fiscal, Jo\u00e3o de Assis Pinto, ocorrido no dia 26 de outubro de 2022. O Minist\u00e9rio P\u00fablico de Alagoas ter\u00e1 na acusa\u00e7\u00e3o a promotora de Justi\u00e7a Adilza de Freitas, titular da 42\u00aa Promotoria de Justi\u00e7a, que atuar\u00e1 com o assistente de acusa\u00e7\u00e3o Bruno Vasconcelos Barros. A sustenta\u00e7\u00e3o ser\u00e1 por crime triplamente qualificado, por meio cruel, motivo torpe e recurso que dificultou a defesa da v\u00edtima .<\/span><\/span><\/p>\n<p class=\"western\" align=\"justify\"><span style=\"color: #000000; font-family: helvetica, arial, sans-serif;\"><span style=\"font-size: medium;\">No banco dos r\u00e9us estar\u00e3o os irm\u00e3os Ronaldo Gomes de Ara\u00fajo, Ricardo Gomes de Ara\u00fajo da Silva e Jo\u00e3o Marcos Gomes de Ara\u00fajo, tamb\u00e9m a m\u00e3e deles Maria Selma Gomes Meira. Al\u00e9m deles, Vinicius Ricardo de Ara\u00fajo Silva. Maria Selma e seu outro filho Jo\u00e3o Marcos s\u00e3o acusados de suporte moral aos executores para que lograssem \u00eaxito no plano criminoso.<\/span><\/span><\/p>\n<p class=\"western\" align=\"justify\"><span style=\"color: #000000; font-family: helvetica, arial, sans-serif;\"><span style=\"font-size: medium;\">Os irm\u00e3os Ronaldo e Ricardo e tamb\u00e9m Vinicius constam nos autos como os que torturaram Jo\u00e3o de Assis, causando-lhe s\u00e9rias les\u00f5es, culminando a viol\u00eancia em sua execu\u00e7\u00e3o. Os cinco foram denunciados por homic\u00eddio triplamente qualificado, al\u00e9m dos crimes conexos de fraude processual, corrup\u00e7\u00e3o de menor e oculta\u00e7\u00e3o de cad\u00e1ver.<\/span><\/span><\/p>\n<p class=\"western\" align=\"justify\"><span style=\"font-family: helvetica, arial, sans-serif;\"><span style=\"font-size: medium;\">O Minist\u00e9rio P\u00fablico n\u00e3o medir\u00e1 esfor\u00e7os para amenizar a dor da fam\u00edlia e de amigos com a justi\u00e7a sendo feita.<\/span><\/span><\/p>\n<p class=\"western\" align=\"justify\"><span style=\"color: #000000; font-family: helvetica, arial, sans-serif;\">\u201c<span style=\"font-size: medium;\">Lutaremos pela condena\u00e7\u00e3o de todos os r\u00e9us. Os filhos e a vi\u00fava do senhor Jo\u00e3o Assis esperam muito por esse momento. Com a condena\u00e7\u00e3o dos r\u00e9us amenizar\u00e1 a dor do luto. O senhor Jo\u00e3o de Assis sofreu e morreu no exerc\u00edcio de suas atividades funcionais. Foram v\u00e1rios anos de dedica\u00e7\u00e3o \u00e0 sociedade alagoana e amanh\u00e3 integrantes dessa sociedade dar\u00e3o a resposta para esse crime t\u00e3o brutal\u201d, afirma a promotora Adilza de Freitas.<\/span><\/span><\/p>\n<p class=\"western\" align=\"justify\"><span style=\"font-family: helvetica, arial, sans-serif;\"><span style=\"font-size: medium;\"><b>Acusa\u00e7\u00f5es<\/b><\/span><\/span><\/p>\n<p class=\"western\" align=\"justify\"><span style=\"color: #000000; font-family: helvetica, arial, sans-serif;\"><span style=\"font-size: medium;\">Ronaldo Gomes, Ricardo Gomes, Jo\u00e3o Marcos (irm\u00e3os) e Vinicius Ricardo, al\u00e9m de responderem pelas tr\u00eas qualificadoras, t\u00eam o pedido de aumento de pena por ter sido o homic\u00eddio cometido contra um idoso e ser\u00e3o julgados, tamb\u00e9m, pelos crimes conexos de corrup\u00e7\u00e3o de menor e oculta\u00e7\u00e3o de cad\u00e1ver. Por\u00e9m, contra Ricardo, al\u00e9m destas, consta outra acusa\u00e7\u00e3o: a de fraude processual destinada a produzir efeito em processo penal.<\/span><\/span><\/p>\n<p class=\"western\" align=\"justify\"><span style=\"color: #000000; font-family: helvetica, arial, sans-serif;\"><span style=\"font-size: medium;\">Ap\u00f3s a instru\u00e7\u00e3o processual , Maria Selma foi impronunciada pelo crime de homic\u00eddio e vai a julgamento por crimes conexos. Responder\u00e1 por fraude processual destinada a produzir efeito em processo penal, corrup\u00e7\u00e3o de menor e oculta\u00e7\u00e3o de cad\u00e1ver. <\/span><\/span><\/p>\n<p class=\"western\" align=\"left\"><span style=\"font-family: helvetica, arial, sans-serif;\"><span style=\"font-size: medium;\"><b>O caso<\/b><\/span><\/span><\/p>\n<p class=\"western\" align=\"justify\"><span style=\"color: #000000; font-family: helvetica, arial, sans-serif;\"><span style=\"font-size: medium;\">Jo\u00e3o de Assis, \u00e0 \u00e9poca com 62 anos, foi brutalmente assassinado, teve o corpo queimado e desovado em um canavial. O auditor-fiscal cumpria seu papel de servidor p\u00fablico e teria incomodado os donos do \u201cPonto 29\u201d, localizado no conjunto Cleto Marques Luz, no Tabuleiro do Martins, em Macei\u00f3, que o mataram por encontrar poss\u00edveis irregularidades fiscais em seu estabelecimento comercial.<\/span><\/span><\/p>\n<p class=\"western\" align=\"justify\"><span style=\"font-family: helvetica, arial, sans-serif;\"><span style=\"font-size: medium;\">Embasada no inqu\u00e9rito policial onde os depoimentos minuciam o ato covarde, a promotora de Justi\u00e7a defende a pena m\u00e1xima para os assassinos que, de forma individualizada, tiveram participa\u00e7\u00e3o na execu\u00e7\u00e3o. Al\u00e9m de buscar condena\u00e7\u00e3o por homic\u00eddio triplamente qualificado a representante ministerial lutar\u00e1 tamb\u00e9m que sejam condenados nos crimes conexos, como oculta\u00e7\u00e3o de cad\u00e1ver e corrup\u00e7\u00e3o de menor.<\/span><\/span><\/p>\n<p class=\"western\" align=\"justify\"><span style=\"font-family: helvetica, arial, sans-serif;\"><span style=\"font-size: medium;\">Ronaldo Gomes \u00e9 r\u00e9u confesso e disse \u00e0 pol\u00edcia ter matado o auditor-fiscal a facadas e apedrejamento.<\/span><\/span><\/p>\n<p align=\"justify\">Imagem: Alagoas 24 Horas<\/p>\n","protected":false},"excerpt":{"rendered":"<p> [&hellip;]<\/p>\n","protected":false},"author":8,"featured_media":49393,"comment_status":"open","ping_status":"open","sticky":false,"template":"","format":"standard","meta":{"om_disable_all_campaigns":false,"_monsterinsights_skip_tracking":false,"_monsterinsights_sitenote_active":false,"_monsterinsights_sitenote_note":"","_monsterinsights_sitenote_category":0,"_uf_show_specific_survey":0,"_uf_disable_surveys":false,"footnotes":""},"categories":[2],"tags":[],"class_list":["post-49390","post","type-post","status-publish","format-standard","has-post-thumbnail","hentry","category-not_mpal"],"aioseo_notices":[],"_links":{"self":[{"href":"https:\/\/www.mpal.mp.br\/index.php?rest_route=\/wp\/v2\/posts\/49390","targetHints":{"allow":["GET"]}}],"collection":[{"href":"https:\/\/www.mpal.mp.br\/index.php?rest_route=\/wp\/v2\/posts"}],"about":[{"href":"https:\/\/www.mpal.mp.br\/index.php?rest_route=\/wp\/v2\/types\/post"}],"author":[{"embeddable":true,"href":"https:\/\/www.mpal.mp.br\/index.php?rest_route=\/wp\/v2\/users\/8"}],"replies":[{"embeddable":true,"href":"https:\/\/www.mpal.mp.br\/index.php?rest_route=%2Fwp%2Fv2%2Fcomments&post=49390"}],"version-history":[{"count":1,"href":"https:\/\/www.mpal.mp.br\/index.php?rest_route=\/wp\/v2\/posts\/49390\/revisions"}],"predecessor-version":[{"id":49394,"href":"https:\/\/www.mpal.mp.br\/index.php?rest_route=\/wp\/v2\/posts\/49390\/revisions\/49394"}],"wp:featuredmedia":[{"embeddable":true,"href":"https:\/\/www.mpal.mp.br\/index.php?rest_route=\/wp\/v2\/media\/49393"}],"wp:attachment":[{"href":"https:\/\/www.mpal.mp.br\/index.php?rest_route=%2Fwp%2Fv2%2Fmedia&parent=49390"}],"wp:term":[{"taxonomy":"category","embeddable":true,"href":"https:\/\/www.mpal.mp.br\/index.php?rest_route=%2Fwp%2Fv2%2Fcategories&post=49390"},{"taxonomy":"post_tag","embeddable":true,"href":"https:\/\/www.mpal.mp.br\/index.php?rest_route=%2Fwp%2Fv2%2Ftags&post=49390"}],"curies":[{"name":"wp","href":"https:\/\/api.w.org\/{rel}","templated":true}]}}