{"id":49340,"date":"2024-10-30T13:31:48","date_gmt":"2024-10-30T16:31:48","guid":{"rendered":"https:\/\/www.mpal.mp.br\/?p=49340"},"modified":"2024-10-30T15:12:22","modified_gmt":"2024-10-30T18:12:22","slug":"japaratinga-a-pedido-do-mp-judiciario-determina-ao-municipio-realizacao-de-concurso-para-a-guarda-municipal","status":"publish","type":"post","link":"https:\/\/www.mpal.mp.br\/?p=49340","title":{"rendered":"JAPARATINGA: A pedido do MP, Judici\u00e1rio determina ao Munic\u00edpio realiza\u00e7\u00e3o de concurso para a Guarda Municipal"},"content":{"rendered":"<p style=\"text-align: justify;\"><span style=\"font-family: helvetica, arial, sans-serif;\">Em Japaratinga, o Minist\u00e9rio P\u00fablico de Alagoas (MPAL), por meio da Promotoria de Justi\u00e7a de Porto Calvo, ajuizou a\u00e7\u00e3o civil p\u00fablica para que o Munic\u00edpio regularize a situa\u00e7\u00e3o da Guarda Municipal, adequando-a aos termos da lei federal n\u00ba 13.022\/2014(Estatuto Geral das Guardas Municipais-EGGM), inclusive promovendo concurso para sua composi\u00e7\u00e3o. Em decis\u00e3o, a Justi\u00e7a determinou intima\u00e7\u00e3o do Munic\u00edpio para que cumpra com tal obriga\u00e7\u00e3o e, no prazo de 30 dias, j\u00e1 apresente cronograma do certame.<\/span><\/p>\n<p style=\"text-align: justify;\"><span style=\"font-family: helvetica, arial, sans-serif;\">Como resultado da a\u00e7\u00e3o civil p\u00fablica, assinada pelos promotores de Justi\u00e7a Paulo Barbosa e Rodrigo Soares, havia sido proferia senten\u00e7a, no ano de 2021, determinando ao Munic\u00edpio de Japaratinga a referida obriga\u00e7\u00e3o de fazer. No entanto, o Munic\u00edpio relutava em cumpri-la em todos os seus termos.<\/span><\/p>\n<p style=\"text-align: justify;\"><span style=\"font-family: helvetica, arial, sans-serif;\">\u201cInclusive, em raz\u00e3o do descumprimento da senten\u00e7a, o Munic\u00edpio j\u00e1 havia sido penalizado com multa fixada e teve valores bloqueados em conta. Agora, ele ter\u00e1 30 dias para adotar as provid\u00eancias necess\u00e1rias \u00e0 adequa\u00e7\u00e3o da guarda, impreterivelmente com a realiza\u00e7\u00e3o do concurso p\u00fablico\u201d, informa o promotor.<\/span><\/p>\n<p style=\"text-align: justify;\"><span style=\"font-family: helvetica, arial, sans-serif;\">\u201cO que n\u00e3o pode persistir \u00e9 a omiss\u00e3o e o desenvolvimento das atividades da guarda de forma ilegal, \u00e9 preciso o concurso para provimento dos respectivos cargos, bem como a harmoniza\u00e7\u00e3o da guarda municipal com os demais \u00f3rg\u00e3os de seguran\u00e7a p\u00fablica\u201d, conclui Rodrigo Soares.<\/span><\/p>\n<p style=\"text-align: justify;\"><span style=\"font-family: helvetica, arial, sans-serif;\"><strong>Decis\u00e3o<\/strong><\/span><\/p>\n<p style=\"text-align: justify;\"><span style=\"font-family: helvetica, arial, sans-serif;\">Parte da decis\u00e3o judicial disp\u00f5e que: \u201cConsiderando o teor do requerimento apresentado pelo representante do Minist\u00e9rio P\u00fablico, determino a intima\u00e7\u00e3o do Munic\u00edpio requerido para que cumpra a obriga\u00e7\u00e3o de realiza\u00e7\u00e3o de concurso p\u00fablico para a guarda municipal, devendo ser apresentado, no prazo de 30 (trinta) dias, o cronograma de referido certame, sob pena de aplica\u00e7\u00e3o de multa. Ainda, proceda-se com a transfer\u00eancia dos valores bloqueados para conta judicial\u201d.<\/span><\/p>\n<p style=\"text-align: justify;\"><span style=\"font-family: helvetica, arial, sans-serif;\">Caso o Munic\u00edpio-r\u00e9u descumpra, e n\u00e3o apresente o cronograma, dever\u00e1 ser aplicada nova multa ao Munic\u00edpio.<\/span><\/p>\n<p style=\"text-align: justify;\"><span style=\"font-family: helvetica, arial, sans-serif;\">Os valores bloqueados ser\u00e3o revertidos ao Fundo Especial de Repara\u00e7\u00e3o dos Interesses Difusos Lesados.<\/span><\/p>\n","protected":false},"excerpt":{"rendered":"<p> [&hellip;]<\/p>\n","protected":false},"author":8,"featured_media":48843,"comment_status":"open","ping_status":"open","sticky":false,"template":"","format":"standard","meta":{"om_disable_all_campaigns":false,"_monsterinsights_skip_tracking":false,"_monsterinsights_sitenote_active":false,"_monsterinsights_sitenote_note":"","_monsterinsights_sitenote_category":0,"_uf_show_specific_survey":0,"_uf_disable_surveys":false,"footnotes":""},"categories":[2],"tags":[],"class_list":["post-49340","post","type-post","status-publish","format-standard","has-post-thumbnail","hentry","category-not_mpal"],"aioseo_notices":[],"_links":{"self":[{"href":"https:\/\/www.mpal.mp.br\/index.php?rest_route=\/wp\/v2\/posts\/49340","targetHints":{"allow":["GET"]}}],"collection":[{"href":"https:\/\/www.mpal.mp.br\/index.php?rest_route=\/wp\/v2\/posts"}],"about":[{"href":"https:\/\/www.mpal.mp.br\/index.php?rest_route=\/wp\/v2\/types\/post"}],"author":[{"embeddable":true,"href":"https:\/\/www.mpal.mp.br\/index.php?rest_route=\/wp\/v2\/users\/8"}],"replies":[{"embeddable":true,"href":"https:\/\/www.mpal.mp.br\/index.php?rest_route=%2Fwp%2Fv2%2Fcomments&post=49340"}],"version-history":[{"count":2,"href":"https:\/\/www.mpal.mp.br\/index.php?rest_route=\/wp\/v2\/posts\/49340\/revisions"}],"predecessor-version":[{"id":49343,"href":"https:\/\/www.mpal.mp.br\/index.php?rest_route=\/wp\/v2\/posts\/49340\/revisions\/49343"}],"wp:featuredmedia":[{"embeddable":true,"href":"https:\/\/www.mpal.mp.br\/index.php?rest_route=\/wp\/v2\/media\/48843"}],"wp:attachment":[{"href":"https:\/\/www.mpal.mp.br\/index.php?rest_route=%2Fwp%2Fv2%2Fmedia&parent=49340"}],"wp:term":[{"taxonomy":"category","embeddable":true,"href":"https:\/\/www.mpal.mp.br\/index.php?rest_route=%2Fwp%2Fv2%2Fcategories&post=49340"},{"taxonomy":"post_tag","embeddable":true,"href":"https:\/\/www.mpal.mp.br\/index.php?rest_route=%2Fwp%2Fv2%2Ftags&post=49340"}],"curies":[{"name":"wp","href":"https:\/\/api.w.org\/{rel}","templated":true}]}}