{"id":49324,"date":"2024-10-29T17:16:39","date_gmt":"2024-10-29T20:16:39","guid":{"rendered":"https:\/\/www.mpal.mp.br\/?p=49324"},"modified":"2024-10-29T17:20:50","modified_gmt":"2024-10-29T20:20:50","slug":"pao-de-acucar-homem-e-condenado-a-23-anos-de-prisao-acusado-de-estuprar-a-filha-de-13-anos","status":"publish","type":"post","link":"https:\/\/www.mpal.mp.br\/?p=49324","title":{"rendered":"P\u00c3O DE A\u00c7\u00daCAR: Homem \u00e9 condenado a 23 anos de pris\u00e3o acusado de estuprar a filha de 13 anos"},"content":{"rendered":"<p align=\"justify\"><span style=\"font-family: helvetica, arial, sans-serif;\">Em P\u00e3o de A\u00e7\u00facar, ap\u00f3s den\u00fancia ajuizada pelo Minist\u00e9rio P\u00fablico do Estado de Alagoas\u00a0 (MPAL), um homem foi condenado a 23 anos e dois meses de pris\u00e3o, em regime fechado, pelo cometimento do crime de estupro de vulner\u00e1vel contra a pr\u00f3pria filha, \u00e0 \u00e9poca uma menina de apenas 13 anos. O crime foi descoberto em outubro de 2014 e confirmado com detalhes pela v\u00edtima que tamb\u00e9m sofria amea\u00e7as para n\u00e3o revelar a viol\u00eancia sofrida. <\/span><\/p>\n<p><span style=\"font-family: helvetica, arial, sans-serif;\">Consta nos autos que devido \u00e0 viol\u00eancia sofrida, a menina (hoje com 23 anos) passou por s\u00e9rios problemas psicol\u00f3gicos, circunst\u00e2ncia valorada negativamente agravando a pena. Os pais da v\u00edtima eram separados quando os abusos foram descobertos. \u00c0 \u00e9poca foi solicitado o exame de corpo de delito, confirmando em seu resultado vest\u00edgios de ato libidinoso. Sabendo dos procedimentos policiais e da den\u00fancia do Minist\u00e9rio P\u00fablico, o acusado se evadiu e foi decretada a sua pris\u00e3o preventiva. O r\u00e9u j\u00e1 se encontra preso.<\/span><\/p>\n<p align=\"justify\"><span style=\"font-family: helvetica, arial, sans-serif;\">O que o Minist\u00e9rio P\u00fablico quer destacar \u00e9 que, apesar de 10 anos entre a descoberta e o julgamento, esse tipo de crime hediondo jamais ficar\u00e1 impune e a decis\u00e3o judicial serve de alerta para quem pretende ou continua vitimando meninas e meninos.<\/span><\/p>\n","protected":false},"excerpt":{"rendered":"<p> [&hellip;]<\/p>\n","protected":false},"author":8,"featured_media":33029,"comment_status":"open","ping_status":"open","sticky":false,"template":"","format":"standard","meta":{"om_disable_all_campaigns":false,"_monsterinsights_skip_tracking":false,"_monsterinsights_sitenote_active":false,"_monsterinsights_sitenote_note":"","_monsterinsights_sitenote_category":0,"_uf_show_specific_survey":0,"_uf_disable_surveys":false,"footnotes":""},"categories":[2],"tags":[],"class_list":["post-49324","post","type-post","status-publish","format-standard","has-post-thumbnail","hentry","category-not_mpal"],"aioseo_notices":[],"_links":{"self":[{"href":"https:\/\/www.mpal.mp.br\/index.php?rest_route=\/wp\/v2\/posts\/49324","targetHints":{"allow":["GET"]}}],"collection":[{"href":"https:\/\/www.mpal.mp.br\/index.php?rest_route=\/wp\/v2\/posts"}],"about":[{"href":"https:\/\/www.mpal.mp.br\/index.php?rest_route=\/wp\/v2\/types\/post"}],"author":[{"embeddable":true,"href":"https:\/\/www.mpal.mp.br\/index.php?rest_route=\/wp\/v2\/users\/8"}],"replies":[{"embeddable":true,"href":"https:\/\/www.mpal.mp.br\/index.php?rest_route=%2Fwp%2Fv2%2Fcomments&post=49324"}],"version-history":[{"count":2,"href":"https:\/\/www.mpal.mp.br\/index.php?rest_route=\/wp\/v2\/posts\/49324\/revisions"}],"predecessor-version":[{"id":49326,"href":"https:\/\/www.mpal.mp.br\/index.php?rest_route=\/wp\/v2\/posts\/49324\/revisions\/49326"}],"wp:featuredmedia":[{"embeddable":true,"href":"https:\/\/www.mpal.mp.br\/index.php?rest_route=\/wp\/v2\/media\/33029"}],"wp:attachment":[{"href":"https:\/\/www.mpal.mp.br\/index.php?rest_route=%2Fwp%2Fv2%2Fmedia&parent=49324"}],"wp:term":[{"taxonomy":"category","embeddable":true,"href":"https:\/\/www.mpal.mp.br\/index.php?rest_route=%2Fwp%2Fv2%2Fcategories&post=49324"},{"taxonomy":"post_tag","embeddable":true,"href":"https:\/\/www.mpal.mp.br\/index.php?rest_route=%2Fwp%2Fv2%2Ftags&post=49324"}],"curies":[{"name":"wp","href":"https:\/\/api.w.org\/{rel}","templated":true}]}}