{"id":49287,"date":"2024-10-29T15:11:07","date_gmt":"2024-10-29T18:11:07","guid":{"rendered":"https:\/\/www.mpal.mp.br\/?p=49287"},"modified":"2024-10-30T13:57:09","modified_gmt":"2024-10-30T16:57:09","slug":"maceio-mpal-e-dpe-al-cobra-de-municipio-e-da-camara-de-vereadores-ajustes-orcamentarios-para-garantir-combate-ao-analfabetismo","status":"publish","type":"post","link":"https:\/\/www.mpal.mp.br\/?p=49287","title":{"rendered":"MACEI\u00d3: MPAL e DPE\/AL cobram de Munic\u00edpio e da C\u00e2mara de Vereadores ajustes or\u00e7ament\u00e1rios para garantir combate ao analfabetismo"},"content":{"rendered":"<p class=\"western\" align=\"justify\"><span style=\"font-family: helvetica, arial, sans-serif;\">Tendo como base a Lei n\u00ba 9.394\/1996 , de Diretrizes e Bases da Educa\u00e7\u00e3o Nacional (LDB), o Minist\u00e9rio P\u00fablico de Alagoas (MPAL) e a Defensoria P\u00fablica Estadual (DPE) encaminharam of\u00edcio ao prefeito de Macei\u00f3, Jo\u00e3o Henrique Caldas, ao procurador-geral do Munic\u00edpio, Jo\u00e3o Lobo, bem como aos vereadores cobrando maior destina\u00e7\u00e3o de recursos e melhoria na Educa\u00e7\u00e3o de Jovens, Adultos e Idosos (EJAI). Para os referidos \u00f3rg\u00e3os, o Munic\u00edpio de Macei\u00f3 deve prestar esclarecimentos pela redu\u00e7\u00e3o considerada extrema em rela\u00e7\u00e3o aos valores previstos no Projeto de Lei Or\u00e7ament\u00e1ria 2025 (PLOA).<\/span><\/p>\n<p class=\"western\" align=\"justify\"><span style=\"font-family: helvetica, arial, sans-serif;\">No of\u00edcio \u00e9 refor\u00e7ado que o munic\u00edpio de Macei\u00f3 se destaca como um dos piores no de Desenvolvimento da Educa\u00e7\u00e3o B\u00e1sica (IDEB), urgindo a necessidade de maiores investimentos, o que s\u00f3 pode ser confirmado com ajustes or\u00e7ament\u00e1rios. O Censo de 2022 (IBGE) diz que Macei\u00f3, na faixa de 500 mil habitantes ou mais, ocupa o \u00faltimo lugar com 8,4% de sua popula\u00e7\u00e3o analfabeta.<\/span><\/p>\n<p class=\"western\" align=\"justify\"><span style=\"font-family: helvetica, arial, sans-serif;\">No entanto, pelo PLOA 2025 haver\u00e1 uma redu\u00e7\u00e3o dr\u00e1stica e que causar\u00e1 danos irrepar\u00e1veis na vida de quem se encontra em estado de maior vulnerabilidade socioecon\u00f4mica. Para o MPAL e a DPE\/AL ele promove retrocesso inconstitucional e insufici\u00eancia dos recursos alocados, para alcan\u00e7ar os objetivos constitucionais.<\/span><\/p>\n<p class=\"western\" align=\"justify\"><span style=\"font-family: helvetica, arial, sans-serif;\">Na unidade or\u00e7ament\u00e1ria 12002 (SEMED) &#8211; 12.366.0020.229909 &#8211; de Implementar a Pol\u00edtica de Jovens, Adultos e Idosos houve aminguamento nos recursos propostos que ca\u00edram de R$ 7.800,00, em 2024, para R$ 2.197.410,00 no PLOA 2025 o que tornaria, de acordo com a promotora de Justi\u00e7a Alexandra Beurlen e o defensor p\u00fablico estadual Isaac Souto, insuficiente para implementar e desenvolver o EJAI.<\/span><\/p>\n","protected":false},"excerpt":{"rendered":"<p> [&hellip;]<\/p>\n","protected":false},"author":8,"featured_media":49288,"comment_status":"open","ping_status":"open","sticky":false,"template":"","format":"standard","meta":{"om_disable_all_campaigns":false,"_monsterinsights_skip_tracking":false,"_monsterinsights_sitenote_active":false,"_monsterinsights_sitenote_note":"","_monsterinsights_sitenote_category":0,"_uf_show_specific_survey":0,"_uf_disable_surveys":false,"footnotes":""},"categories":[2],"tags":[],"class_list":["post-49287","post","type-post","status-publish","format-standard","has-post-thumbnail","hentry","category-not_mpal"],"aioseo_notices":[],"_links":{"self":[{"href":"https:\/\/www.mpal.mp.br\/index.php?rest_route=\/wp\/v2\/posts\/49287","targetHints":{"allow":["GET"]}}],"collection":[{"href":"https:\/\/www.mpal.mp.br\/index.php?rest_route=\/wp\/v2\/posts"}],"about":[{"href":"https:\/\/www.mpal.mp.br\/index.php?rest_route=\/wp\/v2\/types\/post"}],"author":[{"embeddable":true,"href":"https:\/\/www.mpal.mp.br\/index.php?rest_route=\/wp\/v2\/users\/8"}],"replies":[{"embeddable":true,"href":"https:\/\/www.mpal.mp.br\/index.php?rest_route=%2Fwp%2Fv2%2Fcomments&post=49287"}],"version-history":[{"count":2,"href":"https:\/\/www.mpal.mp.br\/index.php?rest_route=\/wp\/v2\/posts\/49287\/revisions"}],"predecessor-version":[{"id":49342,"href":"https:\/\/www.mpal.mp.br\/index.php?rest_route=\/wp\/v2\/posts\/49287\/revisions\/49342"}],"wp:featuredmedia":[{"embeddable":true,"href":"https:\/\/www.mpal.mp.br\/index.php?rest_route=\/wp\/v2\/media\/49288"}],"wp:attachment":[{"href":"https:\/\/www.mpal.mp.br\/index.php?rest_route=%2Fwp%2Fv2%2Fmedia&parent=49287"}],"wp:term":[{"taxonomy":"category","embeddable":true,"href":"https:\/\/www.mpal.mp.br\/index.php?rest_route=%2Fwp%2Fv2%2Fcategories&post=49287"},{"taxonomy":"post_tag","embeddable":true,"href":"https:\/\/www.mpal.mp.br\/index.php?rest_route=%2Fwp%2Fv2%2Ftags&post=49287"}],"curies":[{"name":"wp","href":"https:\/\/api.w.org\/{rel}","templated":true}]}}