{"id":49232,"date":"2024-10-28T08:13:32","date_gmt":"2024-10-28T11:13:32","guid":{"rendered":"https:\/\/www.mpal.mp.br\/?p=49232"},"modified":"2024-10-28T08:13:32","modified_gmt":"2024-10-28T11:13:32","slug":"caso-kleber-malaquias-a-pedido-do-mpal-policial-civil-envolvido-no-crime-e-transferido-para-presidio-federal","status":"publish","type":"post","link":"https:\/\/www.mpal.mp.br\/?p=49232","title":{"rendered":"Caso Kleber Malaquias: A pedido do MPAL policial civil envolvido no crime \u00e9 transferido para pres\u00eddio federal"},"content":{"rendered":"<p align=\"justify\"><span style=\"font-family: helvetica, arial, sans-serif;\"><span style=\"font-size: medium;\">Por precau\u00e7\u00e3o <\/span><span style=\"font-size: medium;\">e com o intuito de neutralizar a influ\u00eancia constatada do policial civil Eudson Oliveira de Matos, acusado de envolvimento no assassinato do ativista pol\u00edtico Kleber Malaquias, o Minist\u00e9rio P\u00fablico de Alagoas (MPAL) por meio dos promotores de Justi\u00e7a que atuam no caso e do Grupo de Atua\u00e7\u00e3o Especial de Combate ao Crime Organizado (Gaeco) <\/span><span style=\"font-size: medium;\">formul<\/span><span style=\"font-size: medium;\">ou <\/span><span style=\"font-size: medium;\">o pedido emergencial de inclus\u00e3o do preso em pres\u00eddio federal,<\/span><span style=\"font-size: medium;\"> o que foi deferido pelo Juizo da 3\u00aa Vara de Rio Largo. <\/span><span style=\"font-size: medium;\">Decis\u00e3o similar foi adotada pela Diretoria do Sistema Prisional Federal que entendeu o pedido <\/span>como medida no interesse da seguran\u00e7a p\u00fablica e <span style=\"font-size: medium;\">indicou a transfer\u00eancia para a Penitenci\u00e1ria Federal em Bras\u00edlia (PFBRA), <\/span><span style=\"font-size: medium;\">o que ocorreu nesse s\u00e1bado (26)<\/span><span style=\"font-size: medium;\">.<\/span><\/span><\/p>\n<p align=\"justify\"><span style=\"font-family: helvetica, arial, sans-serif;\"><span style=\"font-size: small;\">O <\/span><span style=\"font-size: small;\">policial civil encontrava-se desde o dia 2 de Outubro de 2024 recolhido na Central de Flagrantes de Macei\u00f3 uma unidade da Pol\u00edcia Civil de Alagoas. <\/span><span style=\"font-size: small;\">Tido como o l\u00edder de uma organiza\u00e7\u00e3o criminosa que executou Kleber Malaquias em 2020, o Minist\u00e9rio P\u00fablico entendeu que sua perman\u00eancia em Alagoas poderia atrapalhar o processo, bem como colocar em risco a pr\u00f3pria integridade f\u00edsica do preso. <\/span><\/span><\/p>\n<p align=\"justify\"><span style=\"font-family: helvetica, arial, sans-serif;\"><span style=\"font-size: small;\">De acordo com a Lei 11.671\/2008, regulamentada pelo Decreto 6.877\/2009, tem perfil para inclus\u00e3o nas unidades federais quem desempenhar fun\u00e7\u00e3o de lideran\u00e7a ou participado de forma relevante em organiza\u00e7\u00e3o criminosa; tiver praticado crime que coloque em risco a sua integridade f\u00edsica no ambiente prisional de origem; e tamb\u00e9m quem for membro de quadrilha ou bando, envolvido na pr\u00e1tica reiterada de crimes com viol\u00eancia ou grave amea\u00e7a; No caso do ativista pol\u00edtico Kleber Malaquias, o policial , segundo os autos, foi o respons\u00e1vel por toda a log\u00edstica, estando, inclusive, nas proximidades do \u201cBar da Buchada\u201d onde ocorrera o assassinato para suporte aos criminosos.<\/span><\/span><\/p>\n<p align=\"justify\"><span style=\"font-family: helvetica, arial, sans-serif;\"><span style=\"font-size: small;\">N<\/span><span style=\"font-size: small;\">os autos, o Minist\u00e9rio P\u00fablico elenca outras a\u00e7\u00f5es criminosas atreladas ao policial civil refor\u00e7ando a inviabilidade de continuar em Alagoas mantendo contatos suspeitos.<\/span><\/span><\/p>\n","protected":false},"excerpt":{"rendered":"<p> [&hellip;]<\/p>\n","protected":false},"author":8,"featured_media":29741,"comment_status":"open","ping_status":"open","sticky":false,"template":"","format":"standard","meta":{"om_disable_all_campaigns":false,"_monsterinsights_skip_tracking":false,"_monsterinsights_sitenote_active":false,"_monsterinsights_sitenote_note":"","_monsterinsights_sitenote_category":0,"_uf_show_specific_survey":0,"_uf_disable_surveys":false,"footnotes":""},"categories":[2],"tags":[],"class_list":["post-49232","post","type-post","status-publish","format-standard","has-post-thumbnail","hentry","category-not_mpal"],"aioseo_notices":[],"_links":{"self":[{"href":"https:\/\/www.mpal.mp.br\/index.php?rest_route=\/wp\/v2\/posts\/49232","targetHints":{"allow":["GET"]}}],"collection":[{"href":"https:\/\/www.mpal.mp.br\/index.php?rest_route=\/wp\/v2\/posts"}],"about":[{"href":"https:\/\/www.mpal.mp.br\/index.php?rest_route=\/wp\/v2\/types\/post"}],"author":[{"embeddable":true,"href":"https:\/\/www.mpal.mp.br\/index.php?rest_route=\/wp\/v2\/users\/8"}],"replies":[{"embeddable":true,"href":"https:\/\/www.mpal.mp.br\/index.php?rest_route=%2Fwp%2Fv2%2Fcomments&post=49232"}],"version-history":[{"count":1,"href":"https:\/\/www.mpal.mp.br\/index.php?rest_route=\/wp\/v2\/posts\/49232\/revisions"}],"predecessor-version":[{"id":49233,"href":"https:\/\/www.mpal.mp.br\/index.php?rest_route=\/wp\/v2\/posts\/49232\/revisions\/49233"}],"wp:featuredmedia":[{"embeddable":true,"href":"https:\/\/www.mpal.mp.br\/index.php?rest_route=\/wp\/v2\/media\/29741"}],"wp:attachment":[{"href":"https:\/\/www.mpal.mp.br\/index.php?rest_route=%2Fwp%2Fv2%2Fmedia&parent=49232"}],"wp:term":[{"taxonomy":"category","embeddable":true,"href":"https:\/\/www.mpal.mp.br\/index.php?rest_route=%2Fwp%2Fv2%2Fcategories&post=49232"},{"taxonomy":"post_tag","embeddable":true,"href":"https:\/\/www.mpal.mp.br\/index.php?rest_route=%2Fwp%2Fv2%2Ftags&post=49232"}],"curies":[{"name":"wp","href":"https:\/\/api.w.org\/{rel}","templated":true}]}}