{"id":49225,"date":"2024-10-25T18:20:17","date_gmt":"2024-10-25T21:20:17","guid":{"rendered":"https:\/\/www.mpal.mp.br\/?p=49225"},"modified":"2024-10-25T18:23:36","modified_gmt":"2024-10-25T21:23:36","slug":"promotores-do-gaeco-se-reunem-com-juizes-da-17a-vara-criminal-para-discutir-acoes-penais-e-pics-instaurados","status":"publish","type":"post","link":"https:\/\/www.mpal.mp.br\/?p=49225","title":{"rendered":"Promotores do Gaeco se re\u00fanem com ju\u00edzes da 17\u00aa Vara Criminal para discutir a\u00e7\u00f5es penais e PICs instaurados"},"content":{"rendered":"<p style=\"text-align: justify;\"><span style=\"font-family: helvetica, arial, sans-serif; font-size: 12pt;\">Os promotores de Justi\u00e7a que integram o <span style=\"color: #000000;\">Grupo de Atua\u00e7\u00e3o Especial de Combate \u00e0s Organiza\u00e7\u00f5es Criminosas (Gaeco) do Minist\u00e9rio P\u00fablico do Estado de Alagoas (MPAL) se reuniram<\/span><span style=\"color: #000000;\">, nesta sexta-feira (<\/span><span style=\"color: #000000;\">25), com os ju\u00edzes que integram a <\/span>17\u00aa Vara Criminal da capital. No encontro, eles debateram diversas quest\u00f5es institucionais relacionadas aos dois \u00f3rg\u00e3os, a exemplo do andamento das a\u00e7\u00f5es penais ajuizadas pelo Gaeco e que est\u00e3o em tr\u00e2mite naquela unidade judici\u00e1ria.<\/span><\/p>\n<p style=\"text-align: justify;\"><span style=\"font-family: helvetica, arial, sans-serif; font-size: 12pt;\">Pelo Gaeco, estiveram presentes o seu atual coordenador, o promotor de Justi\u00e7a Napole\u00e3o Amaral Franco, e os promotores de Justi\u00e7a Ham\u00edlton Carneiro, El\u00edsio Maia, Hylza Paiva Torres e Ilda Regina Reis, todos integrantes do Grupo. Pela 17\u00aa Vara, participaram os magistrados Geneir Marques de Carvalho, Joyce Ara\u00fajo Florentino e Clarissa Oliveira Mascarenhas. <\/span><\/p>\n<p style=\"text-align: justify;\"><span style=\"font-family: helvetica, arial, sans-serif; font-size: 12pt;\">\u201cTemos uma grande quantidade de a\u00e7\u00f5es penais ajuizadas perante a 17\u00aa Vara e precis\u00e1vamos discutir alguns tr\u00e2mites processuais, al\u00e9m de formalidades na comunica\u00e7\u00e3o e tramita\u00e7\u00e3o dos procedimentos investigat\u00f3rios criminais, mais conhecidos como PICs\u201d, explicou Napole\u00e3o Amaral Franco.<\/span><\/p>\n<p style=\"text-align: justify;\"><span style=\"color: #000000; font-family: helvetica, arial, sans-serif; font-size: 12pt;\"><b><strong>As atribui\u00e7\u00f5es<\/strong><\/b><\/span><\/p>\n<p style=\"text-align: justify;\" align=\"justify\"><span style=\"color: #000000; font-family: helvetica, arial, sans-serif; font-size: 12pt;\">Criado pela resolu\u00e7\u00e3o n\u00ba 3\/16, o Gaeco, tem, dentre outras coisas, atribui\u00e7\u00e3o para realizar investiga\u00e7\u00f5es e fazer uso de servi\u00e7os de intelig\u00eancia; acompanhar inqu\u00e9ritos policiais; instaurar procedimentos administrativos de investiga\u00e7\u00e3o na \u00e1rea de sua atribui\u00e7\u00e3o, decretando, quando justificado, e por despacho fundamentado, o sigilo respectivo; e expedir notifica\u00e7\u00f5es para colher depoimentos, esclarecimentos e, em caso de aus\u00eancia injustificada, requisitar a condu\u00e7\u00e3o coercitiva por interm\u00e9dio das pol\u00edcias civil e militar, nos termos da respectiva Lei.<\/span><\/p>\n<p style=\"text-align: justify;\" align=\"justify\"><span style=\"color: #000000; font-family: helvetica, arial, sans-serif; font-size: 12pt;\">Tamb\u00e9m \u00e9 miss\u00e3o do Gaeco receber representa\u00e7\u00f5es de qualquer pessoa ou entidade, assim como noticia de fato criminoso atrav\u00e9s de servi\u00e7o \u201cdisque den\u00fancia\u201d, institu\u00eddo por \u00f3rg\u00e3os p\u00fablicos; formar e manter banco de dados; requisitar diretamente de \u00f3rg\u00e3os p\u00fablicos servi\u00e7os t\u00e9cnicos e informa\u00e7\u00f5es necess\u00e1rias \u00e0 consecu\u00e7\u00e3o de suas atividades; oferecer den\u00fancia, acompanhando-a at\u00e9 seu recebimento, bem como, requerer o arquivamento de inqu\u00e9rito policial ou procedimento administrativo; promover medidas cautelares preparat\u00f3rias necess\u00e1rias \u00e0 persecu\u00e7\u00e3o penal; e realizar outras atividades necess\u00e1rias \u00e0 identifica\u00e7\u00e3o de autoria e produ\u00e7\u00e3o de provas.<\/span><\/p>\n","protected":false},"excerpt":{"rendered":"<p> [&hellip;]<\/p>\n","protected":false},"author":17,"featured_media":49178,"comment_status":"open","ping_status":"open","sticky":false,"template":"","format":"standard","meta":{"om_disable_all_campaigns":false,"_monsterinsights_skip_tracking":false,"_monsterinsights_sitenote_active":false,"_monsterinsights_sitenote_note":"","_monsterinsights_sitenote_category":0,"_uf_show_specific_survey":0,"_uf_disable_surveys":false,"footnotes":""},"categories":[2],"tags":[],"class_list":["post-49225","post","type-post","status-publish","format-standard","has-post-thumbnail","hentry","category-not_mpal"],"aioseo_notices":[],"_links":{"self":[{"href":"https:\/\/www.mpal.mp.br\/index.php?rest_route=\/wp\/v2\/posts\/49225","targetHints":{"allow":["GET"]}}],"collection":[{"href":"https:\/\/www.mpal.mp.br\/index.php?rest_route=\/wp\/v2\/posts"}],"about":[{"href":"https:\/\/www.mpal.mp.br\/index.php?rest_route=\/wp\/v2\/types\/post"}],"author":[{"embeddable":true,"href":"https:\/\/www.mpal.mp.br\/index.php?rest_route=\/wp\/v2\/users\/17"}],"replies":[{"embeddable":true,"href":"https:\/\/www.mpal.mp.br\/index.php?rest_route=%2Fwp%2Fv2%2Fcomments&post=49225"}],"version-history":[{"count":5,"href":"https:\/\/www.mpal.mp.br\/index.php?rest_route=\/wp\/v2\/posts\/49225\/revisions"}],"predecessor-version":[{"id":49230,"href":"https:\/\/www.mpal.mp.br\/index.php?rest_route=\/wp\/v2\/posts\/49225\/revisions\/49230"}],"wp:featuredmedia":[{"embeddable":true,"href":"https:\/\/www.mpal.mp.br\/index.php?rest_route=\/wp\/v2\/media\/49178"}],"wp:attachment":[{"href":"https:\/\/www.mpal.mp.br\/index.php?rest_route=%2Fwp%2Fv2%2Fmedia&parent=49225"}],"wp:term":[{"taxonomy":"category","embeddable":true,"href":"https:\/\/www.mpal.mp.br\/index.php?rest_route=%2Fwp%2Fv2%2Fcategories&post=49225"},{"taxonomy":"post_tag","embeddable":true,"href":"https:\/\/www.mpal.mp.br\/index.php?rest_route=%2Fwp%2Fv2%2Ftags&post=49225"}],"curies":[{"name":"wp","href":"https:\/\/api.w.org\/{rel}","templated":true}]}}