{"id":49167,"date":"2024-10-24T16:05:12","date_gmt":"2024-10-24T19:05:12","guid":{"rendered":"https:\/\/www.mpal.mp.br\/?p=49167"},"modified":"2024-10-24T16:05:12","modified_gmt":"2024-10-24T19:05:12","slug":"maceio-mps-e-defensorias-consideram-dotacao-orcamentaria-do-ploa-2025-um-retrocesso-inconstitucional","status":"publish","type":"post","link":"https:\/\/www.mpal.mp.br\/?p=49167","title":{"rendered":"MACEI\u00d3: Mps e Defensorias consideram dota\u00e7\u00e3o or\u00e7ament\u00e1ria do PLOA 2025 um retrocesso inconstitucional"},"content":{"rendered":"<p class=\"western\" align=\"justify\"><span style=\"font-family: helvetica, arial, sans-serif;\">Os minist\u00e9rios p\u00fablicos Estadual (MPAL) e Federal (MPF), as defensorias p\u00fablicas Estadual (DPE) e da Uni\u00e3o (DPU) enviaram of\u00edcio ao prefeito de Macei\u00f3, Jo\u00e3o Henrique Caldas, ao procurador-geral do Munic\u00edpio, Jo\u00e3o Lobo, e \u00e0 secret\u00e1ria da Mulher, Pessoas com Defici\u00eancia, Idosos e Cidadania (Semuc), Sarah da Silva Nunes, para que se atenham aos ajustes or\u00e7ament\u00e1rios necess\u00e1rios visando a promo\u00e7\u00e3o da igualdade das mulheres, das pessoas com defici\u00eancia, das pessoas idosas, negras e LGBTQIAPN+. Para os \u00f3rg\u00e3os, o previsto no Projeto de Lei Or\u00e7ament\u00e1ria Anual 2025 \u00e9 considerado retrocesso inconstitucional visto que os valores na dota\u00e7\u00e3o or\u00e7ament\u00e1ria sofreram redu\u00e7\u00f5es dr\u00e1sticas.<\/span><\/p>\n<p class=\"western\" align=\"justify\"><span style=\"font-family: helvetica, arial, sans-serif;\">De acordo com o documento, o projeto enviado \u00e0 C\u00e2mara de Vereadores de Macei\u00f3 viola todos os direitos fundamentais e os valores s\u00e3o incompat\u00edveis para a promo\u00e7\u00e3o de pol\u00edticas p\u00fablicas voltadas \u00e0s pessoas mencionadas. Na unidade or\u00e7ament\u00e1ria Semuc, por exemplo, no PLOA de 2025 o impacto negativo foi de 62,12% saindo de R$ 3.350 milh\u00f5es em 2024 para R$ 1.269 milh\u00f5es. Quem sofreu tamb\u00e9m uma dr\u00e1stica diminui\u00e7\u00e3o na dota\u00e7\u00e3o or\u00e7ament\u00e1ria foi o Fundo Municipal da Pessoa Idosa tendo valor estabelecido de R$ 150.259,00 quando em 2024 o programado foi de R$ 1.917 milh\u00f5es, ou seja, um dano de 92.16% no que foi destinado \u00e0s pol\u00edticas p\u00fablicas para esse p\u00fablico.<\/span><\/p>\n<p class=\"western\" align=\"justify\"><span style=\"font-family: helvetica, arial, sans-serif;\">Como se n\u00e3o bastasse, o Fundo da Mulher que teve valor de R$ 1.000,00 aprovado para todo o ano de 2024 foi mantido, significando investimento de R$ 83,00 ao m\u00eas o que torna invi\u00e1vel o desenvolvimento de pol\u00edticas p\u00fablicas e qualquer tentativa de promo\u00e7\u00e3o de cidadania. Para as a\u00e7\u00f5es program\u00e1ticas de assist\u00eancia social, referentes \u00e0s pessoas com defici\u00eancia, no PLOA 2025 tamb\u00e9m houve diminui\u00e7\u00e3o de valores.<\/span><\/p>\n<p class=\"western\" align=\"justify\"><span style=\"font-family: helvetica, arial, sans-serif;\">\u00c0 Semuc est\u00e3o vinculados os conselhos Municipais dos Direitos da Mulher, de Cidadania e Direitos da Popula\u00e7\u00e3o LGBT, dos direitos da Pessoa com Defici\u00eancia e da Pessoa Idosa, al\u00e9m dos Fundos Municipais da Mulher, Pessoa com Defici\u00eancia, Idosos e Cidadania.<\/span><\/p>\n<p class=\"western\" align=\"justify\"><span style=\"font-family: helvetica, arial, sans-serif;\">Eles ressaltam que, de acordo com a Lei Delegada Municipal n\u00ba 04\/2023, \u201cno exerc\u00edcio do Poder Executivo, os secret\u00e1rios municipais devem propiciar a melhoria das condi\u00e7\u00f5es sociais, econ\u00f4micas e culturais dos habitantes do Munic\u00edpio de Macei\u00f3\u201d, o que claramente entra em contradi\u00e7\u00e3o com o PLOA 2025.<\/span><\/p>\n<p class=\"western\" align=\"justify\"><span style=\"font-family: helvetica, arial, sans-serif;\">\u00c0 Secretaria da Mulher foi dado um prazo de 10 dias para apresentar relat\u00f3rio de monitoramento de cada um dos planos municipais vigentes em 2024 e tamb\u00e9m documentos que comprovem suas atua\u00e7\u00f5es para assegurar as efetiva\u00e7\u00f5es das mesmas.<\/span><\/p>\n","protected":false},"excerpt":{"rendered":"<p> [&hellip;]<\/p>\n","protected":false},"author":8,"featured_media":49168,"comment_status":"open","ping_status":"open","sticky":false,"template":"","format":"standard","meta":{"om_disable_all_campaigns":false,"_monsterinsights_skip_tracking":false,"_monsterinsights_sitenote_active":false,"_monsterinsights_sitenote_note":"","_monsterinsights_sitenote_category":0,"_uf_show_specific_survey":0,"_uf_disable_surveys":false,"footnotes":""},"categories":[2],"tags":[],"class_list":["post-49167","post","type-post","status-publish","format-standard","has-post-thumbnail","hentry","category-not_mpal"],"aioseo_notices":[],"_links":{"self":[{"href":"https:\/\/www.mpal.mp.br\/index.php?rest_route=\/wp\/v2\/posts\/49167","targetHints":{"allow":["GET"]}}],"collection":[{"href":"https:\/\/www.mpal.mp.br\/index.php?rest_route=\/wp\/v2\/posts"}],"about":[{"href":"https:\/\/www.mpal.mp.br\/index.php?rest_route=\/wp\/v2\/types\/post"}],"author":[{"embeddable":true,"href":"https:\/\/www.mpal.mp.br\/index.php?rest_route=\/wp\/v2\/users\/8"}],"replies":[{"embeddable":true,"href":"https:\/\/www.mpal.mp.br\/index.php?rest_route=%2Fwp%2Fv2%2Fcomments&post=49167"}],"version-history":[{"count":1,"href":"https:\/\/www.mpal.mp.br\/index.php?rest_route=\/wp\/v2\/posts\/49167\/revisions"}],"predecessor-version":[{"id":49169,"href":"https:\/\/www.mpal.mp.br\/index.php?rest_route=\/wp\/v2\/posts\/49167\/revisions\/49169"}],"wp:featuredmedia":[{"embeddable":true,"href":"https:\/\/www.mpal.mp.br\/index.php?rest_route=\/wp\/v2\/media\/49168"}],"wp:attachment":[{"href":"https:\/\/www.mpal.mp.br\/index.php?rest_route=%2Fwp%2Fv2%2Fmedia&parent=49167"}],"wp:term":[{"taxonomy":"category","embeddable":true,"href":"https:\/\/www.mpal.mp.br\/index.php?rest_route=%2Fwp%2Fv2%2Fcategories&post=49167"},{"taxonomy":"post_tag","embeddable":true,"href":"https:\/\/www.mpal.mp.br\/index.php?rest_route=%2Fwp%2Fv2%2Ftags&post=49167"}],"curies":[{"name":"wp","href":"https:\/\/api.w.org\/{rel}","templated":true}]}}