{"id":49164,"date":"2024-10-24T15:32:37","date_gmt":"2024-10-24T18:32:37","guid":{"rendered":"https:\/\/www.mpal.mp.br\/?p=49164"},"modified":"2024-10-25T06:54:32","modified_gmt":"2024-10-25T09:54:32","slug":"violencia-domestica-em-24-horas-dois-reus-sao-presos-por-descumprimento-de-medidas-protetivas-em-p-dos-indios","status":"publish","type":"post","link":"https:\/\/www.mpal.mp.br\/?p=49164","title":{"rendered":"Viol\u00eancia Dom\u00e9stica: Em 24 horas dois r\u00e9us s\u00e3o presos por descumprimento de medidas protetivas em P. dos \u00cdndios"},"content":{"rendered":"<p><span style=\"font-family: helvetica, arial, sans-serif;\">Reincidir na viol\u00eancia, descumprir as determina\u00e7\u00f5es de medidas protetivas, promover desequil\u00edbrio psicol\u00f3gico e colocar em risco a vida das v\u00edtimas, levaram dois r\u00e9us \u00e0 pris\u00e3o, no curto prazo de 24 horas, no munic\u00edpio de Palmeira dos \u00cdndios. Eles foram denunciados ao Minist\u00e9rio P\u00fablico de Alagoas (MPAL), por meio da 6\u00aa Promotoria de Justi\u00e7a. O promotor de Justi\u00e7a M\u00e1rcio D\u00f3ria ressalta o aumento de pena, agora de dois a cinco anos de pris\u00e3o, por descumprimento de medidas protetivas, de acordo com as mudan\u00e7as na Lei 14.994\/24.<\/span><\/p>\n<p><span style=\"font-family: helvetica, arial, sans-serif;\">O membro ministerial e autor dos pedidos de pris\u00e3o refor\u00e7a a necessidade de medida mais severa para garantir que as v\u00edtimas estar\u00e3o protegidas.<\/span><\/p>\n<p align=\"justify\"><span style=\"font-family: helvetica, arial, sans-serif;\">\u201cO Minist\u00e9rio P\u00fablico de Alagoas (MPAL), recentemente, recebera novas den\u00fancias das v\u00edtimas, alegando sequenciados descumprimentos de medidas protetivas de viol\u00eancia dom\u00e9stica e familiar contra a mulher. A situa\u00e7\u00e3o de viol\u00eancia j\u00e1 teria sido apresentada \u00e0 Justi\u00e7a que deferiu as medidas protetivas visando a preserva\u00e7\u00e3o da integridade f\u00edsica e ps\u00edquica dessas mulheres, determinando a metragem do distanciamento, proibindo o aceso \u00e0 resid\u00eancia, ao local do trabalho ou qualquer contato com as mesmas, mas n\u00e3o foi obedecido\u201d, afirma .<\/span><\/p>\n<p align=\"justify\"><span style=\"font-family: helvetica, arial, sans-serif;\">Apesar de intimados, os agressores, segundo o promotor M\u00e1rcio D\u00f3ria, voltaram a procurar e importunar as v\u00edtimas inovando nos atos de viol\u00eancia.<\/span><\/p>\n<p align=\"justify\"><span style=\"font-family: helvetica, arial, sans-serif;\">\u201cO medo levou as mulheres a procurarem a 6\u00aa Promotoria de Justi\u00e7a de Palmeira dos \u00cdndios que prontamente solicitou a expedi\u00e7\u00e3o de mandados de pris\u00e3o para manuten\u00e7\u00e3o da ordem p\u00fablica, bem como para assegurar a integridade das v\u00edtimas o que foi acatado decidindo a Justi\u00e7a pela pris\u00e3o preventiva\u201d, explica o membro ministerial.<\/span><\/p>\n<p align=\"justify\"><span style=\"font-family: helvetica, arial, sans-serif;\">O Minist\u00e9rio P\u00fablico denunciou os dois homens pelo crime de descumprimento de medida protetiva o promotor alerta para a altera\u00e7\u00e3o da legisla\u00e7\u00e3o.<\/span><\/p>\n<p align=\"justify\"><span style=\"font-family: helvetica, arial, sans-serif;\">\u201cVale lembrar que agora a pena por descumprimento de medida protetiva aumentou para uma m\u00e1xima de at\u00e9 cinco anos e, segundo a Lei 14.994\/24 o que era de 3 meses a 2 anos de reclus\u00e3o, passou para de 2 a 5 anos e multa.<\/span><\/p>\n<p align=\"justify\"><span style=\"font-family: helvetica, arial, sans-serif;\"><b>Projeto MPAL<\/b><\/span><\/p>\n<p align=\"justify\"><span style=\"font-family: helvetica, arial, sans-serif;\">Para conhecimento, cumpre destacar que a 6\u00aa Promotoria de Justi\u00e7a de Palmeira dos \u00cdndios criou o projeto \u201cMedidas Protetivas Esclarecidas\u201d e, por ele, os agressores em cumprimento passam por capacita\u00e7\u00e3o.<\/span><\/p>\n<p align=\"justify\"><span style=\"font-family: helvetica, arial, sans-serif;\">\u201cPor esse projeto, os agressores s\u00e3o convidados para receber instru\u00e7\u00f5es sobre as medidas protetivas, o adequado cumprimento e as consequ\u00eancias do descumprimento. Para que seja evitada a reitera\u00e7\u00e3o e a pris\u00e3o desses agressores, e tamb\u00e9m nova agress\u00e3o e novo risco para as v\u00edtimas. Dessa forma prevenirmos a viol\u00eancia contra a mulher\u201d, explica o promotor de Justi\u00e7a M\u00e1rcio D\u00f3ria.<\/span><\/p>\n<p align=\"justify\"><span style=\"font-family: helvetica, arial, sans-serif;\">As reuni\u00f5es ocorrem sempre \u00e0s sextas-feiras, porque, segundo o promotor, os finais de semana s\u00e3o recordistas na viol\u00eancia dom\u00e9stica. Ap\u00f3s a capacita\u00e7\u00e3o os agressores assinam um termo de compromisso para o devido respeito \u00e0s medidas protetivas deferidas, eles tamb\u00e9m s\u00e3o orientados para que, em caso de tentativa de reconcilia\u00e7\u00e3o, deve ser aguardada a revoga\u00e7\u00e3o de tais medidas protetivas e a presen\u00e7a de filhos, retirada e devolu\u00e7\u00e3o das crian\u00e7as , ser feita por uma pessoa de confian\u00e7a mantendo o distanciamento entre as partes.<\/span><\/p>\n<p align=\"justify\">Imagem: Reprodu\u00e7\u00e3o Internet<\/p>\n","protected":false},"excerpt":{"rendered":"<p> [&hellip;]<\/p>\n","protected":false},"author":8,"featured_media":36558,"comment_status":"open","ping_status":"open","sticky":false,"template":"","format":"standard","meta":{"om_disable_all_campaigns":false,"_monsterinsights_skip_tracking":false,"_monsterinsights_sitenote_active":false,"_monsterinsights_sitenote_note":"","_monsterinsights_sitenote_category":0,"_uf_show_specific_survey":0,"_uf_disable_surveys":false,"footnotes":""},"categories":[2],"tags":[],"class_list":["post-49164","post","type-post","status-publish","format-standard","has-post-thumbnail","hentry","category-not_mpal"],"aioseo_notices":[],"_links":{"self":[{"href":"https:\/\/www.mpal.mp.br\/index.php?rest_route=\/wp\/v2\/posts\/49164","targetHints":{"allow":["GET"]}}],"collection":[{"href":"https:\/\/www.mpal.mp.br\/index.php?rest_route=\/wp\/v2\/posts"}],"about":[{"href":"https:\/\/www.mpal.mp.br\/index.php?rest_route=\/wp\/v2\/types\/post"}],"author":[{"embeddable":true,"href":"https:\/\/www.mpal.mp.br\/index.php?rest_route=\/wp\/v2\/users\/8"}],"replies":[{"embeddable":true,"href":"https:\/\/www.mpal.mp.br\/index.php?rest_route=%2Fwp%2Fv2%2Fcomments&post=49164"}],"version-history":[{"count":1,"href":"https:\/\/www.mpal.mp.br\/index.php?rest_route=\/wp\/v2\/posts\/49164\/revisions"}],"predecessor-version":[{"id":49165,"href":"https:\/\/www.mpal.mp.br\/index.php?rest_route=\/wp\/v2\/posts\/49164\/revisions\/49165"}],"wp:featuredmedia":[{"embeddable":true,"href":"https:\/\/www.mpal.mp.br\/index.php?rest_route=\/wp\/v2\/media\/36558"}],"wp:attachment":[{"href":"https:\/\/www.mpal.mp.br\/index.php?rest_route=%2Fwp%2Fv2%2Fmedia&parent=49164"}],"wp:term":[{"taxonomy":"category","embeddable":true,"href":"https:\/\/www.mpal.mp.br\/index.php?rest_route=%2Fwp%2Fv2%2Fcategories&post=49164"},{"taxonomy":"post_tag","embeddable":true,"href":"https:\/\/www.mpal.mp.br\/index.php?rest_route=%2Fwp%2Fv2%2Ftags&post=49164"}],"curies":[{"name":"wp","href":"https:\/\/api.w.org\/{rel}","templated":true}]}}