{"id":49138,"date":"2024-10-24T11:00:17","date_gmt":"2024-10-24T14:00:17","guid":{"rendered":"https:\/\/www.mpal.mp.br\/?p=49138"},"modified":"2024-10-24T17:09:41","modified_gmt":"2024-10-24T20:09:41","slug":"12a-promotoria-de-justica-participa-de-seminario-sobre-plano-individual-de-atendimento-na-socioeducacao","status":"publish","type":"post","link":"https:\/\/www.mpal.mp.br\/?p=49138","title":{"rendered":"12\u00aa Promotoria de Justi\u00e7a participa de semin\u00e1rio sobre \u2018Plano Individual de Atendimento na socioeduca\u00e7\u00e3o\u2019"},"content":{"rendered":"<div class=\"fusion-fullwidth fullwidth-box fusion-builder-row-1 nonhundred-percent-fullwidth non-hundred-percent-height-scrolling\"  style='background-color: #ffffff;background-position: center center;background-repeat: no-repeat;padding-top:0px;padding-right:0px;padding-bottom:0px;padding-left:0px;'><div class=\"fusion-builder-row fusion-row \"><div  class=\"fusion-layout-column fusion_builder_column fusion_builder_column_1_1 fusion-builder-column-1 fusion-one-full fusion-column-first fusion-column-last 1_1\"  style='margin-top:0px;margin-bottom:0px;'>\n\t\t\t\t\t<div class=\"fusion-column-wrapper\" style=\"padding: 0px 0px 0px 0px;background-position:left top;background-repeat:no-repeat;-webkit-background-size:cover;-moz-background-size:cover;-o-background-size:cover;background-size:cover;\"   data-bg-url=\"\">\n\t\t\t\t\t\t<div class=\"fusion-text\"><p class=\"western\" align=\"justify\"><span style=\"font-family: helvetica, arial, sans-serif; font-size: 12pt;\"><span style=\"color: #000000;\">O Minist\u00e9rio P\u00fablico do Estado de Alagoas (MPAL), por meio da <\/span><span style=\"color: #000000;\">12\u00aa Promotoria de Justi\u00e7a <\/span><span style=\"color: #000000;\">da capital, participou, nessa <\/span><span style=\"color: #000000;\">quarta-feira (23),<\/span><span style=\"color: #000000;\"> do <\/span><span style=\"color: #000000;\">semin\u00e1rio sobre a import\u00e2ncia do Plano Individual de Atendimento (PIA) no \u00e2mbito do sistema socioeducativo em meio fechado. <\/span><span style=\"color: #000000;\">O evento foi promovido pela <\/span><span style=\"color: #000000;\">Secretaria de Estado de Preven\u00e7\u00e3o \u00e0 Viol\u00eancia (Seprev)<\/span><span style=\"color: #000000;\"> e contou com <\/span><span style=\"color: #000000;\">exposi\u00e7\u00e3o <\/span><span style=\"color: #000000;\">feita pela <\/span><span style=\"color: #000000;\">coordenadora nacional de Pol\u00edticas P\u00fablicas Socioeducativas do Minist\u00e9rio dos Direitos Humanos e da Cidadania (MDHC), Mayara Souza. <\/span><span style=\"color: #000000;\">A iniciativa<\/span><span style=\"color: #000000;\"> visou o aperfei\u00e7oamento do atendimento realizado nas unidades de interna\u00e7\u00e3o de Alagoas.<\/span><\/span><\/p>\n<p align=\"justify\"><span style=\"font-family: helvetica, arial, sans-serif; font-size: 12pt;\"><span style=\"color: #222222;\">De acordo com Mar\u00edlia Cerqueira, <\/span><span style=\"color: #000000;\">que atua na <\/span><span style=\"color: #000000;\">\u00e1rea da<\/span><span style=\"color: #000000;\"> Inf\u00e2ncia e da Juventude <\/span><span style=\"color: #000000;\">com e<\/span><span style=\"color: #333333;\">xecu\u00e7\u00e3o de medidas socioeducativas, <\/span><span style=\"color: #333333;\">o <\/span><span style=\"color: #000000;\">caminho trilhado a partir do PIA \u00e9 de <\/span><span style=\"color: #000000;\">fundamental <\/span><span style=\"color: #000000;\">import\u00e2ncia para efetiva\u00e7\u00e3o das metas propostas pela socioeduca\u00e7\u00e3o: <\/span><span style=\"color: #222222;\">\u201cQuanto mais primarmos pelos dados de realidade e pelo entendimento do que \u00e9 a vida do jovem no cumprimento de medida socioeducativa, mais preparados estaremos para realizar esse atendimento. Quem ama cuida, e todos aqui est\u00e3o imbu\u00eddos com o mesmo prop\u00f3sito, que \u00e9 promover a reinser\u00e7\u00e3o social plena desses jovens e adolescentes\u201d, destacou <\/span><span style=\"color: #222222;\">ela. <\/span><\/span><\/p>\n<p align=\"justify\"><span style=\"font-family: helvetica, arial, sans-serif; font-size: 12pt;\"><span style=\"color: #222222;\">O PIA \u00e9 um instrumento t\u00e9cnico utilizado no atendimento a adolescentes e jovens em conflito com a lei que organiza e sintetiza as a\u00e7\u00f5es que devem ser desenvolvidas para a reintegra\u00e7\u00e3o social e familiar dos mesmos. \u00c9 a partir des<\/span><span style=\"color: #222222;\">s<\/span><span style=\"color: #222222;\">e instrumento que se busca garantir a provisoriedade da medida socioeducativa, a oferta de cuidados de qualidade, e a prote\u00e7\u00e3o ao desenvolvimento e aos direitos do socioeducando durante o per\u00edodo de interna\u00e7\u00e3o.<\/span><\/span><\/p>\n<p align=\"justify\"><span style=\"color: #222222; font-family: helvetica, arial, sans-serif; font-size: 12pt;\">\u201cA forma\u00e7\u00e3o com as equipes t\u00e9cnicas de Alagoas contribuir\u00e1 para encontrarmos as ferramentas necess\u00e1rias para qualificar ainda mais este instrumento fundamental, n\u00e3o s\u00f3 para o acompanhamento dos adolescentes durante o cumprimento da medida socioeducativa, mas para redesenhar suas trajet\u00f3rias pessoais, incluindo suas fam\u00edlias. O PIA \u00e9 a realiza\u00e7\u00e3o de um sonho, uma oportunidade para reconstruir essas hist\u00f3rias colocando os adolescentes e os seus anseios em absoluta prioridade na constru\u00e7\u00e3o desse instrumento\u201d, explicou Mayara Souza, do <span style=\"color: #000000;\">MDHC. <\/span><\/span><\/p>\n<p align=\"justify\"><span style=\"font-family: helvetica, arial, sans-serif; font-size: 12pt;\"><span style=\"color: #000000;\">O superintendente de Medidas Socioeducativas da Seprev, Daniel Alc\u00e2ntara, ressalt<\/span><span style=\"color: #000000;\">ou<\/span><span style=\"color: #000000;\"> a participa\u00e7\u00e3o das equipes t\u00e9cnicas do socioeducativo de Alagoas no semin\u00e1rio e a import\u00e2ncia do Plano Individual de Atendimento para o \u00eaxito da Medida Socioeducativa e a reinser\u00e7\u00e3o social do p\u00fablico em priva\u00e7\u00e3o de liberdade. <\/span><span style=\"color: #000000;\">Segundo ele, <\/span><span style=\"color: #000000;\">t<\/span><span style=\"color: #222222;\">odos os profissionais da superintend\u00eancia, assistentes sociais, psic\u00f3logos, advogados, t\u00e9cnicos, agentes, <\/span><span style=\"color: #222222;\">d<\/span><span style=\"color: #222222;\">entre outros, participaram d<\/span><span style=\"color: #222222;\">a capacita\u00e7\u00e3o. <\/span><\/span><\/p>\n<p align=\"justify\"><span style=\"font-family: helvetica, arial, sans-serif; font-size: 12pt;\"><span style=\"color: #222222;\">*Com informa\u00e7\u00f5es e fotos da Seprev.\u00a0<\/span><span style=\"color: #222222;\"><br \/>\n<\/span><\/span><\/p>\n<\/div><style type=\"text\/css\">.fusion-gallery-1 .fusion-gallery-image {border:0px solid #f6f6f6;-webkit-border-radius:5px;-moz-border-radius:5px;border-radius:5px;}<\/style><div class=\"fusion-gallery fusion-gallery-container fusion-grid-3 fusion-columns-total-0 fusion-gallery-layout-grid fusion-gallery-1\" style=\"margin:-5px;\"><div style=\"padding:5px;\" class=\"fusion-grid-column fusion-gallery-column fusion-gallery-column-3 hover-type-none\"><div class=\"fusion-gallery-image\"><a href=\"https:\/\/www.mpal.mp.br\/wp-content\/uploads\/2024\/10\/994e9def-b117-43e8-ad3f-6e2b5c63e682.jpeg\" rel=\"noreferrer\" data-rel=\"iLightbox[gallery_image_1]\" class=\"fusion-lightbox\" target=\"_self\"><img loading=\"lazy\" decoding=\"async\" src=\"https:\/\/www.mpal.mp.br\/wp-content\/uploads\/2024\/10\/994e9def-b117-43e8-ad3f-6e2b5c63e682.jpeg\" width=\"1600\" height=\"1066\" alt=\"\" title=\"994e9def-b117-43e8-ad3f-6e2b5c63e682\" aria-label=\"994e9def-b117-43e8-ad3f-6e2b5c63e682\" class=\"img-responsive wp-image-49152\" \/><\/a><\/div><\/div><div style=\"padding:5px;\" class=\"fusion-grid-column fusion-gallery-column fusion-gallery-column-3 hover-type-none\"><div class=\"fusion-gallery-image\"><a rel=\"noreferrer\" data-rel=\"iLightbox[gallery_image_1]\" class=\"fusion-lightbox\" target=\"_self\"><img decoding=\"async\" src=\"\" width=\"\" height=\"\" alt=\"\" title=\"\" aria-label=\"\" class=\"img-responsive wp-image-49151\" \/><\/a><\/div><\/div><div style=\"padding:5px;\" class=\"fusion-grid-column fusion-gallery-column fusion-gallery-column-3 hover-type-none\"><div class=\"fusion-gallery-image\"><a href=\"https:\/\/www.mpal.mp.br\/wp-content\/uploads\/2024\/10\/b0ea8c7b-9762-4d3a-8f26-53a1960c5b80.jpeg\" rel=\"noreferrer\" data-rel=\"iLightbox[gallery_image_1]\" class=\"fusion-lightbox\" target=\"_self\"><img loading=\"lazy\" decoding=\"async\" src=\"https:\/\/www.mpal.mp.br\/wp-content\/uploads\/2024\/10\/b0ea8c7b-9762-4d3a-8f26-53a1960c5b80.jpeg\" width=\"1600\" height=\"1066\" alt=\"\" title=\"b0ea8c7b-9762-4d3a-8f26-53a1960c5b80\" aria-label=\"b0ea8c7b-9762-4d3a-8f26-53a1960c5b80\" class=\"img-responsive wp-image-49150\" \/><\/a><\/div><\/div><div class=\"clearfix\"><\/div><div style=\"padding:5px;\" class=\"fusion-grid-column fusion-gallery-column fusion-gallery-column-3 hover-type-none\"><div class=\"fusion-gallery-image\"><a rel=\"noreferrer\" data-rel=\"iLightbox[gallery_image_1]\" class=\"fusion-lightbox\" target=\"_self\"><img decoding=\"async\" src=\"\" width=\"\" height=\"\" alt=\"\" title=\"\" aria-label=\"\" class=\"img-responsive wp-image-49149\" \/><\/a><\/div><\/div><div style=\"padding:5px;\" class=\"fusion-grid-column fusion-gallery-column fusion-gallery-column-3 hover-type-none\"><div class=\"fusion-gallery-image\"><a href=\"https:\/\/www.mpal.mp.br\/wp-content\/uploads\/2024\/10\/a8b7ed02-0a9f-4c3d-a817-d7ed8cdbd9cf.jpeg\" rel=\"noreferrer\" data-rel=\"iLightbox[gallery_image_1]\" class=\"fusion-lightbox\" target=\"_self\"><img loading=\"lazy\" decoding=\"async\" src=\"https:\/\/www.mpal.mp.br\/wp-content\/uploads\/2024\/10\/a8b7ed02-0a9f-4c3d-a817-d7ed8cdbd9cf.jpeg\" width=\"1600\" height=\"1066\" alt=\"\" title=\"a8b7ed02-0a9f-4c3d-a817-d7ed8cdbd9cf\" aria-label=\"a8b7ed02-0a9f-4c3d-a817-d7ed8cdbd9cf\" class=\"img-responsive wp-image-49148\" \/><\/a><\/div><\/div><div style=\"padding:5px;\" class=\"fusion-grid-column fusion-gallery-column fusion-gallery-column-3 hover-type-none\"><div class=\"fusion-gallery-image\"><a href=\"https:\/\/www.mpal.mp.br\/wp-content\/uploads\/2024\/10\/d525911d-b1a0-47e3-857c-bfc9da8d9f48.jpeg\" rel=\"noreferrer\" data-rel=\"iLightbox[gallery_image_1]\" class=\"fusion-lightbox\" target=\"_self\"><img loading=\"lazy\" decoding=\"async\" src=\"https:\/\/www.mpal.mp.br\/wp-content\/uploads\/2024\/10\/d525911d-b1a0-47e3-857c-bfc9da8d9f48.jpeg\" width=\"900\" height=\"599\" alt=\"\" title=\"d525911d-b1a0-47e3-857c-bfc9da8d9f48\" aria-label=\"d525911d-b1a0-47e3-857c-bfc9da8d9f48\" class=\"img-responsive wp-image-49147\" \/><\/a><\/div><\/div><div class=\"clearfix\"><\/div><div style=\"padding:5px;\" class=\"fusion-grid-column fusion-gallery-column fusion-gallery-column-3 hover-type-none\"><div class=\"fusion-gallery-image\"><a href=\"https:\/\/www.mpal.mp.br\/wp-content\/uploads\/2024\/10\/Seminario-Marilia-Cerqueira.jpg\" rel=\"noreferrer\" data-rel=\"iLightbox[gallery_image_1]\" class=\"fusion-lightbox\" target=\"_self\"><img loading=\"lazy\" decoding=\"async\" src=\"https:\/\/www.mpal.mp.br\/wp-content\/uploads\/2024\/10\/Seminario-Marilia-Cerqueira.jpg\" width=\"900\" height=\"599\" alt=\"\" title=\"Semin\u00e1rio &#8211; Mar\u00edlia Cerqueira\" aria-label=\"Semin\u00e1rio &#8211; Mar\u00edlia Cerqueira\" class=\"img-responsive wp-image-49139\" \/><\/a><\/div><\/div><\/div><div class=\"fusion-clearfix\"><\/div>\n\n\t\t\t\t\t<\/div>\n\t\t\t\t<\/div><\/div><\/div>\n","protected":false},"excerpt":{"rendered":"","protected":false},"author":17,"featured_media":49139,"comment_status":"open","ping_status":"open","sticky":false,"template":"","format":"standard","meta":{"om_disable_all_campaigns":false,"_monsterinsights_skip_tracking":false,"_monsterinsights_sitenote_active":false,"_monsterinsights_sitenote_note":"","_monsterinsights_sitenote_category":0,"_uf_show_specific_survey":0,"_uf_disable_surveys":false,"footnotes":""},"categories":[2],"tags":[],"class_list":["post-49138","post","type-post","status-publish","format-standard","has-post-thumbnail","hentry","category-not_mpal"],"aioseo_notices":[],"_links":{"self":[{"href":"https:\/\/www.mpal.mp.br\/index.php?rest_route=\/wp\/v2\/posts\/49138","targetHints":{"allow":["GET"]}}],"collection":[{"href":"https:\/\/www.mpal.mp.br\/index.php?rest_route=\/wp\/v2\/posts"}],"about":[{"href":"https:\/\/www.mpal.mp.br\/index.php?rest_route=\/wp\/v2\/types\/post"}],"author":[{"embeddable":true,"href":"https:\/\/www.mpal.mp.br\/index.php?rest_route=\/wp\/v2\/users\/17"}],"replies":[{"embeddable":true,"href":"https:\/\/www.mpal.mp.br\/index.php?rest_route=%2Fwp%2Fv2%2Fcomments&post=49138"}],"version-history":[{"count":4,"href":"https:\/\/www.mpal.mp.br\/index.php?rest_route=\/wp\/v2\/posts\/49138\/revisions"}],"predecessor-version":[{"id":49163,"href":"https:\/\/www.mpal.mp.br\/index.php?rest_route=\/wp\/v2\/posts\/49138\/revisions\/49163"}],"wp:featuredmedia":[{"embeddable":true,"href":"https:\/\/www.mpal.mp.br\/index.php?rest_route=\/wp\/v2\/media\/49139"}],"wp:attachment":[{"href":"https:\/\/www.mpal.mp.br\/index.php?rest_route=%2Fwp%2Fv2%2Fmedia&parent=49138"}],"wp:term":[{"taxonomy":"category","embeddable":true,"href":"https:\/\/www.mpal.mp.br\/index.php?rest_route=%2Fwp%2Fv2%2Fcategories&post=49138"},{"taxonomy":"post_tag","embeddable":true,"href":"https:\/\/www.mpal.mp.br\/index.php?rest_route=%2Fwp%2Fv2%2Ftags&post=49138"}],"curies":[{"name":"wp","href":"https:\/\/api.w.org\/{rel}","templated":true}]}}