{"id":49126,"date":"2024-10-24T10:17:17","date_gmt":"2024-10-24T13:17:17","guid":{"rendered":"https:\/\/www.mpal.mp.br\/?p=49126"},"modified":"2024-10-24T10:17:17","modified_gmt":"2024-10-24T13:17:17","slug":"premio-excelencia-em-gestao-de-projetos-2024-conheca-os-finalistas","status":"publish","type":"post","link":"https:\/\/www.mpal.mp.br\/?p=49126","title":{"rendered":"Pr\u00eamio Excel\u00eancia em Gest\u00e3o de Projetos 2024: conhe\u00e7a os finalistas"},"content":{"rendered":"<p align=\"justify\"><span style=\"font-family: helvetica, arial, sans-serif; font-size: 12pt;\"><span style=\"color: #000000;\">O <\/span><span style=\"color: #000000;\">Minist\u00e9rio P\u00fablico <\/span><span style=\"color: #000000;\">do Estado <\/span><span style=\"color: #000000;\">de Alagoas <\/span><span style=\"color: #000000;\">(MPAL) <\/span><span style=\"color: #000000;\">divulgou, nesta <\/span><span style=\"color: #000000;\">quinta<\/span><span style=\"color: #000000;\">-feira (<\/span><span style=\"color: #000000;\">24<\/span><span style=\"color: #000000;\">), os finalistas do Pr\u00eamio Excel\u00eancia em Gest\u00e3o de Projetos,<\/span> <span style=\"color: #000000;\">que busca reconhecer as melhores iniciativas desenvolvidas por membros e servidores em tr\u00eas categorias: <\/span><span style=\"color: #000000;\">\u00e1<\/span><span style=\"color: #000000;\">rea <\/span><span style=\"color: #000000;\">f<\/span><span style=\"color: #000000;\">im, <\/span><span style=\"color: #000000;\">\u00e1<\/span><span style=\"color: #000000;\">rea <\/span><span style=\"color: #000000;\">m<\/span><span style=\"color: #000000;\">eio e <\/span><span style=\"color: #000000;\">g<\/span><span style=\"color: #000000;\">erente de <\/span><span style=\"color: #000000;\">p<\/span><span style=\"color: #000000;\">rojeto. <\/span><span style=\"color: #000000;\">Ao todo, 16 <\/span><span style=\"color: #000000;\">cases<\/span><span style=\"color: #000000;\"> concorreram a premia\u00e7\u00e3o. A en<\/span><span style=\"color: #000000;\">trega dos trof\u00e9us ser\u00e1 no dia <\/span><span style=\"color: #000000;\">8 de novembro.<\/span><\/span><\/p>\n<p align=\"justify\"><span style=\"font-family: helvetica, arial, sans-serif; font-size: 12pt;\"><span style=\"color: #000000;\">S\u00e3o finalistas na \u00e1rea fim as seguintes iniciativas: \u201cApp Aprender a proteger\u201d, <\/span><span style=\"color: #000000;\">do promotor de Justi\u00e7a Cl\u00e1udio Malta,<\/span> <span style=\"color: #000000;\">coordenado<\/span><span style=\"color: #000000;\">r<\/span><span style=\"color: #000000;\"> do N\u00facleo de Defesa da Inf\u00e2ncia e Juventude; \u201cO Pre\u00e7o do <\/span><span style=\"color: #000000;\">c<\/span><span style=\"color: #000000;\">rime \u2013 repara\u00e7\u00e3o penal com responsabilidade social\u201d, <\/span><span style=\"color: #000000;\">da promotora de Justi\u00e7a Karla Padilha; <\/span><span style=\"color: #000000;\">e \u201cSelo Amigo da <\/span><span style=\"color: #000000;\">S<\/span><span style=\"color: #000000;\">ocioeduca\u00e7\u00e3o\u201d, <\/span><span style=\"color: #000000;\">da promotora de Justi\u00e7a Mar\u00edlia Cerqueira. <\/span><span style=\"color: #000000;\">N<\/span><span style=\"color: #000000;\">essa<\/span><span style=\"color: #000000;\"> categoria foram inscritos 12 projetos.<\/span><\/span><\/p>\n<p align=\"justify\"><span style=\"color: #000000; font-family: helvetica, arial, sans-serif; font-size: 12pt;\">J\u00e1 na \u00e1rea meio concorrem \u00e0 premia\u00e7\u00e3o a campanha \u201cTodas as formas de amor\u201d, da Diretoria de Comunica\u00e7\u00e3o; o projeto \u201cConstruindo caminhos para uma nova lideran\u00e7a&#8221;, da servidora Maria Helana Cavalcante Fernandes; e o projeto &#8220;(Re) Conex\u00e3o\u201d, da Escola Superior do MPAL. A disputa ocorreu entre quatro iniciativas da \u00e1rea estruturante.<\/span><\/p>\n<p align=\"justify\"><span style=\"color: #000000; font-family: helvetica, arial, sans-serif; font-size: 12pt;\">Por fim, est\u00e3o na final na categoria \u201cGerente de projeto\u201d Maria Cristina Mendes Cavalcante Bispo, Maria Helena Cavalcante Fernandes e Nilton dos Santos Ferreira J\u00fanior.<\/span><\/p>\n<p align=\"justify\"><span style=\"font-family: helvetica, arial, sans-serif; font-size: 12pt;\"><span style=\"color: #000000;\">O Pr\u00eamio Excel\u00eancia \u00e9 desenvolvido pela Assessoria de Planejamento e Gest\u00e3o Estrat\u00e9gica do MPAL, chefiado pela promotora de Justi\u00e7a Stela Cavalcanti. <\/span><span style=\"color: #000000;\">Al\u00e9m dela, compuseram a c<\/span>omiss\u00e3o do Pr\u00eamio Excel\u00eancia em Gest\u00e3o de Projetos 2024, o subprocurador-geral Administrativo Institucional, Walber Jos\u00e9 Valente de Lima, e os promotores de Justi\u00e7a Adriana Gomes dos Santos Moreira e Adriano Jorge Correia de Barros Lima.<\/span><\/p>\n<p align=\"justify\"><span style=\"font-family: helvetica, arial, sans-serif; font-size: 12pt;\">Os vencedores foram avaliados e receberam suas notas de acordo com os crit\u00e9rios de alinhamento ao planejamento estrat\u00e9gico, proatividade, n\u00edvel de abrang\u00eancia das a\u00e7\u00f5es e resultados, inova\u00e7\u00e3o e produ\u00e7\u00e3o dos resultados efetivos pactuados.<\/span><\/p>\n","protected":false},"excerpt":{"rendered":"<p> [&hellip;]<\/p>\n","protected":false},"author":17,"featured_media":31356,"comment_status":"open","ping_status":"open","sticky":false,"template":"","format":"standard","meta":{"om_disable_all_campaigns":false,"_monsterinsights_skip_tracking":false,"_monsterinsights_sitenote_active":false,"_monsterinsights_sitenote_note":"","_monsterinsights_sitenote_category":0,"_uf_show_specific_survey":0,"_uf_disable_surveys":false,"footnotes":""},"categories":[2],"tags":[],"class_list":["post-49126","post","type-post","status-publish","format-standard","has-post-thumbnail","hentry","category-not_mpal"],"aioseo_notices":[],"_links":{"self":[{"href":"https:\/\/www.mpal.mp.br\/index.php?rest_route=\/wp\/v2\/posts\/49126","targetHints":{"allow":["GET"]}}],"collection":[{"href":"https:\/\/www.mpal.mp.br\/index.php?rest_route=\/wp\/v2\/posts"}],"about":[{"href":"https:\/\/www.mpal.mp.br\/index.php?rest_route=\/wp\/v2\/types\/post"}],"author":[{"embeddable":true,"href":"https:\/\/www.mpal.mp.br\/index.php?rest_route=\/wp\/v2\/users\/17"}],"replies":[{"embeddable":true,"href":"https:\/\/www.mpal.mp.br\/index.php?rest_route=%2Fwp%2Fv2%2Fcomments&post=49126"}],"version-history":[{"count":3,"href":"https:\/\/www.mpal.mp.br\/index.php?rest_route=\/wp\/v2\/posts\/49126\/revisions"}],"predecessor-version":[{"id":49129,"href":"https:\/\/www.mpal.mp.br\/index.php?rest_route=\/wp\/v2\/posts\/49126\/revisions\/49129"}],"wp:featuredmedia":[{"embeddable":true,"href":"https:\/\/www.mpal.mp.br\/index.php?rest_route=\/wp\/v2\/media\/31356"}],"wp:attachment":[{"href":"https:\/\/www.mpal.mp.br\/index.php?rest_route=%2Fwp%2Fv2%2Fmedia&parent=49126"}],"wp:term":[{"taxonomy":"category","embeddable":true,"href":"https:\/\/www.mpal.mp.br\/index.php?rest_route=%2Fwp%2Fv2%2Fcategories&post=49126"},{"taxonomy":"post_tag","embeddable":true,"href":"https:\/\/www.mpal.mp.br\/index.php?rest_route=%2Fwp%2Fv2%2Ftags&post=49126"}],"curies":[{"name":"wp","href":"https:\/\/api.w.org\/{rel}","templated":true}]}}