{"id":49047,"date":"2024-10-22T14:26:44","date_gmt":"2024-10-22T17:26:44","guid":{"rendered":"https:\/\/www.mpal.mp.br\/?p=49047"},"modified":"2024-10-22T14:31:36","modified_gmt":"2024-10-22T17:31:36","slug":"ministerio-publico-cobra-informacoes-e-acompanha-implantacao-de-roda-gigante-na-orla-de-maceio","status":"publish","type":"post","link":"https:\/\/www.mpal.mp.br\/?p=49047","title":{"rendered":"Minist\u00e9rio P\u00fablico cobra informa\u00e7\u00f5es e acompanha implanta\u00e7\u00e3o de roda gigante na orla de Macei\u00f3"},"content":{"rendered":"<p class=\"western\" align=\"justify\"><span style=\"font-family: helvetica, arial, sans-serif; font-size: 12pt;\">Para que tudo transcorra dentro da legalidade, atendendo a todos os requisitos indispens\u00e1veis no processo, o Minist\u00e9rio P\u00fablico de Alagoas (MPAL), por meio da <span style=\"color: #4d5156;\">66\u00aa Promotoria de Urbanismo da Capital,<\/span> tem acionado a <span style=\"color: #4d5156;\">Secretaria Municipal de A\u00e7\u00f5es Estrat\u00e9gicas e Integra\u00e7\u00e3o Metropolitana (Semaemi) com o\u00a0 intuito de\u00a0 acompanhar o processo de instala\u00e7\u00e3o de uma roda gigante na orla da Paju\u00e7ara.<\/span><\/span><\/p>\n<p class=\"western\" align=\"justify\"><span style=\"font-family: helvetica, arial, sans-serif; font-size: 12pt;\"><span style=\"color: #4d5156;\">Segundo o <\/span><span style=\"color: #4d5156;\">p<\/span><span style=\"color: #4d5156;\">romotor de Justi\u00e7a Jorge Doria \u201c<\/span><span style=\"color: #4d5156;\">d<\/span><span style=\"color: #4d5156;\">a an\u00e1lise das informa\u00e7\u00f5es at\u00e9 aqui prestadas, no procedimento instaurado pela 66\u00aa Promotoria de Urbanismo da Capital, ficou constatado que as autoriza\u00e7\u00f5es pr\u00e9vias j\u00e1 dadas pelo Munic\u00edpio foram, apenas, para estudos de viabilidade do projeto de instala\u00e7\u00e3o da Roda Gigante na Pra\u00e7a Multieventos, na Paju\u00e7ara, e que o tamponamento do referido local seria, trata d<\/span><span style=\"color: #4d5156;\">a realiza\u00e7\u00e3o de uma prospec\u00e7\u00e3o do terreno em an\u00e1lise, faltando portanto, ainda, a apresenta\u00e7\u00e3o das devidas licen\u00e7as urban\u00ed<\/span><span style=\"color: #4d5156;\">sticas <\/span><span style=\"color: #4d5156;\"> finais, em especial do Estudo de Impacto de Vizinhan\u00e7a, <\/span><span style=\"color: #4d5156;\">para verificar at\u00e9 que ponto o referido empreendimento impactar\u00e1 no tr\u00e2nsito , no sombreamento da \u00e1rea, na perturba\u00e7\u00e3o do sossego , entre outros poss\u00edveis impactos negativos\u201d.<\/span><\/span><\/p>\n<p class=\"western\" align=\"justify\"><span style=\"font-family: helvetica, arial, sans-serif; font-size: 12pt;\"><span style=\"color: #4d5156;\"> Em resposta ao <\/span><span style=\"color: #4d5156;\">\u00faltimo <\/span><span style=\"color: #4d5156;\">of\u00edcio encaminhado pela Promotoria de justi\u00e7a de Urbanismo, a informa\u00e7\u00e3o \u00e9 de que, no prazo de 45 dias, ser\u00e1 apresentado o <\/span><span style=\"color: #4d5156;\">referido <\/span><span style=\"color: #4d5156;\"> Estudo de Impacto da Vizinhan\u00e7a.<\/span><\/span><\/p>\n<p class=\"western\" align=\"justify\"><span style=\"color: #4d5156; font-family: helvetica, arial, sans-serif; font-size: 12pt;\">O promotor de Justi\u00e7a de Urbanismo, Jorge D\u00f3ria, esclarece que o intuito do Minist\u00e9rio P\u00fablico n\u00e3o \u00e9 o de impedir e\/ ou inviabilizar a implementa\u00e7\u00e3o do projeto, mas assegurar que tudo ser\u00e1 executado sem que os direitos e deveres, de ambas as partes, Munic\u00edpio e cidad\u00e3o, sejam desrespeitados.<\/span><\/p>\n<p align=\"justify\">Foto: reprodu\u00e7\u00e3o Internet<\/p>\n","protected":false},"excerpt":{"rendered":"<p> [&hellip;]<\/p>\n","protected":false},"author":8,"featured_media":49051,"comment_status":"open","ping_status":"open","sticky":false,"template":"","format":"standard","meta":{"om_disable_all_campaigns":false,"_monsterinsights_skip_tracking":false,"_monsterinsights_sitenote_active":false,"_monsterinsights_sitenote_note":"","_monsterinsights_sitenote_category":0,"_uf_show_specific_survey":0,"_uf_disable_surveys":false,"footnotes":""},"categories":[2],"tags":[],"class_list":["post-49047","post","type-post","status-publish","format-standard","has-post-thumbnail","hentry","category-not_mpal"],"aioseo_notices":[],"_links":{"self":[{"href":"https:\/\/www.mpal.mp.br\/index.php?rest_route=\/wp\/v2\/posts\/49047","targetHints":{"allow":["GET"]}}],"collection":[{"href":"https:\/\/www.mpal.mp.br\/index.php?rest_route=\/wp\/v2\/posts"}],"about":[{"href":"https:\/\/www.mpal.mp.br\/index.php?rest_route=\/wp\/v2\/types\/post"}],"author":[{"embeddable":true,"href":"https:\/\/www.mpal.mp.br\/index.php?rest_route=\/wp\/v2\/users\/8"}],"replies":[{"embeddable":true,"href":"https:\/\/www.mpal.mp.br\/index.php?rest_route=%2Fwp%2Fv2%2Fcomments&post=49047"}],"version-history":[{"count":2,"href":"https:\/\/www.mpal.mp.br\/index.php?rest_route=\/wp\/v2\/posts\/49047\/revisions"}],"predecessor-version":[{"id":49050,"href":"https:\/\/www.mpal.mp.br\/index.php?rest_route=\/wp\/v2\/posts\/49047\/revisions\/49050"}],"wp:featuredmedia":[{"embeddable":true,"href":"https:\/\/www.mpal.mp.br\/index.php?rest_route=\/wp\/v2\/media\/49051"}],"wp:attachment":[{"href":"https:\/\/www.mpal.mp.br\/index.php?rest_route=%2Fwp%2Fv2%2Fmedia&parent=49047"}],"wp:term":[{"taxonomy":"category","embeddable":true,"href":"https:\/\/www.mpal.mp.br\/index.php?rest_route=%2Fwp%2Fv2%2Fcategories&post=49047"},{"taxonomy":"post_tag","embeddable":true,"href":"https:\/\/www.mpal.mp.br\/index.php?rest_route=%2Fwp%2Fv2%2Ftags&post=49047"}],"curies":[{"name":"wp","href":"https:\/\/api.w.org\/{rel}","templated":true}]}}