{"id":49032,"date":"2024-10-22T12:34:49","date_gmt":"2024-10-22T15:34:49","guid":{"rendered":"https:\/\/www.mpal.mp.br\/?p=49032"},"modified":"2024-10-22T13:39:35","modified_gmt":"2024-10-22T16:39:35","slug":"pl-do-orcamento-2025-de-maceio-e-inconstitucional-e-violador-dos-direitos-humanos-fundamentais-afirmam-mps-e-defensorias","status":"publish","type":"post","link":"https:\/\/www.mpal.mp.br\/?p=49032","title":{"rendered":"\u201cPL do or\u00e7amento 2025 de Macei\u00f3 \u00e9 inconstitucional e violador dos direitos humanos fundamentais\u201d, afirmam MPs e Defensorias"},"content":{"rendered":"<p style=\"text-align: justify;\" align=\"justify\"><span style=\"font-family: helvetica, arial, sans-serif; font-size: 12pt;\">Os Minist\u00e9rios P\u00fablicos do Estado de Alagoas e Federal (MPAL e MPF) e as Defensorias P\u00fablicas do Estado de Alagoas e da Uni\u00e3o (DPE e DPU) expediram of\u00edcio \u00e0 Prefeitura de Macei\u00f3 e \u00e0 Procuradoria-Geral do Munic\u00edpio recomendado que os recursos previstos para a Lei Or\u00e7ament\u00e1ria Anual 2025 na \u00e1rea de Assist\u00eancia Social sejam reajustados. Ap\u00f3s analisarem a referida proposta de lei, os \u00f3rg\u00e3os detectaram que as verbas a serem destinadas a pol\u00edticas p\u00fablicas em prote\u00e7\u00e3o a pessoas em situa\u00e7\u00e3o de vulnerabilidade socioecon\u00f4mica foram diminu\u00eddas, o que comprometer\u00e1 futuras a\u00e7\u00f5es de inclus\u00e3o social.<\/span><\/p>\n<p style=\"text-align: justify;\" align=\"justify\"><span style=\"font-family: helvetica, arial, sans-serif; font-size: 12pt;\">De acordo com o documento assinado pelas 4 institui\u00e7\u00f5es e enviado ao prefeito de Macei\u00f3, Jo\u00e3o Henrique Caldas, e ao procurador-geral do Munic\u00edpio, Jo\u00e3o Lobo, foram retirados recursos de pol\u00edticas p\u00fablicas essenciais para garantir o \u201cm\u00ednimo existencial\u201d \u00e0s pessoas em condi\u00e7\u00e3o de vulnerabilidade, o que vai fazer com o que a prefeitura deixe de cumprir princ\u00edpios assegurados na Constitui\u00e7\u00e3o Federal. \u201cO Minist\u00e9rio P\u00fablico e a Defensoria chamam aten\u00e7\u00e3o de vossas excel\u00eancias para os necess\u00e1rios ajustes or\u00e7ament\u00e1rios, em aten\u00e7\u00e3o aos preceitos constitucionais mencionados, garantindo o crescimento das despesas (a\u00e7\u00f5es or\u00e7ament\u00e1rias) voltadas para as pessoas em maior situa\u00e7\u00e3o de vulnerabilidade\u201d, diz um trecho do of\u00edcio enviado pelos promotores de Justi\u00e7a Alexandra Beurlen, Fernanda Moreira, Maria Aparecida Carna\u00faba e Gustavo Arns, pelo defensor p\u00fablico da Uni\u00e3o Diego Alves, pelo procurador da Repu\u0301blica Bruno Lamenha e pelo defensor p\u00fablico estadual Isaac Souto.<\/span><\/p>\n<p style=\"text-align: justify;\" align=\"justify\"><span style=\"font-family: helvetica, arial, sans-serif; font-size: 12pt;\">\u2018<b>Princ\u00edpio da veda\u00e7\u00e3o do retrocesso\u2019<\/b><\/span><\/p>\n<p style=\"text-align: justify;\" align=\"justify\"><span style=\"font-family: helvetica, arial, sans-serif; font-size: 12pt;\">Segundo as institui\u00e7\u00f5es, neste ano de 2024, o or\u00e7amento inicialmente destinado \u00e0 Secretaria Municipal de Desenvolvimento Social, Primeira Inf\u00e2ncia e Seguran\u00e7a Alimentar foi \u201cinsuficiente\u201d, tendo que ser suplementado neste m\u00eas de outubro. Ainda assim, ele representa apenas 2% do or\u00e7amento total do munic\u00edpio, acrescentando-se, neste c\u00e1lculo, as verbas que vem dos financiamentos estadual e federal.<\/span><\/p>\n<p style=\"text-align: justify;\" align=\"justify\"><span style=\"font-family: helvetica, arial, sans-serif; font-size: 12pt;\">Ao fazerem compara\u00e7\u00f5es sobre os valores retirados de v\u00e1rias a\u00e7\u00f5es, os \u00f3rg\u00e3os alegam que a prefeitura n\u00e3o pode ferir o \u2018princ\u00edpio da veda\u00e7\u00e3o do retrocesso\u2019, ou seja, n\u00e3o pode retroceder naquilo que j\u00e1 n\u00e3o era suficiente. Neste contexto est\u00e1 inserida a redu\u00e7\u00e3o de R$ 4,5 milh\u00f5es para R$ 3,9 milh\u00f5es para a\u00e7\u00f5es do restaurante popular, medida que vai interferir negativamente no combate \u00e0 fome.<\/span><\/p>\n<p style=\"text-align: justify;\" align=\"justify\"><span style=\"font-family: helvetica, arial, sans-serif; font-size: 12pt;\">O servi\u00e7o de prote\u00e7\u00e3o especial para pessoa com defici\u00eancia cair\u00e1 drasticamente de R$ 586 mil para R$ 185 mil, ou seja, 68,38%. J\u00e1 o servi\u00e7o de prote\u00e7\u00e3o e aten\u00e7\u00e3o integral \u00e0 fam\u00edlia sofrer\u00e1 corte de 20%, caindo de R$ 2,3 milh\u00f5es para R$ 1,8 milh\u00e3o.<\/span><\/p>\n<p style=\"text-align: justify;\" align=\"justify\"><span style=\"font-family: helvetica, arial, sans-serif; font-size: 12pt;\">O Fundo Municipal de Direitos da Crian\u00e7a e do Adolescente, que tem o trabalho de fortalecer a rede de atendimento, vai cair em 74%, baixando de R$ 808 mil para R$ 210 mil.<\/span><\/p>\n<p style=\"text-align: justify;\" align=\"justify\"><span style=\"font-family: helvetica, arial, sans-serif; font-size: 12pt;\">A popula\u00e7\u00e3o em situa\u00e7\u00e3o de rua igualmente sofrer\u00e1 os efeitos dos cortes. O or\u00e7amento para servi\u00e7os de acolhimento institucional diminuir\u00e1 de R$ 3 milh\u00f5es para R$ 2,5 milh\u00f5es. Esse \u00e9 o tipo de atua\u00e7\u00e3o que atrai essas pessoas na tentativa de retir\u00e1-las das ruas e reinseri-las socialmente. O servi\u00e7o especializado em abordagem social, que trabalha a garantia de pol\u00edticas p\u00fablicas que permitam a sa\u00edda dessas pessoas das ruas, ser\u00e1 afetado em 20%, sendo reduzido de R$ 420 mil para R$ 336 mil.\u00a0<\/span><\/p>\n<p style=\"text-align: justify;\" align=\"justify\"><span style=\"font-family: helvetica, arial, sans-serif; font-size: 12pt;\">Sobre a import\u00e2ncia de constru\u00e7\u00e3o de novos Centros de Refer\u00eancia de Assist\u00eancia Social (CRAS), MPs e Defensorias argumentaram que a necessidade da cidade de Macei\u00f3 \u00e9 de 40 unidades. No entanto, o munic\u00edpio tem apenas 17. Para a amplia\u00e7\u00e3o desse servi\u00e7o, foram destinados somente R$ 200 mil, valor insuficiente para o quantitativo desejado.<\/span><\/p>\n<p style=\"text-align: justify;\" align=\"justify\"><span style=\"font-family: helvetica, arial, sans-serif; font-size: 12pt;\">Ap\u00f3s pontuarem todos os problemas existentes no atual projeto de lei, Minist\u00e9rios P\u00fablicos e Defensorias P\u00fablicas encerram o of\u00edcio afirmando que o PL \u00e9 \u201cinconstitucional e violador dos direitos humanos fundamentais\u201d.<\/span><\/p>\n","protected":false},"excerpt":{"rendered":"<p> [&hellip;]<\/p>\n","protected":false},"author":17,"featured_media":49044,"comment_status":"open","ping_status":"open","sticky":false,"template":"","format":"standard","meta":{"om_disable_all_campaigns":false,"_monsterinsights_skip_tracking":false,"_monsterinsights_sitenote_active":false,"_monsterinsights_sitenote_note":"","_monsterinsights_sitenote_category":0,"_uf_show_specific_survey":0,"_uf_disable_surveys":false,"footnotes":""},"categories":[2],"tags":[],"class_list":["post-49032","post","type-post","status-publish","format-standard","has-post-thumbnail","hentry","category-not_mpal"],"aioseo_notices":[],"_links":{"self":[{"href":"https:\/\/www.mpal.mp.br\/index.php?rest_route=\/wp\/v2\/posts\/49032","targetHints":{"allow":["GET"]}}],"collection":[{"href":"https:\/\/www.mpal.mp.br\/index.php?rest_route=\/wp\/v2\/posts"}],"about":[{"href":"https:\/\/www.mpal.mp.br\/index.php?rest_route=\/wp\/v2\/types\/post"}],"author":[{"embeddable":true,"href":"https:\/\/www.mpal.mp.br\/index.php?rest_route=\/wp\/v2\/users\/17"}],"replies":[{"embeddable":true,"href":"https:\/\/www.mpal.mp.br\/index.php?rest_route=%2Fwp%2Fv2%2Fcomments&post=49032"}],"version-history":[{"count":6,"href":"https:\/\/www.mpal.mp.br\/index.php?rest_route=\/wp\/v2\/posts\/49032\/revisions"}],"predecessor-version":[{"id":49046,"href":"https:\/\/www.mpal.mp.br\/index.php?rest_route=\/wp\/v2\/posts\/49032\/revisions\/49046"}],"wp:featuredmedia":[{"embeddable":true,"href":"https:\/\/www.mpal.mp.br\/index.php?rest_route=\/wp\/v2\/media\/49044"}],"wp:attachment":[{"href":"https:\/\/www.mpal.mp.br\/index.php?rest_route=%2Fwp%2Fv2%2Fmedia&parent=49032"}],"wp:term":[{"taxonomy":"category","embeddable":true,"href":"https:\/\/www.mpal.mp.br\/index.php?rest_route=%2Fwp%2Fv2%2Fcategories&post=49032"},{"taxonomy":"post_tag","embeddable":true,"href":"https:\/\/www.mpal.mp.br\/index.php?rest_route=%2Fwp%2Fv2%2Ftags&post=49032"}],"curies":[{"name":"wp","href":"https:\/\/api.w.org\/{rel}","templated":true}]}}