{"id":48804,"date":"2024-10-18T11:30:47","date_gmt":"2024-10-18T14:30:47","guid":{"rendered":"https:\/\/www.mpal.mp.br\/?p=48804"},"modified":"2024-10-18T13:06:25","modified_gmt":"2024-10-18T16:06:25","slug":"reu-e-condenado-a-60-anos-por-triplo-homicidio-mpal-apontou-que-antes-da-morte-vitimas-foram-amarradas-pelos-bracos","status":"publish","type":"post","link":"https:\/\/www.mpal.mp.br\/?p=48804","title":{"rendered":"R\u00e9u \u00e9 condenado a 60 anos por triplo homic\u00eddio; MPAL apontou que, antes da morte, v\u00edtimas foram amarradas pelos bra\u00e7os"},"content":{"rendered":"<p style=\"text-align: justify;\">Sessenta anos de pris\u00e3o por triplo homic\u00eddio qualificado: essa foi a condena\u00e7\u00e3o imposta a Daniel Pereira Pontes ap\u00f3s o Minist\u00e9rio P\u00fablico do Estado de Alagoas (MPAL) sustentar a acusa\u00e7\u00e3o de que ele amarrou e depois atirou contra tr\u00eas v\u00edtimas, sem dar a elas quaisquer chances de defesa. Testemunhas viram quando o r\u00e9u rendeu Gustavo da Silva Lima, Everton dos Santos Silva e Raphael Victor Pessoa Cavalcante, levando-os para um beco sem sa\u00edda e, na sequ\u00eancia, executando-as.<\/p>\n<p style=\"text-align: justify;\">O promotor de Justi\u00e7a Thiago Riff argumentou que Daniel Pereira Pontes, no dia 12 de agosto de 2021, no Morro do Ari, no bairro do Jacintinho, em Macei\u00f3, planejou o assassinato de Gustavo da Silva Lima, Everton dos Santos Silva e Raphael Victor Pessoa Cavalcante. Segundo o representante do MPAL, as v\u00edtimas foram rendidas, tiveram suas m\u00e3os amarradas e foram levadas a um beco, local em que foram alvejadas por diversos disparos de arma de fogo, perdendo a vida antes mesmo de qualquer socorro.<\/p>\n<blockquote>\n<p style=\"text-align: justify;\">\u201cFoi um crime b\u00e1rbaro e com caracter\u00edsticas de execu\u00e7\u00e3o. O Daniel Pereira e outras duas pessoas, uma que n\u00e3o foi a j\u00fari porque est\u00e1 foragida, e outra que j\u00e1 n\u00e3o est\u00e1 mais viva, praticaram os assassinatos sem medo de serem reconhecidos, pois cometeram o crime perto de pessoas que j\u00e1 os conheciam\u201d, explicou Thiago Riff.<\/p>\n<\/blockquote>\n<p style=\"text-align: justify;\">Ap\u00f3s a atua\u00e7\u00e3o de Riff, o r\u00e9u recebeu pena de 60 anos, quatro meses e 15 dias de reclus\u00e3o pelos tr\u00eas homic\u00eddios, com o reconhecimento de duas qualificadoras, que foram meio cruel e recurso que impossibilitou a defesa das v\u00edtimas. Ele j\u00e1 respondia o processo preso e, na sequ\u00eancia da condena\u00e7\u00e3o, o Judici\u00e1rio determinou a execu\u00e7\u00e3o imediata da senten\u00e7a, o que o levou de volta ao sistema penitenci\u00e1rio.<\/p>\n","protected":false},"excerpt":{"rendered":"<p> [&hellip;]<\/p>\n","protected":false},"author":17,"featured_media":48847,"comment_status":"open","ping_status":"open","sticky":false,"template":"","format":"standard","meta":{"om_disable_all_campaigns":false,"_monsterinsights_skip_tracking":false,"_monsterinsights_sitenote_active":false,"_monsterinsights_sitenote_note":"","_monsterinsights_sitenote_category":0,"_uf_show_specific_survey":0,"_uf_disable_surveys":false,"footnotes":""},"categories":[2],"tags":[],"class_list":["post-48804","post","type-post","status-publish","format-standard","has-post-thumbnail","hentry","category-not_mpal"],"aioseo_notices":[],"_links":{"self":[{"href":"https:\/\/www.mpal.mp.br\/index.php?rest_route=\/wp\/v2\/posts\/48804","targetHints":{"allow":["GET"]}}],"collection":[{"href":"https:\/\/www.mpal.mp.br\/index.php?rest_route=\/wp\/v2\/posts"}],"about":[{"href":"https:\/\/www.mpal.mp.br\/index.php?rest_route=\/wp\/v2\/types\/post"}],"author":[{"embeddable":true,"href":"https:\/\/www.mpal.mp.br\/index.php?rest_route=\/wp\/v2\/users\/17"}],"replies":[{"embeddable":true,"href":"https:\/\/www.mpal.mp.br\/index.php?rest_route=%2Fwp%2Fv2%2Fcomments&post=48804"}],"version-history":[{"count":3,"href":"https:\/\/www.mpal.mp.br\/index.php?rest_route=\/wp\/v2\/posts\/48804\/revisions"}],"predecessor-version":[{"id":48848,"href":"https:\/\/www.mpal.mp.br\/index.php?rest_route=\/wp\/v2\/posts\/48804\/revisions\/48848"}],"wp:featuredmedia":[{"embeddable":true,"href":"https:\/\/www.mpal.mp.br\/index.php?rest_route=\/wp\/v2\/media\/48847"}],"wp:attachment":[{"href":"https:\/\/www.mpal.mp.br\/index.php?rest_route=%2Fwp%2Fv2%2Fmedia&parent=48804"}],"wp:term":[{"taxonomy":"category","embeddable":true,"href":"https:\/\/www.mpal.mp.br\/index.php?rest_route=%2Fwp%2Fv2%2Fcategories&post=48804"},{"taxonomy":"post_tag","embeddable":true,"href":"https:\/\/www.mpal.mp.br\/index.php?rest_route=%2Fwp%2Fv2%2Ftags&post=48804"}],"curies":[{"name":"wp","href":"https:\/\/api.w.org\/{rel}","templated":true}]}}