{"id":48699,"date":"2024-10-16T16:41:23","date_gmt":"2024-10-16T19:41:23","guid":{"rendered":"https:\/\/www.mpal.mp.br\/?p=48699"},"modified":"2024-10-18T13:07:48","modified_gmt":"2024-10-18T16:07:48","slug":"promotoria-de-justica-de-murici-proporciona-dia-de-lazer-para-criancas-da-casa-lar","status":"publish","type":"post","link":"https:\/\/www.mpal.mp.br\/?p=48699","title":{"rendered":"Promotoria de Justi\u00e7a de Murici proporciona dia de lazer para crian\u00e7as da casa Lar"},"content":{"rendered":"<p style=\"text-align: justify;\">Presentes, lanche e brinquedos: foi nesse ritmo de divers\u00e3o que as crian\u00e7as acolhidas na Casa Lar, situada na cidade de Murici, aproveitaram a tarde dessa ter\u00e7a-feira (15), ao lado do Minist\u00e9rio P\u00fablico do Estado de Alagoas (MPAL) e do Poder Judici\u00e1rio. A comemora\u00e7\u00e3o alusiva ao Dia das Crian\u00e7as foi uma iniciativa da promotora de Justi\u00e7a Ilda Regina Reis, que atua naquela comarca.<\/p>\n<blockquote>\n<p style=\"text-align: justify;\">\u201cEssa foi a forma que encontramos de levar mais afeto para as crian\u00e7as que vivem na Casa Lar, entidade que acolhe esse p\u00fablico em condi\u00e7\u00e3o de vulnerabilidade social. V\u00ea-las comemorando a passagem do seu dia com tamanha divers\u00e3o enche o nosso cora\u00e7\u00e3o de alegria\u201d, contou Ilda Regina Reis.<\/p>\n<\/blockquote>\n<p style=\"text-align: justify;\">A festa foi organizada pela promotora de Justi\u00e7a e contou com o apoio da ju\u00edza Paula Brito e da coordenadora da entidade, Cristiane Gerbase.<\/p>\n<p style=\"text-align: justify;\">Durante a festa, a crian\u00e7ada ganhou presentes e aproveitou os brinquedos que foram montados especialmente para elas, dentre eles, a cama el\u00e1stica. Ao final, elas participaram de um lanche coletivo.<\/p>\n<p style=\"text-align: justify;\"><span style=\"font-size: 14pt;\"><strong>Nova casa<\/strong><\/span><\/p>\n<p style=\"text-align: justify;\">Ilda Regina Reis aproveitou a tarde de lazer para refor\u00e7ar \u00e0 dire\u00e7\u00e3o da entidade e \u00e0s crian\u00e7as que a nova Casa Lar est\u00e1 perto de ser inaugurada. Ela contar\u00e1 com v\u00e1rios ambientes prop\u00edcios para o melhor atendimento aos acolhidos, a exemplo de espa\u00e7o para estudo e entretenimento.<\/p>\n","protected":false},"excerpt":{"rendered":"<p> [&hellip;]<\/p>\n","protected":false},"author":17,"featured_media":48849,"comment_status":"open","ping_status":"open","sticky":false,"template":"","format":"standard","meta":{"om_disable_all_campaigns":false,"_monsterinsights_skip_tracking":false,"_monsterinsights_sitenote_active":false,"_monsterinsights_sitenote_note":"","_monsterinsights_sitenote_category":0,"_uf_show_specific_survey":0,"_uf_disable_surveys":false,"footnotes":""},"categories":[2],"tags":[],"class_list":["post-48699","post","type-post","status-publish","format-standard","has-post-thumbnail","hentry","category-not_mpal"],"aioseo_notices":[],"_links":{"self":[{"href":"https:\/\/www.mpal.mp.br\/index.php?rest_route=\/wp\/v2\/posts\/48699","targetHints":{"allow":["GET"]}}],"collection":[{"href":"https:\/\/www.mpal.mp.br\/index.php?rest_route=\/wp\/v2\/posts"}],"about":[{"href":"https:\/\/www.mpal.mp.br\/index.php?rest_route=\/wp\/v2\/types\/post"}],"author":[{"embeddable":true,"href":"https:\/\/www.mpal.mp.br\/index.php?rest_route=\/wp\/v2\/users\/17"}],"replies":[{"embeddable":true,"href":"https:\/\/www.mpal.mp.br\/index.php?rest_route=%2Fwp%2Fv2%2Fcomments&post=48699"}],"version-history":[{"count":4,"href":"https:\/\/www.mpal.mp.br\/index.php?rest_route=\/wp\/v2\/posts\/48699\/revisions"}],"predecessor-version":[{"id":48850,"href":"https:\/\/www.mpal.mp.br\/index.php?rest_route=\/wp\/v2\/posts\/48699\/revisions\/48850"}],"wp:featuredmedia":[{"embeddable":true,"href":"https:\/\/www.mpal.mp.br\/index.php?rest_route=\/wp\/v2\/media\/48849"}],"wp:attachment":[{"href":"https:\/\/www.mpal.mp.br\/index.php?rest_route=%2Fwp%2Fv2%2Fmedia&parent=48699"}],"wp:term":[{"taxonomy":"category","embeddable":true,"href":"https:\/\/www.mpal.mp.br\/index.php?rest_route=%2Fwp%2Fv2%2Fcategories&post=48699"},{"taxonomy":"post_tag","embeddable":true,"href":"https:\/\/www.mpal.mp.br\/index.php?rest_route=%2Fwp%2Fv2%2Ftags&post=48699"}],"curies":[{"name":"wp","href":"https:\/\/api.w.org\/{rel}","templated":true}]}}