{"id":48692,"date":"2024-10-16T15:48:01","date_gmt":"2024-10-16T18:48:01","guid":{"rendered":"https:\/\/www.mpal.mp.br\/?p=48692"},"modified":"2024-10-18T13:09:25","modified_gmt":"2024-10-18T16:09:25","slug":"dia-mundial-da-alimentacao-mpal-reafirma-o-compromisso-com-o-combate-a-fome-e-a-seguranca-alimentar","status":"publish","type":"post","link":"https:\/\/www.mpal.mp.br\/?p=48692","title":{"rendered":"Dia Mundial da Alimenta\u00e7\u00e3o: MPAL reafirma o compromisso com a seguran\u00e7a alimentar e o combate \u00e0 fome"},"content":{"rendered":"<p style=\"text-align: justify;\">Neste 16 de outubro, celebra-se o Dia Mundial da Alimenta\u00e7\u00e3o, uma data que destaca a import\u00e2ncia do acesso \u00e0 alimenta\u00e7\u00e3o adequada como um direito fundamental de todos. Em Alagoas, o Minist\u00e9rio P\u00fablico do Estado de Alagoas (MPAL) reafirma sua atua\u00e7\u00e3o em defesa da seguran\u00e7a alimentar e nutricional, um compromisso alinhado \u00e0 Lei Org\u00e2nica de Seguran\u00e7a Alimentar e Nutricional (Lei n\u00ba 11.346\/06), que estabelece o Sistema de Seguran\u00e7a Alimentar e Nutricional (SISAN).<\/p>\n<p style=\"text-align: justify;\">De acordo com essa legisla\u00e7\u00e3o, a alimenta\u00e7\u00e3o adequada \u00e9 essencial para a dignidade humana e para a realiza\u00e7\u00e3o dos direitos consagrados pela Constitui\u00e7\u00e3o Federal. A lei tamb\u00e9m imp\u00f5e ao poder p\u00fablico, em todas as suas esferas, o dever de promover pol\u00edticas para garantir a seguran\u00e7a alimentar e nutricional da popula\u00e7\u00e3o. Em cumprimento \u00e0 sua miss\u00e3o constitucional, o MPAL desempenha um papel central na fiscaliza\u00e7\u00e3o e promo\u00e7\u00e3o dessas pol\u00edticas em todo o estado.<\/p>\n<p style=\"text-align: justify;\">Al\u00e9m disso, o MPAL tamb\u00e9m est\u00e1 alinhado aos Objetivos de Desenvolvimento Sustent\u00e1vel (ODS) da ONU, adotados em 2015 por 193 Estados-membros. Os ODS representam um compromisso global para superar os maiores desafios da humanidade at\u00e9 2030, garantindo direitos e o bem-estar das pessoas em um planeta pr\u00f3spero e saud\u00e1vel. A atua\u00e7\u00e3o do MPAL \u00e9 parte dessa agenda, que busca, entre outras metas, erradicar a fome e assegurar a seguran\u00e7a alimentar.<\/p>\n<p style=\"text-align: justify;\"><span style=\"font-size: 14pt;\"><strong>A atua\u00e7\u00e3o do MPAL no combate \u00e0 fome<\/strong><\/span><\/p>\n<p style=\"text-align: justify;\">O MPAL tem se empenhado no enfrentamento da fome, especialmente ap\u00f3s a Recomenda\u00e7\u00e3o n\u00ba 97\/2023 do Conselho Nacional do Minist\u00e9rio P\u00fablico (CNMP), que orienta os Minist\u00e9rios P\u00fablicos a colaborarem com o poder p\u00fablico e a sociedade civil. Em Alagoas, o projeto \u201cO futuro \u00e9 agora. MP\/AL na luta contra a fome\u201d, idealizado pelos promotores Alexandra Beurlen e Paulo Henrique Carvalho Prado, busca motivar outros promotores a intensificarem seus esfor\u00e7os na defesa do direito \u00e0 alimenta\u00e7\u00e3o adequada.<\/p>\n<p style=\"text-align: justify;\">Um marco nessa atua\u00e7\u00e3o foi a primeira A\u00e7\u00e3o Civil P\u00fablica interposta no Brasil, em 2007, pelo MPAL e o MPT, que assegurou a instala\u00e7\u00e3o<br \/>\nde servi\u00e7os essenciais na Orla Lagunar de Macei\u00f3 e foi reconhecida pela ONU como uma boa pr\u00e1tica.<\/p>\n<p style=\"text-align: justify;\">Apesar dos avan\u00e7os, a inseguran\u00e7a alimentar ainda \u00e9 um desafio, e o MPAL continua a exigir pol\u00edticas de recupera\u00e7\u00e3o nutricional para crian\u00e7as e adolescentes na regi\u00e3o.<\/p>\n<p style=\"text-align: justify;\"><span style=\"font-size: 14pt;\"><strong>Conquistas recentes e monitoramento nutricional<\/strong><\/span><\/p>\n<p style=\"text-align: justify;\">Atualmente, o MPAL acompanha de perto a situa\u00e7\u00e3o nutricional de popula\u00e7\u00f5es em situa\u00e7\u00e3o de rua e ind\u00edgenas Warao, em colabora\u00e7\u00e3o com o Minist\u00e9rio P\u00fablico Federal e a Defensoria P\u00fablica de Alagoas. O acesso \u00e0 \u00e1gua pot\u00e1vel, um direito fundamental para garantir a seguran\u00e7a alimentar, tamb\u00e9m \u00e9 supervisionado pela institui\u00e7\u00e3o.<\/p>\n<p style=\"text-align: justify;\">Entre 2021 e 2023, o MPAL coordenou o Grupo de Trabalho em defesa do direito humano \u00e0 alimenta\u00e7\u00e3o adequada e dos direitos da popula\u00e7\u00e3o em situa\u00e7\u00e3o de rua. Atualmente, o \u00f3rg\u00e3o integra o Grupo Nacional de Atua\u00e7\u00e3o do Minist\u00e9rio P\u00fablico em Apoio Comunit\u00e1rio e no combate \u00e0 fome (GNA-Social).<\/p>\n","protected":false},"excerpt":{"rendered":"<p> [&hellip;]<\/p>\n","protected":false},"author":20,"featured_media":48852,"comment_status":"open","ping_status":"open","sticky":false,"template":"","format":"standard","meta":{"om_disable_all_campaigns":false,"_monsterinsights_skip_tracking":false,"_monsterinsights_sitenote_active":false,"_monsterinsights_sitenote_note":"","_monsterinsights_sitenote_category":0,"_uf_show_specific_survey":0,"_uf_disable_surveys":false,"footnotes":""},"categories":[2],"tags":[],"class_list":["post-48692","post","type-post","status-publish","format-standard","has-post-thumbnail","hentry","category-not_mpal"],"aioseo_notices":[],"_links":{"self":[{"href":"https:\/\/www.mpal.mp.br\/index.php?rest_route=\/wp\/v2\/posts\/48692","targetHints":{"allow":["GET"]}}],"collection":[{"href":"https:\/\/www.mpal.mp.br\/index.php?rest_route=\/wp\/v2\/posts"}],"about":[{"href":"https:\/\/www.mpal.mp.br\/index.php?rest_route=\/wp\/v2\/types\/post"}],"author":[{"embeddable":true,"href":"https:\/\/www.mpal.mp.br\/index.php?rest_route=\/wp\/v2\/users\/20"}],"replies":[{"embeddable":true,"href":"https:\/\/www.mpal.mp.br\/index.php?rest_route=%2Fwp%2Fv2%2Fcomments&post=48692"}],"version-history":[{"count":5,"href":"https:\/\/www.mpal.mp.br\/index.php?rest_route=\/wp\/v2\/posts\/48692\/revisions"}],"predecessor-version":[{"id":48853,"href":"https:\/\/www.mpal.mp.br\/index.php?rest_route=\/wp\/v2\/posts\/48692\/revisions\/48853"}],"wp:featuredmedia":[{"embeddable":true,"href":"https:\/\/www.mpal.mp.br\/index.php?rest_route=\/wp\/v2\/media\/48852"}],"wp:attachment":[{"href":"https:\/\/www.mpal.mp.br\/index.php?rest_route=%2Fwp%2Fv2%2Fmedia&parent=48692"}],"wp:term":[{"taxonomy":"category","embeddable":true,"href":"https:\/\/www.mpal.mp.br\/index.php?rest_route=%2Fwp%2Fv2%2Fcategories&post=48692"},{"taxonomy":"post_tag","embeddable":true,"href":"https:\/\/www.mpal.mp.br\/index.php?rest_route=%2Fwp%2Fv2%2Ftags&post=48692"}],"curies":[{"name":"wp","href":"https:\/\/api.w.org\/{rel}","templated":true}]}}