{"id":48644,"date":"2024-10-16T11:20:41","date_gmt":"2024-10-16T14:20:41","guid":{"rendered":"https:\/\/www.mpal.mp.br\/?p=48644"},"modified":"2024-10-16T14:20:42","modified_gmt":"2024-10-16T17:20:42","slug":"pgj-lean-araujo-e-eleito-vice-presidente-de-instituto-nacional-que-vai-trabalhar-no-aperfeicoamento-de-membros-e-servidores","status":"publish","type":"post","link":"https:\/\/www.mpal.mp.br\/?p=48644","title":{"rendered":"PGJ Lean Ara\u00fajo \u00e9 eleito vice-presidente de Instituto nacional que vai trabalhar no aperfei\u00e7oamento de membros e servidores"},"content":{"rendered":"<div class=\"fusion-fullwidth fullwidth-box fusion-builder-row-1 nonhundred-percent-fullwidth non-hundred-percent-height-scrolling\"  style='background-color: #ffffff;background-position: center center;background-repeat: no-repeat;padding-top:0px;padding-right:0px;padding-bottom:0px;padding-left:0px;'><div class=\"fusion-builder-row fusion-row \"><div  class=\"fusion-layout-column fusion_builder_column fusion_builder_column_1_1 fusion-builder-column-1 fusion-one-full fusion-column-first fusion-column-last 1_1\"  style='margin-top:0px;margin-bottom:0px;'>\n\t\t\t\t\t<div class=\"fusion-column-wrapper\" style=\"padding: 0px 0px 0px 0px;background-position:left top;background-repeat:no-repeat;-webkit-background-size:cover;-moz-background-size:cover;-o-background-size:cover;background-size:cover;\"   data-bg-url=\"\">\n\t\t\t\t\t\t<div class=\"fusion-text\"><p style=\"text-align: justify;\">O procurador-geral de Justi\u00e7a de Alagoas, Lean Ara\u00fajo, foi escolhido para a vice-presid\u00eancia do Instituto do Minist\u00e9rio P\u00fablico Brasileiro Roberto Lyra (IRL), entidade que contribuir\u00e1 para o aprimoramento e desenvolvimento das atividades dos Minist\u00e9rios P\u00fablicos. Ele possui car\u00e1ter t\u00e9cnico, pedag\u00f3gico, cient\u00edfico e cultural.<\/p>\n<p style=\"text-align: justify;\">De acordo com o Estatuto Social do Instituto, entre os seus objetivos est\u00e1 a pesquisa e o estudo de m\u00e9todos para o aperfei\u00e7oamento de suas fun\u00e7\u00f5es, al\u00e9m da promo\u00e7\u00e3o e incentivo \u00e0 realiza\u00e7\u00e3o de eventos como congressos, semin\u00e1rios e cursos de capacita\u00e7\u00e3o, tanto presenciais quanto \u00e0 dist\u00e2ncia. \u201cEle tamb\u00e9m vai criar e publicar obras t\u00e9cnicas e peri\u00f3dicos, mantendo, assim, o interc\u00e2mbio com estudiosos e especialistas em not\u00f3rio saber jur\u00eddico, al\u00e9m de celebrar conv\u00eanios com institui\u00e7\u00f5es nacionais. Tudo isso para que os integrantes da carreira do Minist\u00e9rio P\u00fablico possam ser capacitar ainda mais. Assim, eles estar\u00e3o cada vez mais preparados para bem servir a sociedade\u201d, explicou Lean Ara\u00fajo.<\/p>\n<p style=\"text-align: justify;\">Outras a\u00e7\u00f5es incluem prestar assist\u00eancia t\u00e9cnica \u00e0s unidades do Minist\u00e9rio P\u00fablico e institui\u00e7\u00f5es p\u00fablicas e privadas, atender \u00e0 melhoria de suas fun\u00e7\u00f5es, e fornecer informa\u00e7\u00f5es e documentos sobre entidades de interesse. Por meio dele, o CNPG ainda pretende instituir concursos com pr\u00eamios em forma de est\u00e1gios e treinamentos, compilar e distribuir c\u00f3pias da legisla\u00e7\u00e3o pertinente, manter um banco de dados atualizado com informa\u00e7\u00f5es relevantes, e acompanhar a tramita\u00e7\u00e3o de legisla\u00e7\u00e3o.<\/p>\n<p style=\"text-align: justify;\">Por fim, o Instituto vai buscar divulgar informa\u00e7\u00f5es sobre temas de interesse, promover a forma\u00e7\u00e3o continuada dos membros, elaborar diretrizes uniformizadas e apoiar a implementa\u00e7\u00e3o de normas.<\/p>\n<p style=\"text-align: justify;\"><span style=\"font-size: 14pt;\"><strong>Composi\u00e7\u00e3o<\/strong><\/span><\/p>\n<p style=\"text-align: justify;\">O Instituto do Minist\u00e9rio P\u00fablico Brasileiro Roberto LyraI ser\u00e1 presidido pelo presidente do CNPG, Jarbas Soares J\u00fanior, e ter\u00e1 como vice-presidente PGJ de Alagoas, Lean Ara\u00fajo. O diretor administrativo escolhido foi Rom\u00e3o \u00c1vila Milhan Junior e o diretor de Rela\u00e7\u00f5es Institucionais \u00e9 Marcelo Andr\u00e9 de Azevedo. A dire\u00e7\u00e3o de Ensino, Pesquisa, Extens\u00e3o e eventos est\u00e1 sob a responsabilidade de Luciano Oliveira Mattos de Souza, enquanto a 1\u00aa Secretaria ficou com Pedro Maia Souza Marques.<\/p>\n<p style=\"text-align: justify;\">O IRL, que tem como associados os ramos e unidades do Minist\u00e9rio P\u00fablico Brasileiro, representados por seus procuradores-gerais, n\u00e3o possui fins lucrativos, tem car\u00e1ter nacional e prazo de dura\u00e7\u00e3o indeterminado.<\/p>\n<\/div><div class=\"fusion-clearfix\"><\/div>\n\n\t\t\t\t\t<\/div>\n\t\t\t\t<\/div><\/div><\/div>\n","protected":false},"excerpt":{"rendered":"","protected":false},"author":17,"featured_media":48675,"comment_status":"open","ping_status":"open","sticky":false,"template":"","format":"standard","meta":{"om_disable_all_campaigns":false,"_monsterinsights_skip_tracking":false,"_monsterinsights_sitenote_active":false,"_monsterinsights_sitenote_note":"","_monsterinsights_sitenote_category":0,"_uf_show_specific_survey":0,"_uf_disable_surveys":false,"footnotes":""},"categories":[61,49],"tags":[],"class_list":["post-48644","post","type-post","status-publish","format-standard","has-post-thumbnail","hentry","category-not_ngi","category-not_pgj"],"aioseo_notices":[],"_links":{"self":[{"href":"https:\/\/www.mpal.mp.br\/index.php?rest_route=\/wp\/v2\/posts\/48644","targetHints":{"allow":["GET"]}}],"collection":[{"href":"https:\/\/www.mpal.mp.br\/index.php?rest_route=\/wp\/v2\/posts"}],"about":[{"href":"https:\/\/www.mpal.mp.br\/index.php?rest_route=\/wp\/v2\/types\/post"}],"author":[{"embeddable":true,"href":"https:\/\/www.mpal.mp.br\/index.php?rest_route=\/wp\/v2\/users\/17"}],"replies":[{"embeddable":true,"href":"https:\/\/www.mpal.mp.br\/index.php?rest_route=%2Fwp%2Fv2%2Fcomments&post=48644"}],"version-history":[{"count":6,"href":"https:\/\/www.mpal.mp.br\/index.php?rest_route=\/wp\/v2\/posts\/48644\/revisions"}],"predecessor-version":[{"id":48677,"href":"https:\/\/www.mpal.mp.br\/index.php?rest_route=\/wp\/v2\/posts\/48644\/revisions\/48677"}],"wp:featuredmedia":[{"embeddable":true,"href":"https:\/\/www.mpal.mp.br\/index.php?rest_route=\/wp\/v2\/media\/48675"}],"wp:attachment":[{"href":"https:\/\/www.mpal.mp.br\/index.php?rest_route=%2Fwp%2Fv2%2Fmedia&parent=48644"}],"wp:term":[{"taxonomy":"category","embeddable":true,"href":"https:\/\/www.mpal.mp.br\/index.php?rest_route=%2Fwp%2Fv2%2Fcategories&post=48644"},{"taxonomy":"post_tag","embeddable":true,"href":"https:\/\/www.mpal.mp.br\/index.php?rest_route=%2Fwp%2Fv2%2Ftags&post=48644"}],"curies":[{"name":"wp","href":"https:\/\/api.w.org\/{rel}","templated":true}]}}