{"id":48637,"date":"2024-10-16T08:44:05","date_gmt":"2024-10-16T11:44:05","guid":{"rendered":"https:\/\/www.mpal.mp.br\/?p=48637"},"modified":"2024-10-16T14:22:02","modified_gmt":"2024-10-16T17:22:02","slug":"apos-interlocucao-do-pgj-lean-araujo-arthur-lira-recebe-cnpg-e-conamp-para-discutir-pautas-nacionais","status":"publish","type":"post","link":"https:\/\/www.mpal.mp.br\/?p=48637","title":{"rendered":"Ap\u00f3s interlocu\u00e7\u00e3o do PGJ Lean Ara\u00fajo, Arthur Lira recebe CNPG e Conamp para discutir pautas nacionais"},"content":{"rendered":"<p style=\"text-align: justify;\">O procurador-geral de Justi\u00e7a de Alagoas, Lean Ara\u00fajo, acompanhou, nesta ter\u00e7a-feira (15), a comitiva do Conselho Nacional dos Procuradores-Gerais do Minist\u00e9rio P\u00fablico dos Estados e da Uni\u00e3o (CNPG) e da Associa\u00e7\u00e3o Nacional dos Membros do Minist\u00e9rio P\u00fablico (Conamp) numa reuni\u00e3o com o presidente da C\u00e2mara dos Deputados, Arthur Lira. A chefia do Minist\u00e9rio P\u00fablico do Estado de Alagoas (MPAL) promoveu a interlocu\u00e7\u00e3o desse encontro, que discutiu tr\u00eas pautas de interesse p\u00fablico nacional, dentre elas, a PEC n\u00ba 66\/2023, que reabre o prazo para que as prefeituras parcelem suas d\u00edvidas com a Previd\u00eancia e definam limites para o pagamento de precat\u00f3rios.<\/p>\n<p style=\"text-align: justify;\">\u201cO Minist\u00e9rio P\u00fablico entende como importante essa discuss\u00e3o porque ela envolve a sa\u00fade financeira dos entes p\u00fablicos. Tanto \u00e9 que os estados j\u00e1 avan\u00e7aram na tem\u00e1tica&#8221;, explicou Lean Ara\u00fajo.<\/p>\n<p style=\"text-align: justify;\">O presidente Artur Lira manifestou o interesse no processo de di\u00e1logo com todos os setores a serem alcan\u00e7ados pelos efeitos da referida PEC.<\/p>\n<p style=\"text-align: justify;\">J\u00e1 aprovada pelo Senado, a proposta de emenda \u00e0 Constitui\u00e7\u00e3o que alivia as contas municipais agora tramita na C\u00e2mara. Dentre outras coisas, ela prev\u00ea que as prefeituras parcelem em at\u00e9 300 meses os d\u00e9bitos previdenci\u00e1rios vencidos at\u00e9 a data da promulga\u00e7\u00e3o da emenda.<\/p>\n<p style=\"text-align: justify;\"><span style=\"font-size: 14pt;\"><strong>Aprimoramento do di\u00e1logo institucional<\/strong><\/span><\/p>\n<p style=\"text-align: justify;\">Durante o encontro, os representantes do Minist\u00e9rio P\u00fablico brasileiro tamb\u00e9m defenderam o aprimoramento do di\u00e1logo entre o Congresso Nacional e os \u00f3rg\u00e3os nacionais que representam promotores de Justi\u00e7a, procuradores de Justi\u00e7a, procuradores federais, do trabalho e militar. \u201cO MP de Alagoas fez essa interven\u00e7\u00e3o no sentido da amplia\u00e7\u00e3o do di\u00e1logo entre a C\u00e2mara dos Deputados, o CNPG e a Conamp, afinal de contas, defendemos interesses comuns, que s\u00e3o a garantia de direitos, a cidadania, a democracia\u201d, pontuou o procurador-geral de Justi\u00e7a.<\/p>\n<p style=\"text-align: justify;\">Ao comentar sobre essa rela\u00e7\u00e3o harmoniosa e de conversa\u00e7\u00e3o, Arthur Lira se colocou \u00e0 disposi\u00e7\u00e3o do Minist\u00e9rio P\u00fablico brasileiro para tratar dessas pautas de interesse coletivo.<\/p>\n<p style=\"text-align: justify;\">Estiveram presentes, al\u00e9m de Lean Ara\u00fajo, Marfan Vieira, presidente do Grupo de Acompanhamento Legislativo do CNPG, Magno Alexandre, secret\u00e1rio do CNPG, Rom\u00e3o \u00c1vila, procurador-geral de Justi\u00e7a do Mato Grosso do Sul e Tarc\u00edsio Bonfim, presidente da Conamp.<\/p>\n","protected":false},"excerpt":{"rendered":"<p> [&hellip;]<\/p>\n","protected":false},"author":17,"featured_media":48678,"comment_status":"open","ping_status":"open","sticky":false,"template":"","format":"standard","meta":{"om_disable_all_campaigns":false,"_monsterinsights_skip_tracking":false,"_monsterinsights_sitenote_active":false,"_monsterinsights_sitenote_note":"","_monsterinsights_sitenote_category":0,"_uf_show_specific_survey":0,"_uf_disable_surveys":false,"footnotes":""},"categories":[2,49],"tags":[],"class_list":["post-48637","post","type-post","status-publish","format-standard","has-post-thumbnail","hentry","category-not_mpal","category-not_pgj"],"aioseo_notices":[],"_links":{"self":[{"href":"https:\/\/www.mpal.mp.br\/index.php?rest_route=\/wp\/v2\/posts\/48637","targetHints":{"allow":["GET"]}}],"collection":[{"href":"https:\/\/www.mpal.mp.br\/index.php?rest_route=\/wp\/v2\/posts"}],"about":[{"href":"https:\/\/www.mpal.mp.br\/index.php?rest_route=\/wp\/v2\/types\/post"}],"author":[{"embeddable":true,"href":"https:\/\/www.mpal.mp.br\/index.php?rest_route=\/wp\/v2\/users\/17"}],"replies":[{"embeddable":true,"href":"https:\/\/www.mpal.mp.br\/index.php?rest_route=%2Fwp%2Fv2%2Fcomments&post=48637"}],"version-history":[{"count":4,"href":"https:\/\/www.mpal.mp.br\/index.php?rest_route=\/wp\/v2\/posts\/48637\/revisions"}],"predecessor-version":[{"id":48679,"href":"https:\/\/www.mpal.mp.br\/index.php?rest_route=\/wp\/v2\/posts\/48637\/revisions\/48679"}],"wp:featuredmedia":[{"embeddable":true,"href":"https:\/\/www.mpal.mp.br\/index.php?rest_route=\/wp\/v2\/media\/48678"}],"wp:attachment":[{"href":"https:\/\/www.mpal.mp.br\/index.php?rest_route=%2Fwp%2Fv2%2Fmedia&parent=48637"}],"wp:term":[{"taxonomy":"category","embeddable":true,"href":"https:\/\/www.mpal.mp.br\/index.php?rest_route=%2Fwp%2Fv2%2Fcategories&post=48637"},{"taxonomy":"post_tag","embeddable":true,"href":"https:\/\/www.mpal.mp.br\/index.php?rest_route=%2Fwp%2Fv2%2Ftags&post=48637"}],"curies":[{"name":"wp","href":"https:\/\/api.w.org\/{rel}","templated":true}]}}