{"id":48616,"date":"2024-10-15T16:17:47","date_gmt":"2024-10-15T19:17:47","guid":{"rendered":"https:\/\/www.mpal.mp.br\/?p=48616"},"modified":"2024-10-16T14:28:30","modified_gmt":"2024-10-16T17:28:30","slug":"ministerio-publico-se-reune-com-secretarios-de-estado-para-cobrar-celeridade-na-implementacao-de-cameras-corporais-nos-militares","status":"publish","type":"post","link":"https:\/\/www.mpal.mp.br\/?p=48616","title":{"rendered":"Minist\u00e9rio P\u00fablico se re\u00fane com secret\u00e1rios de Estado para cobrar celeridade na implementa\u00e7\u00e3o de c\u00e2meras corporais nos militares"},"content":{"rendered":"<div class=\"fusion-fullwidth fullwidth-box fusion-builder-row-1 nonhundred-percent-fullwidth non-hundred-percent-height-scrolling\"  style='background-color: #ffffff;background-position: center center;background-repeat: no-repeat;padding-top:0px;padding-right:0px;padding-bottom:0px;padding-left:0px;'><div class=\"fusion-builder-row fusion-row \"><div  class=\"fusion-layout-column fusion_builder_column fusion_builder_column_1_1 fusion-builder-column-1 fusion-one-full fusion-column-first fusion-column-last 1_1\"  style='margin-top:0px;margin-bottom:0px;'>\n\t\t\t\t\t<div class=\"fusion-column-wrapper\" style=\"padding: 0px 0px 0px 0px;background-position:left top;background-repeat:no-repeat;-webkit-background-size:cover;-moz-background-size:cover;-o-background-size:cover;background-size:cover;\"   data-bg-url=\"\">\n\t\t\t\t\t\t<div class=\"fusion-text\"><p style=\"text-align: justify;\">O Minist\u00e9rio P\u00fablico de Alagoas (MPAL), representado pelo promotor de Justi\u00e7a Magno Moura, da 40\u00aa Promotoria de Justi\u00e7a da Capital, participou, nessa segunda-feira (14), de uma reuni\u00e3o com os secret\u00e1rios de Estado da Seguran\u00e7a P\u00fablica, Fl\u00e1vio Saraiva e Patrick Madeiro, a secret\u00e1ria de Estado da Mulher e Direitos Humanos, Maria Silva, o subcomandante-geral da Pol\u00edcia Militar de Alagoas, Cel. Neyvaldo Amorim, que teve como pauta principal o tr\u00e2mite para a implementa\u00e7\u00e3o das c\u00e2meras corporais nos policiais militares.<\/p>\n<p style=\"text-align: justify;\">Magno Moura ressalta a import\u00e2ncia da celeridade para a execu\u00e7\u00e3o do projeto como instrumento de trabalho, o que servir\u00e1 de refor\u00e7o de prova nas audi\u00eancias de cust\u00f3dia, bem como nas corregedorias das respectivas institui\u00e7\u00f5es.<\/p>\n<blockquote>\n<p style=\"text-align: justify;\">\u201cTemos cobrado das autoridades da seguran\u00e7a p\u00fablica porque acreditamos que as c\u00e2meras ser\u00e3o de grande ajuda, inclusive, ao Minist\u00e9rio P\u00fablico para quando sentir necessidade requisitar as imagens que demonstrar\u00e3o se o protocolo de abordagem e atua\u00e7\u00e3o do militar foi correto. O Minist\u00e9rio P\u00fablico conseguiu sensibilizar o Governo do Estado, bem como o secret\u00e1rio Fl\u00e1vio Saraiva, para que a Seguran\u00e7a P\u00fablica adote as c\u00e2meras corporais como uma tecnologia de evid\u00eancia na farda dos policiais\u201d, ressalta o promotor de Justi\u00e7a.<\/p>\n<\/blockquote>\n<p style=\"text-align: justify;\">Para Magno Moura, h\u00e1 uma for\u00e7a-tarefa entre as institui\u00e7\u00f5es na busca para que as c\u00e2meras se tornem uma realidade.<\/p>\n<blockquote>\n<p style=\"text-align: justify;\">\u201c\u00c9 importante lembrar que a implementa\u00e7\u00e3o das c\u00e2meras corporais prestigiar\u00e1 o princ\u00edpio constitucionais da legalidade, impessoalidade, moralidade, publicidade e da efici\u00eancia no servi\u00e7o p\u00fablico de seguran\u00e7a\u201d. Refor\u00e7a.<\/p>\n<\/blockquote>\n<p style=\"text-align: justify;\">O Estado de Alagoas aderiu ao Projeto Nacional de C\u00e2meras Corporais, uma iniciativa do Minist\u00e9rio da Justi\u00e7a e Seguran\u00e7a P\u00fablica que ser\u00e1 respons\u00e1vel pelo envio dos equipamentos, bem como pela manuten\u00e7\u00e3o dos mesmos nas unidades federativas.<\/p>\n<p style=\"text-align: justify;\">A previs\u00e3o \u00e9 que at\u00e9 o final do 1\u00ba semestre de 2025 j\u00e1 seja uma realidade o uso dessa tecnologia de evid\u00eancia na seguran\u00e7a p\u00fablica de Alagoas. Durante a reuni\u00e3o, a Secretaria de Seguran\u00e7a P\u00fablica firmou compromisso de informar ao MP quando concluir a aquisi\u00e7\u00e3o dos equipamentos.<\/p>\n<p><span style=\"font-size: 14pt;\"><strong>GALERIA DE FOTOS:<\/strong><\/span><\/p>\n<\/div><style type=\"text\/css\">.fusion-gallery-1 .fusion-gallery-image {border:0px solid #f6f6f6;-webkit-border-radius:5px;-moz-border-radius:5px;border-radius:5px;}<\/style><div class=\"fusion-gallery fusion-gallery-container fusion-grid-2 fusion-columns-total-0 fusion-gallery-layout-grid fusion-gallery-1\" style=\"margin:-5px;\"><div style=\"padding:5px;\" class=\"fusion-grid-column fusion-gallery-column fusion-gallery-column-2 hover-type-none\"><div class=\"fusion-gallery-image\"><a href=\"https:\/\/www.mpal.mp.br\/wp-content\/uploads\/2024\/10\/reuniao-cameras2.jpeg\" rel=\"noreferrer\" data-rel=\"iLightbox[gallery_image_1]\" class=\"fusion-lightbox\" target=\"_self\"><img loading=\"lazy\" decoding=\"async\" src=\"https:\/\/www.mpal.mp.br\/wp-content\/uploads\/2024\/10\/reuniao-cameras2.jpeg\" width=\"1600\" height=\"1200\" alt=\"\" title=\"reuniao cameras2\" aria-label=\"reuniao cameras2\" class=\"img-responsive wp-image-48618\" \/><\/a><\/div><\/div><div style=\"padding:5px;\" class=\"fusion-grid-column fusion-gallery-column fusion-gallery-column-2 hover-type-none\"><div class=\"fusion-gallery-image\"><a href=\"https:\/\/www.mpal.mp.br\/wp-content\/uploads\/2024\/10\/reuniao-cameras3.jpeg\" rel=\"noreferrer\" data-rel=\"iLightbox[gallery_image_1]\" class=\"fusion-lightbox\" target=\"_self\"><img loading=\"lazy\" decoding=\"async\" src=\"https:\/\/www.mpal.mp.br\/wp-content\/uploads\/2024\/10\/reuniao-cameras3.jpeg\" width=\"1600\" height=\"1200\" alt=\"\" title=\"reuniao cameras3\" aria-label=\"reuniao cameras3\" class=\"img-responsive wp-image-48619\" \/><\/a><\/div><\/div><div class=\"clearfix\"><\/div><div style=\"padding:5px;\" class=\"fusion-grid-column fusion-gallery-column fusion-gallery-column-2 hover-type-none\"><div class=\"fusion-gallery-image\"><a href=\"https:\/\/www.mpal.mp.br\/wp-content\/uploads\/2024\/10\/reuniao-cameras4.jpeg\" rel=\"noreferrer\" data-rel=\"iLightbox[gallery_image_1]\" class=\"fusion-lightbox\" target=\"_self\"><img loading=\"lazy\" decoding=\"async\" src=\"https:\/\/www.mpal.mp.br\/wp-content\/uploads\/2024\/10\/reuniao-cameras4.jpeg\" width=\"1600\" height=\"1200\" alt=\"\" title=\"reuniao cameras4\" aria-label=\"reuniao cameras4\" class=\"img-responsive wp-image-48620\" \/><\/a><\/div><\/div><div style=\"padding:5px;\" class=\"fusion-grid-column fusion-gallery-column fusion-gallery-column-2 hover-type-none\"><div class=\"fusion-gallery-image\"><a href=\"https:\/\/www.mpal.mp.br\/wp-content\/uploads\/2024\/10\/reuniao-cameras5.jpeg\" rel=\"noreferrer\" data-rel=\"iLightbox[gallery_image_1]\" class=\"fusion-lightbox\" target=\"_self\"><img loading=\"lazy\" decoding=\"async\" src=\"https:\/\/www.mpal.mp.br\/wp-content\/uploads\/2024\/10\/reuniao-cameras5.jpeg\" width=\"1280\" height=\"960\" alt=\"\" title=\"reuniao cameras5\" aria-label=\"reuniao cameras5\" class=\"img-responsive wp-image-48621\" \/><\/a><\/div><\/div><div class=\"clearfix\"><\/div><\/div><div class=\"fusion-clearfix\"><\/div>\n\n\t\t\t\t\t<\/div>\n\t\t\t\t<\/div><\/div><\/div>\n","protected":false},"excerpt":{"rendered":"","protected":false},"author":8,"featured_media":48682,"comment_status":"open","ping_status":"open","sticky":false,"template":"","format":"standard","meta":{"om_disable_all_campaigns":false,"_monsterinsights_skip_tracking":false,"_monsterinsights_sitenote_active":false,"_monsterinsights_sitenote_note":"","_monsterinsights_sitenote_category":0,"_uf_show_specific_survey":0,"_uf_disable_surveys":false,"footnotes":""},"categories":[2],"tags":[],"class_list":["post-48616","post","type-post","status-publish","format-standard","has-post-thumbnail","hentry","category-not_mpal"],"aioseo_notices":[],"_links":{"self":[{"href":"https:\/\/www.mpal.mp.br\/index.php?rest_route=\/wp\/v2\/posts\/48616","targetHints":{"allow":["GET"]}}],"collection":[{"href":"https:\/\/www.mpal.mp.br\/index.php?rest_route=\/wp\/v2\/posts"}],"about":[{"href":"https:\/\/www.mpal.mp.br\/index.php?rest_route=\/wp\/v2\/types\/post"}],"author":[{"embeddable":true,"href":"https:\/\/www.mpal.mp.br\/index.php?rest_route=\/wp\/v2\/users\/8"}],"replies":[{"embeddable":true,"href":"https:\/\/www.mpal.mp.br\/index.php?rest_route=%2Fwp%2Fv2%2Fcomments&post=48616"}],"version-history":[{"count":3,"href":"https:\/\/www.mpal.mp.br\/index.php?rest_route=\/wp\/v2\/posts\/48616\/revisions"}],"predecessor-version":[{"id":48684,"href":"https:\/\/www.mpal.mp.br\/index.php?rest_route=\/wp\/v2\/posts\/48616\/revisions\/48684"}],"wp:featuredmedia":[{"embeddable":true,"href":"https:\/\/www.mpal.mp.br\/index.php?rest_route=\/wp\/v2\/media\/48682"}],"wp:attachment":[{"href":"https:\/\/www.mpal.mp.br\/index.php?rest_route=%2Fwp%2Fv2%2Fmedia&parent=48616"}],"wp:term":[{"taxonomy":"category","embeddable":true,"href":"https:\/\/www.mpal.mp.br\/index.php?rest_route=%2Fwp%2Fv2%2Fcategories&post=48616"},{"taxonomy":"post_tag","embeddable":true,"href":"https:\/\/www.mpal.mp.br\/index.php?rest_route=%2Fwp%2Fv2%2Ftags&post=48616"}],"curies":[{"name":"wp","href":"https:\/\/api.w.org\/{rel}","templated":true}]}}