{"id":48612,"date":"2024-10-15T17:27:06","date_gmt":"2024-10-15T20:27:06","guid":{"rendered":"https:\/\/www.mpal.mp.br\/?p=48612"},"modified":"2024-10-16T14:23:21","modified_gmt":"2024-10-16T17:23:21","slug":"procuradora-de-justica-marluce-caldas-integra-lista-triplice-para-ocupar-vaga-no-stj","status":"publish","type":"post","link":"https:\/\/www.mpal.mp.br\/?p=48612","title":{"rendered":"Procuradora de Justi\u00e7a Marluce Caldas integra lista tr\u00edplice para ocupar vaga no STJ"},"content":{"rendered":"<p style=\"text-align: justify;\">A procuradora de Justi\u00e7a do Minist\u00e9rio P\u00fablico do Estado de Alagoas (MPAL) Maria Marluce Caldas Bezerra foi escolhida para compor a lista tr\u00edplice de membros do Minist\u00e9rio P\u00fablico que poder\u00e3o integrar o Superior Tribunal de Justi\u00e7a (STJ). A vota\u00e7\u00e3o ocorreu nesta ter\u00e7a-feira (15), durante sess\u00e3o da corte. Ela disputa o assento naquele colegiado ao lado de mais dois membros, um do Minist\u00e9rio P\u00fablico do Estado do Acre e outro do Minist\u00e9rio P\u00fablico Federal.<\/p>\n<p style=\"text-align: justify;\">A lista tr\u00edplice \u00e9 composta por Maria Marluce Caldas Bezerra, do Minist\u00e9rio P\u00fablico do Estado de Alagoas (MPAL), Sammy Barbosa Lopes, do Minist\u00e9rio P\u00fablico do Acre (MPAC) e Carlos Frederico Santos, do Minist\u00e9rio P\u00fablico Federal. Os dois primeiros conquistaram 17 votos no 1\u00ba escrut\u00ednio (vota\u00e7\u00e3o) dos ministros do STJ, que s\u00e3o os respons\u00e1veis pela escolha. O terceiro nome obteve 18 voto em 2\u00baescrut\u00ednio. O escolhido ocupar\u00e1 a vaga deixada em raz\u00e3o da aposentadoria da ministra Laurita Vaz.<\/p>\n<p style=\"text-align: justify;\">A procuradora de Justi\u00e7a comemorou a escolha do seu nome: \u201cCompor a lista tr\u00edplice na vaga destinada ao Minist\u00e9rio P\u00fablico no Superior Tribunal de Justi\u00e7a \u00e9 uma conquista de valor inimagin\u00e1vel. Muito me enobrece a indica\u00e7\u00e3o do meu nome, e ela tamb\u00e9m engrandece a nossa institui\u00e7\u00e3o e o Estado de Alagoas. \u00c9 uma conquista com gosto de luta, amor e dedica\u00e7\u00e3o ao servi\u00e7o p\u00fablico por mais de 38 anos, al\u00e9m do sentimento de gratid\u00e3o a todos aqueles que acreditam que eu posso fazer um pouco mais pela Justi\u00e7a, pelo meu pa\u00eds\u201d, declarou ela.<\/p>\n<p style=\"text-align: justify;\">A decis\u00e3o final caber\u00e1 ao presidente Luiz In\u00e1cio da Silva. Caso a escolha seja por Marluce Caldas, ela ter\u00e1 que passar por sabatina na Comiss\u00e3o de Constitui\u00e7\u00e3o, Justi\u00e7a e Cidadania (CCJ) do Senado Federal e, na sequ\u00eancia, no plen\u00e1rio da Casa. Por fim, haver\u00e1 a nomea\u00e7\u00e3o e a posse.<\/p>\n<p style=\"text-align: justify;\">Marluce Caldas, Sammy Barbosa e Carlos Frederico Santos participaram de uma sele\u00e7\u00e3o do MP que possu\u00eda 42 indicados, e a forma\u00e7\u00e3o da lista tr\u00edplice se deu por voto secreto.<\/p>\n<blockquote>\n<p style=\"text-align: justify;\">\u201c\u00c9 um orgulho para n\u00f3s termos a procuradora de Justi\u00e7a Marluce Caldas na lista tr\u00edplice, uma vez que essa vota\u00e7\u00e3o reconhece a qualidade dos membros do Minist\u00e9rio P\u00fablico do Estado de Alagoas. E, para al\u00e9m disso, essa escolha \u00e9 fundamental para reafirmamos a atua\u00e7\u00e3o da mulher dentro dos tribunais superiores\u201d, declarou Lean Ara\u00fajo, procurador-geral de Justi\u00e7a.<\/p>\n<\/blockquote>\n<p style=\"text-align: justify;\">O STJ \u00e9 composto por 33 ministros e seus assentos s\u00e3o divididos entre ju\u00edzes dos TRFs, desembargadores dos Tribunais de Justi\u00e7a e integrantes do Minist\u00e9rio P\u00fablico Federal, Estadual, do Distrito Federal e dos Territ\u00f3rios e da Advocacia.<\/p>\n","protected":false},"excerpt":{"rendered":"<p> [&hellip;]<\/p>\n","protected":false},"author":17,"featured_media":48680,"comment_status":"open","ping_status":"open","sticky":false,"template":"","format":"standard","meta":{"om_disable_all_campaigns":false,"_monsterinsights_skip_tracking":false,"_monsterinsights_sitenote_active":false,"_monsterinsights_sitenote_note":"","_monsterinsights_sitenote_category":0,"_uf_show_specific_survey":0,"_uf_disable_surveys":false,"footnotes":""},"categories":[2],"tags":[],"class_list":["post-48612","post","type-post","status-publish","format-standard","has-post-thumbnail","hentry","category-not_mpal"],"aioseo_notices":[],"_links":{"self":[{"href":"https:\/\/www.mpal.mp.br\/index.php?rest_route=\/wp\/v2\/posts\/48612","targetHints":{"allow":["GET"]}}],"collection":[{"href":"https:\/\/www.mpal.mp.br\/index.php?rest_route=\/wp\/v2\/posts"}],"about":[{"href":"https:\/\/www.mpal.mp.br\/index.php?rest_route=\/wp\/v2\/types\/post"}],"author":[{"embeddable":true,"href":"https:\/\/www.mpal.mp.br\/index.php?rest_route=\/wp\/v2\/users\/17"}],"replies":[{"embeddable":true,"href":"https:\/\/www.mpal.mp.br\/index.php?rest_route=%2Fwp%2Fv2%2Fcomments&post=48612"}],"version-history":[{"count":12,"href":"https:\/\/www.mpal.mp.br\/index.php?rest_route=\/wp\/v2\/posts\/48612\/revisions"}],"predecessor-version":[{"id":48681,"href":"https:\/\/www.mpal.mp.br\/index.php?rest_route=\/wp\/v2\/posts\/48612\/revisions\/48681"}],"wp:featuredmedia":[{"embeddable":true,"href":"https:\/\/www.mpal.mp.br\/index.php?rest_route=\/wp\/v2\/media\/48680"}],"wp:attachment":[{"href":"https:\/\/www.mpal.mp.br\/index.php?rest_route=%2Fwp%2Fv2%2Fmedia&parent=48612"}],"wp:term":[{"taxonomy":"category","embeddable":true,"href":"https:\/\/www.mpal.mp.br\/index.php?rest_route=%2Fwp%2Fv2%2Fcategories&post=48612"},{"taxonomy":"post_tag","embeddable":true,"href":"https:\/\/www.mpal.mp.br\/index.php?rest_route=%2Fwp%2Fv2%2Ftags&post=48612"}],"curies":[{"name":"wp","href":"https:\/\/api.w.org\/{rel}","templated":true}]}}