{"id":4860,"date":"2022-04-27T07:58:18","date_gmt":"2022-04-27T10:58:18","guid":{"rendered":"https:\/\/www.mpal.mp.br\/?p=4860"},"modified":"2022-04-27T07:58:30","modified_gmt":"2022-04-27T10:58:30","slug":"caso-joyce-ministerio-publico-defende-julgamento-e-condenacao-por-pena-maxima-para-assassinos","status":"publish","type":"post","link":"https:\/\/www.mpal.mp.br\/?p=4860","title":{"rendered":"Caso Joyce: Minist\u00e9rio P\u00fablico defende julgamento e condena\u00e7\u00e3o por pena m\u00e1xima para assassinos"},"content":{"rendered":"<div class=\"fusion-fullwidth fullwidth-box fusion-builder-row-1 nonhundred-percent-fullwidth non-hundred-percent-height-scrolling\"  style='background-color: #ffffff;background-position: center center;background-repeat: no-repeat;padding-top:0px;padding-right:0px;padding-bottom:0px;padding-left:0px;'><div class=\"fusion-builder-row fusion-row \"><div  class=\"fusion-layout-column fusion_builder_column fusion_builder_column_1_1 fusion-builder-column-1 fusion-one-full fusion-column-first fusion-column-last 1_1\"  style='margin-top:0px;margin-bottom:20px;'>\n\t\t\t\t\t<div class=\"fusion-column-wrapper\" style=\"padding: 0px 0px 0px 0px;background-position:left top;background-repeat:no-repeat;-webkit-background-size:cover;-moz-background-size:cover;-o-background-size:cover;background-size:cover;\"   data-bg-url=\"\">\n\t\t\t\t\t\t<div class=\"fusion-text\"><p class=\"western\" style=\"text-align: justify;\" align=\"justify\" data-raofz=\"14\"><span style=\"font-size: 14pt;\" data-raofz=\"16\">A pena m\u00e1xima para um crime b\u00e1rbaro, por motivo f\u00fatil, \u00e0 trai\u00e7\u00e3o, contra uma mulher ser\u00e1 o pedido, nesta quinta-feira (28), do Minist\u00e9rio P\u00fablico do Estado de Alagoas (MPAL), representado pelo promotor de Justi\u00e7a\u00a0designado,\u00a0Thiago Riff, auxiliado pelo promotor de Justi\u00e7a\u00a0Denis Guimar\u00e3es,\u00a0para\u00a0Luiz Felipe Cardoso Moleda, conhecido como \u201cgalegrau\u201d, de 22 anos,\u00a0Elton Jhon Bento da Silva, de 33 anos, sua esposa Jullyana Karla Soares da Costa, de 27 anos, Cl\u00e9cio Gomes Barbosa, vulgo \u201cOrelha\u201d, Lady Laura Rodrigues Paulino, de 20, e\u00a0Maria Mari\u00e1 Ara\u00fajo Epif\u00e2nio\u00a0acusados de\u00a0matar cruelmente Joyce da Silva Alves, \u00e0 \u00e9poca com 22 anos, no conjunto Cidade Universit\u00e1ria, em Macei\u00f3.<\/span><\/p>\n<p class=\"western\" style=\"text-align: justify;\" align=\"justify\" data-raofz=\"14\"><span style=\"font-size: 14pt;\" data-raofz=\"16\">O crime gerou repercuss\u00e3o em todo estado e, segundo o inqu\u00e9rito policial, premeditado, visto que a v\u00edtima havia se relacionado com Luiz Felipe, r\u00e9u confesso, autor intelectual e tamb\u00e9m com participa\u00e7\u00e3o direta na execu\u00e7\u00e3o de Joyce e que estaria inconformado com o fim do relacionamento. Dessa forma, teria encontrado uma forma de atra\u00ed-la para uma festa onde colocaria, com aux\u00edlio dos comparsas, o plano em execu\u00e7\u00e3o.<\/span><\/p>\n<p class=\"western\" style=\"text-align: justify;\" align=\"justify\" data-raofz=\"14\"><span style=\"font-size: 14pt;\" data-raofz=\"16\">Todos ter\u00e3o em desfavor a sustenta\u00e7\u00e3o do Minist\u00e9rio P\u00fablico com quatro qualificadoras: motivo f\u00fatil, trai\u00e7\u00e3o, meio que impossibilitou a defesa da v\u00edtima e feminic\u00eddio. Desde o in\u00edcio, \u201cgalegrau\u201d \u00e9 visto pelo promotor Denis Guimar\u00e3es como pessoa fria, sem demonstra\u00e7\u00e3o de qualquer tipo de arrependimento.<\/span><\/p>\n<p class=\"western\" style=\"text-align: justify;\" align=\"justify\" data-raofz=\"14\"><span style=\"font-size: 14pt;\" data-raofz=\"16\">\u201cChegou a hora de a justi\u00e7a ser feita. Houve um crime hediondo, por motivo banal e que dilacerou uma fam\u00edlia, deixou uma crian\u00e7a de sete anos \u00f3rf\u00e3. Al\u00e9m disso, os acusados de forma insens\u00edvel ainda cometeram toda a barb\u00e1rie na frente de duas crian\u00e7as, filhas de dois participantes. A v\u00edtima foi atra\u00edda pelo ex-namorado, no caso o Luiz Felipe, inocentemente acreditou que estava sendo gentil quando a abordou e fez um convite para uma festa, mas j\u00e1 havia tudo planejado para mat\u00e1-la. A forma cruel com a qual a Joyce foi assassinada chocou a todos, ent\u00e3o, nossa postura est\u00e1 mantida defendendo o julgamento e condena\u00e7\u00e3o com pena m\u00e1xima\u201d, afirma o promotor de Justi\u00e7a.<\/span><\/p>\n<p class=\"western\" style=\"text-align: justify;\" align=\"justify\" data-raofz=\"14\"><span style=\"font-size: 14pt;\" data-raofz=\"16\"><b>O caso<\/b><\/span><\/p>\n<p class=\"western\" style=\"text-align: justify;\" align=\"justify\" data-raofz=\"14\"><span style=\"font-size: 14pt;\" data-raofz=\"16\">Joyce e Lucas Felipe haviam namorado e a v\u00edtima rompido o relacionamento, o que teria deixado o denunciado revoltado. Com o crime j\u00e1 planejado, naquele dia, 25 de fevereiro de 2020, Joyce se encontrava na casa de uma amiga, quando ele apareceu convidando-a para conversar. Os tr\u00eas sa\u00edram numa motocicleta, guiada por Lucas, at\u00e9 o residencial Rosa dos Ventos, onde ocorreu a execu\u00e7\u00e3o, filmada pelas c\u00e2meras de seguran\u00e7a.<\/span><\/p>\n<p class=\"western\" style=\"text-align: justify;\" align=\"justify\" data-raofz=\"14\"><span style=\"font-size: 14pt;\" data-raofz=\"16\">Joyce foi encurralada e, depois de dominada, atingida com um tiro na cabe\u00e7a, o que prova autoria e materialidade do crime.<\/span><\/p>\n<p class=\"western\" style=\"text-align: justify;\" align=\"justify\" data-raofz=\"14\"><span style=\"font-size: 14pt;\" data-raofz=\"16\">As dilig\u00eancias realizadas impediram, inclusive, que o acusado fugisse, j\u00e1 que estava escondido e se organizando para ir ao estado do Mato Grosso do Sul.<\/span><\/p>\n<p class=\"western\" style=\"text-align: justify;\" align=\"justify\" data-raofz=\"14\"><span style=\"font-size: 14pt;\" data-raofz=\"16\">Pelo Minist\u00e9rio P\u00fablico,\u00a0inicialmente,\u00a0o caso teve acompanhamento e atua\u00e7\u00e3o dos promotores de Justi\u00e7a Rodrigo Soares e D\u00eanis Guimar\u00e3es.\u00a0Por fim, o promotor de Justi\u00e7a Thiago Riff foi designado como titular na acusa\u00e7\u00e3o.<\/span><\/p>\n<\/div><div class=\"fusion-clearfix\"><\/div>\n\n\t\t\t\t\t<\/div>\n\t\t\t\t<\/div><\/div><\/div>\n","protected":false},"excerpt":{"rendered":"","protected":false},"author":2,"featured_media":4861,"comment_status":"open","ping_status":"open","sticky":false,"template":"","format":"standard","meta":{"om_disable_all_campaigns":false,"_monsterinsights_skip_tracking":false,"_monsterinsights_sitenote_active":false,"_monsterinsights_sitenote_note":"","_monsterinsights_sitenote_category":0,"_uf_show_specific_survey":0,"_uf_disable_surveys":false,"footnotes":""},"categories":[2],"tags":[],"class_list":["post-4860","post","type-post","status-publish","format-standard","has-post-thumbnail","hentry","category-not_mpal"],"aioseo_notices":[],"_links":{"self":[{"href":"https:\/\/www.mpal.mp.br\/index.php?rest_route=\/wp\/v2\/posts\/4860","targetHints":{"allow":["GET"]}}],"collection":[{"href":"https:\/\/www.mpal.mp.br\/index.php?rest_route=\/wp\/v2\/posts"}],"about":[{"href":"https:\/\/www.mpal.mp.br\/index.php?rest_route=\/wp\/v2\/types\/post"}],"author":[{"embeddable":true,"href":"https:\/\/www.mpal.mp.br\/index.php?rest_route=\/wp\/v2\/users\/2"}],"replies":[{"embeddable":true,"href":"https:\/\/www.mpal.mp.br\/index.php?rest_route=%2Fwp%2Fv2%2Fcomments&post=4860"}],"version-history":[{"count":1,"href":"https:\/\/www.mpal.mp.br\/index.php?rest_route=\/wp\/v2\/posts\/4860\/revisions"}],"predecessor-version":[{"id":4862,"href":"https:\/\/www.mpal.mp.br\/index.php?rest_route=\/wp\/v2\/posts\/4860\/revisions\/4862"}],"wp:featuredmedia":[{"embeddable":true,"href":"https:\/\/www.mpal.mp.br\/index.php?rest_route=\/wp\/v2\/media\/4861"}],"wp:attachment":[{"href":"https:\/\/www.mpal.mp.br\/index.php?rest_route=%2Fwp%2Fv2%2Fmedia&parent=4860"}],"wp:term":[{"taxonomy":"category","embeddable":true,"href":"https:\/\/www.mpal.mp.br\/index.php?rest_route=%2Fwp%2Fv2%2Fcategories&post=4860"},{"taxonomy":"post_tag","embeddable":true,"href":"https:\/\/www.mpal.mp.br\/index.php?rest_route=%2Fwp%2Fv2%2Ftags&post=4860"}],"curies":[{"name":"wp","href":"https:\/\/api.w.org\/{rel}","templated":true}]}}