{"id":48597,"date":"2024-10-15T12:59:38","date_gmt":"2024-10-15T15:59:38","guid":{"rendered":"https:\/\/www.mpal.mp.br\/?p=48597"},"modified":"2024-10-16T14:29:39","modified_gmt":"2024-10-16T17:29:39","slug":"proposta-de-pl-para-criacao-do-conselho-municipal-de-habitacao-preve-fiscalizacao-dos-criterios-para-selecao-das-familias-a-serem-beneficiadas-com-programas-sociais-diz-mpal","status":"publish","type":"post","link":"https:\/\/www.mpal.mp.br\/?p=48597","title":{"rendered":"\u201cProposta de PL para cria\u00e7\u00e3o do Conselho Municipal de Habita\u00e7\u00e3o prev\u00ea fiscaliza\u00e7\u00e3o dos crit\u00e9rios para sele\u00e7\u00e3o das fam\u00edlias a serem beneficiadas com programas sociais\u201d, diz MPAL"},"content":{"rendered":"<p style=\"text-align: justify;\">O Minist\u00e9rio P\u00fablico do Estado de Alagoas (MPAL) realizou uma reuni\u00e3o, nessa segunda-feira (14), para tratar do projeto de lei que vai instituir o Conselho Municipal de Habita\u00e7\u00e3o de Interesse Social. Ficar\u00e1 a cargo do colegiado analisar, discutir e aprovar as diretrizes, objetivos e prioridades da Pol\u00edtica Municipal de Habita\u00e7\u00e3o de Interesse Social, o que inclui a aprecia\u00e7\u00e3o dos crit\u00e9rios para sele\u00e7\u00e3o das fam\u00edlias beneficiadas com programas municipais de habita\u00e7\u00e3o.<\/p>\n<p style=\"text-align: justify;\">A reuni\u00e3o foi coordenada pelos promotores de Justi\u00e7a Alexandra Beurlen, da 61\u00aa Promotoria de Justi\u00e7a\/Defesa de Direitos Humanos, e Paulo Henrique Prado, coordenador do N\u00facleo de Urbanismo do MPAL. Representando a Prefeitura de Macei\u00f3, estiveram presentes o secret\u00e1rio municipal de Habita\u00e7\u00e3o, Lucas Callado, o procurador municipal Bruno Kiefer e, em nome da sociedade civil organizada, compareceu o senhor Petr\u00facio dos Santos, integrante do Conselho das Pessoas Idosas.<\/p>\n<blockquote>\n<p style=\"text-align: justify;\">Segundo a promotora de Justi\u00e7a, dentre outras coisas, o referido conselho vai atuar na fiscaliza\u00e7\u00e3o da aplica\u00e7\u00e3o dos recursos destinados as pol\u00edticas p\u00fablicas nas \u00e1reas de habita\u00e7\u00e3o e urbanismo. \u201cAo se imaginar a constru\u00e7\u00e3o de moradias, o poder p\u00fablico tem que pensar na garantia de todos os direitos para as fam\u00edlias a serem contempladas, a exemplo da constru\u00e7\u00e3o de escola, unidade de sa\u00fade e oferta de transporte p\u00fablico, e essa atua\u00e7\u00e3o ser\u00e1 acompanhada de perto pelo Conselho Municipal de Habita\u00e7\u00e3o de Interesse Social\u201d, disse ela.<\/p>\n<\/blockquote>\n<p style=\"text-align: justify;\">Pelo PL, o colegiado ter\u00e1 composi\u00e7\u00e3o mista, com, no m\u00ednimo, um representante de cada segmento destinat\u00e1rio dos programas de habita\u00e7\u00e3o de interesse social, como o Movimento Nacional de Pessoas em Situa\u00e7\u00e3o de Rua, mulheres v\u00edtimas de viol\u00eancia dom\u00e9stica, popula\u00e7\u00e3o LGBTQIAPN+, pessoas com defici\u00eancia, idoso e negros.<\/p>\n<p style=\"text-align: justify;\">Ap\u00f3s as falas iniciais, o Munic\u00edpio de Maceio fez a apresenta\u00e7\u00e3o da proposta de projeto de lei (PL), que foi discutido e aprovado por todos os presentes. Com a minuta pronta para a cria\u00e7\u00e3o do Conselho Municipal de Habita\u00e7\u00e3o de Interesse Social, ela agora seguir\u00e1 \u00e0 Procuradoria-Geral do Munic\u00edpio para a devida an\u00e1lise t\u00e9cnico-legislativa. Posteriormente, o documento ir\u00e1 para as m\u00e3os do prefeito Jo\u00e3o Henrique Caldas que, por sua vez, far\u00e1 o devido encaminhamento \u00e0 C\u00e2mara de Vereadores para a aprova\u00e7\u00e3o.<\/p>\n","protected":false},"excerpt":{"rendered":"<p> [&hellip;]<\/p>\n","protected":false},"author":17,"featured_media":48686,"comment_status":"open","ping_status":"open","sticky":false,"template":"","format":"standard","meta":{"om_disable_all_campaigns":false,"_monsterinsights_skip_tracking":false,"_monsterinsights_sitenote_active":false,"_monsterinsights_sitenote_note":"","_monsterinsights_sitenote_category":0,"_uf_show_specific_survey":0,"_uf_disable_surveys":false,"footnotes":""},"categories":[2],"tags":[],"class_list":["post-48597","post","type-post","status-publish","format-standard","has-post-thumbnail","hentry","category-not_mpal"],"aioseo_notices":[],"_links":{"self":[{"href":"https:\/\/www.mpal.mp.br\/index.php?rest_route=\/wp\/v2\/posts\/48597","targetHints":{"allow":["GET"]}}],"collection":[{"href":"https:\/\/www.mpal.mp.br\/index.php?rest_route=\/wp\/v2\/posts"}],"about":[{"href":"https:\/\/www.mpal.mp.br\/index.php?rest_route=\/wp\/v2\/types\/post"}],"author":[{"embeddable":true,"href":"https:\/\/www.mpal.mp.br\/index.php?rest_route=\/wp\/v2\/users\/17"}],"replies":[{"embeddable":true,"href":"https:\/\/www.mpal.mp.br\/index.php?rest_route=%2Fwp%2Fv2%2Fcomments&post=48597"}],"version-history":[{"count":7,"href":"https:\/\/www.mpal.mp.br\/index.php?rest_route=\/wp\/v2\/posts\/48597\/revisions"}],"predecessor-version":[{"id":48687,"href":"https:\/\/www.mpal.mp.br\/index.php?rest_route=\/wp\/v2\/posts\/48597\/revisions\/48687"}],"wp:featuredmedia":[{"embeddable":true,"href":"https:\/\/www.mpal.mp.br\/index.php?rest_route=\/wp\/v2\/media\/48686"}],"wp:attachment":[{"href":"https:\/\/www.mpal.mp.br\/index.php?rest_route=%2Fwp%2Fv2%2Fmedia&parent=48597"}],"wp:term":[{"taxonomy":"category","embeddable":true,"href":"https:\/\/www.mpal.mp.br\/index.php?rest_route=%2Fwp%2Fv2%2Fcategories&post=48597"},{"taxonomy":"post_tag","embeddable":true,"href":"https:\/\/www.mpal.mp.br\/index.php?rest_route=%2Fwp%2Fv2%2Ftags&post=48597"}],"curies":[{"name":"wp","href":"https:\/\/api.w.org\/{rel}","templated":true}]}}