{"id":48520,"date":"2024-10-14T09:38:52","date_gmt":"2024-10-14T12:38:52","guid":{"rendered":"https:\/\/www.mpal.mp.br\/?p=48520"},"modified":"2024-10-14T11:33:48","modified_gmt":"2024-10-14T14:33:48","slug":"nucleo-de-controle-externo-da-atividade-policial-envia-minutas-a-promotores-para-acompanhamento-da-regularidade-das-guardas-municipais","status":"publish","type":"post","link":"https:\/\/www.mpal.mp.br\/?p=48520","title":{"rendered":"N\u00facleo de Controle Externo da Atividade Policial envia minutas a promotores para acompanhamento da regularidade das Guardas Municipais\u00a0"},"content":{"rendered":"<div class=\"fusion-fullwidth fullwidth-box fusion-builder-row-1 nonhundred-percent-fullwidth non-hundred-percent-height-scrolling\"  style='background-color: #ffffff;background-position: center center;background-repeat: no-repeat;padding-top:0px;padding-right:0px;padding-bottom:0px;padding-left:0px;'><div class=\"fusion-builder-row fusion-row \"><div  class=\"fusion-layout-column fusion_builder_column fusion_builder_column_1_1 fusion-builder-column-1 fusion-one-full fusion-column-first fusion-column-last 1_1\"  style='margin-top:0px;margin-bottom:0px;'>\n\t\t\t\t\t<div class=\"fusion-column-wrapper\" style=\"padding: 0px 0px 0px 0px;background-position:left top;background-repeat:no-repeat;-webkit-background-size:cover;-moz-background-size:cover;-o-background-size:cover;background-size:cover;\"   data-bg-url=\"\">\n\t\t\t\t\t\t<div class=\"fusion-text\"><p style=\"text-align: justify;\">No dia da Guarda Municipal, o Minist\u00e9rio P\u00fablico de Alagoas (MPAL), por meio do N\u00facleo de Controle Externo da Atividade Policial, emitiu minutas a todos os promotores de Justi\u00e7a para que, nos respectivos munic\u00edpios onde atuam, respeitada a autonomia funcional de cada membro do Parquet, possam instaurar procedimento que se preste a aferir se os agentes p\u00fablicos que desenvolvem a fun\u00e7\u00e3o nos seus respectivos munic\u00edpios se encontram em conformidade com a Lei n\u00ba 13.022 de 08\/08\/2014, que disp\u00f5e sobre o Estatuto Geral das Guardas Municipais.<\/p>\n<p style=\"text-align: justify;\">A promotora de Justi\u00e7a e coordenadora do N\u00facleo, Karla Padilha e o promotor de Justi\u00e7a M\u00e1rcio D\u00f3ria, que tambem integra o N\u00facleo, refor\u00e7am que, em muitos munic\u00edpios, acontecem irregularidades.<\/p>\n<p style=\"text-align: justify;\">O Munic\u00edpio de Junqueiro foi o primeiro a receber Recomenda\u00e7\u00e3o para exonerar todo e qualquer guarda municipal que, eventualmente, estivesse a exercer, fora das normas, tal fun\u00e7\u00e3o, fosse pela contrata\u00e7\u00e3o tempor\u00e1ria, ou seja, sem pr\u00e9vio concurso p\u00fablico e\/ou por se tratar de agente p\u00fablico municipal de outra \u00e1rea e reaproveitado no desempenho da mencionada atividade, o que \u00e9 il\u00edcito.<\/p>\n<p style=\"text-align: justify;\">A Coordenadora do N\u00facleo,\u00a0 promotora de Justi\u00e7a Karla Padilha, esclarece que em cada munic\u00edpio deve ser avaliada a situa\u00e7\u00e3o da guarda municipal e, al\u00e9m de Junqueiro, explica, h\u00e1 not\u00edcias de outras cidades em que referidos agentes de seguran\u00e7a exercem tais fun\u00e7\u00f5es sem pr\u00e9via submiss\u00e3o a certame p\u00fablico em seja, em car\u00e1ter prec\u00e1rio.<\/p>\n<p style=\"text-align: justify;\">\u201cEm diversos munic\u00edpios, os guardas municipais n\u00e3o s\u00e3o nomeados mediante pr\u00e9vio concurso p\u00fablico, andam armados sem terem se submetido a pr\u00e9via capacita\u00e7\u00e3o pela Pol\u00edcia Federal, o que implica em riscos para a popula\u00e7\u00e3o, al\u00e9m de configurar desvio das fun\u00e7\u00f5es afetas ao guarda municipal. Doravante, os promotores de Justi\u00e7a naturais gozar\u00e3o de elementos para que, na sua cidade, possam identificar a necessidade de atua\u00e7\u00e3o voltada \u00e0 regulariza\u00e7\u00e3o das respectivas guardas municipais, as quais devem atuar em contribui\u00e7\u00e3o com as atividades constitucionalmente previstas tanto para a Pol\u00edcia Militar, quanto para a Pol\u00edcia Civil, sem que haja usurpa\u00e7\u00e3o de fun\u00e7\u00f5es das respectivas for\u00e7as de seguran\u00e7a p\u00fablica\u201d, destaca.<\/p>\n<p style=\"text-align: justify;\"><strong>Papel da Guarda Municipal<\/strong><\/p>\n<p style=\"text-align: justify;\">As guardas municipais foram criadas para proteger os bens, servi\u00e7os e instala\u00e7\u00f5es municipais, bem como, das pessoas que l\u00e1 trabalham ou se utilizam dos servi\u00e7os. Em suma, s\u00e3o respons\u00e1veis pela prote\u00e7\u00e3o do patrim\u00f4nio p\u00fablico. No entanto, em alguns munic\u00edpios de Alagoas (numa tend\u00eancia que se observa em quase todo o pa\u00eds) t\u00eam sido detectados excessos e ilicitudes no desempenho de tais fun\u00e7\u00f5es, com ind\u00edcios de que extrapolam os limites das fun\u00e7\u00f5es, quando atuam como se policiais fossem, sem o necess\u00e1rio preparo t\u00e9cnico para tanto.<\/p>\n<p style=\"text-align: justify;\">Vale lembrar que as guardas municipais n\u00e3o est\u00e3o autorizadas a atuarem como pol\u00edcia, fazendo opera\u00e7\u00f5es, rondas, reprimindo e intimidando a popula\u00e7\u00e3o.<\/p>\n<p style=\"text-align: justify;\">O Art. 4\u00ba da Lei 13022\/2014 \u00e9 claro ao definir que \u201c\u00e9 compet\u00eancia geral das guardas municipais a prote\u00e7\u00e3o de bens, servi\u00e7os, logradouros p\u00fablicos municipais e instala\u00e7\u00f5es do Munic\u00edpio\u201d.<\/p>\n<p style=\"text-align: justify;\">J\u00e1 no Art. 5\u00ba do mesmo diploma legal especifica as suas atribui\u00e7\u00f5es, afirmando que deve agir respeitando as dos \u00f3rg\u00e3os federais e estaduais.<\/p>\n<p style=\"text-align: justify;\">Logo, cabe atuar prioritariamente na prote\u00e7\u00e3o dos bens, equipamentos e pr\u00e9dios p\u00fablicos do Munic\u00edpio: prevenir e inibir, pela presen\u00e7a e vigil\u00e2ncia, bem como coibir, infra\u00e7\u00f5es penais ou administrativas e atos infracionais que atentem contra os bens, servi\u00e7os e instala\u00e7\u00f5es municipais.Atuar, preventiva e permanentemente, no territ\u00f3rio do Munic\u00edpio para a prote\u00e7\u00e3o sist\u00eamica da popula\u00e7\u00e3o que utiliza os bens, servi\u00e7os e instala\u00e7\u00f5es municipais e colaborar, de forma integrada com os \u00f3rg\u00e3os de seguran\u00e7a p\u00fablica, em a\u00e7\u00f5es conjuntas que contribuam com a paz social.<\/p>\n<\/div><div class=\"fusion-clearfix\"><\/div>\n\n\t\t\t\t\t<\/div>\n\t\t\t\t<\/div><\/div><\/div>\n","protected":false},"excerpt":{"rendered":"","protected":false},"author":8,"featured_media":48526,"comment_status":"open","ping_status":"open","sticky":false,"template":"","format":"standard","meta":{"om_disable_all_campaigns":false,"_monsterinsights_skip_tracking":false,"_monsterinsights_sitenote_active":false,"_monsterinsights_sitenote_note":"","_monsterinsights_sitenote_category":0,"_uf_show_specific_survey":0,"_uf_disable_surveys":false,"footnotes":""},"categories":[2],"tags":[],"class_list":["post-48520","post","type-post","status-publish","format-standard","has-post-thumbnail","hentry","category-not_mpal"],"aioseo_notices":[],"_links":{"self":[{"href":"https:\/\/www.mpal.mp.br\/index.php?rest_route=\/wp\/v2\/posts\/48520","targetHints":{"allow":["GET"]}}],"collection":[{"href":"https:\/\/www.mpal.mp.br\/index.php?rest_route=\/wp\/v2\/posts"}],"about":[{"href":"https:\/\/www.mpal.mp.br\/index.php?rest_route=\/wp\/v2\/types\/post"}],"author":[{"embeddable":true,"href":"https:\/\/www.mpal.mp.br\/index.php?rest_route=\/wp\/v2\/users\/8"}],"replies":[{"embeddable":true,"href":"https:\/\/www.mpal.mp.br\/index.php?rest_route=%2Fwp%2Fv2%2Fcomments&post=48520"}],"version-history":[{"count":2,"href":"https:\/\/www.mpal.mp.br\/index.php?rest_route=\/wp\/v2\/posts\/48520\/revisions"}],"predecessor-version":[{"id":48527,"href":"https:\/\/www.mpal.mp.br\/index.php?rest_route=\/wp\/v2\/posts\/48520\/revisions\/48527"}],"wp:featuredmedia":[{"embeddable":true,"href":"https:\/\/www.mpal.mp.br\/index.php?rest_route=\/wp\/v2\/media\/48526"}],"wp:attachment":[{"href":"https:\/\/www.mpal.mp.br\/index.php?rest_route=%2Fwp%2Fv2%2Fmedia&parent=48520"}],"wp:term":[{"taxonomy":"category","embeddable":true,"href":"https:\/\/www.mpal.mp.br\/index.php?rest_route=%2Fwp%2Fv2%2Fcategories&post=48520"},{"taxonomy":"post_tag","embeddable":true,"href":"https:\/\/www.mpal.mp.br\/index.php?rest_route=%2Fwp%2Fv2%2Ftags&post=48520"}],"curies":[{"name":"wp","href":"https:\/\/api.w.org\/{rel}","templated":true}]}}