{"id":48446,"date":"2024-10-11T14:21:18","date_gmt":"2024-10-11T17:21:18","guid":{"rendered":"https:\/\/www.mpal.mp.br\/?p=48446"},"modified":"2024-10-14T11:39:18","modified_gmt":"2024-10-14T14:39:18","slug":"mpal-conclui-serie-de-oficinas-de-criacao-dos-planos-de-atuacao-e-gestao-para-2024-2025","status":"publish","type":"post","link":"https:\/\/www.mpal.mp.br\/?p=48446","title":{"rendered":"MPAL conclui s\u00e9rie de oficinas de cria\u00e7\u00e3o dos Planos de atua\u00e7\u00e3o e gest\u00e3o para 2024 2025"},"content":{"rendered":"<div class=\"fusion-fullwidth fullwidth-box fusion-builder-row-1 nonhundred-percent-fullwidth non-hundred-percent-height-scrolling\"  style='background-color: #ffffff;background-position: center center;background-repeat: no-repeat;padding-top:0px;padding-right:0px;padding-bottom:0px;padding-left:0px;'><div class=\"fusion-builder-row fusion-row \"><div  class=\"fusion-layout-column fusion_builder_column fusion_builder_column_1_1 fusion-builder-column-1 fusion-one-full fusion-column-first fusion-column-last 1_1\"  style='margin-top:0px;margin-bottom:0px;'>\n\t\t\t\t\t<div class=\"fusion-column-wrapper\" style=\"padding: 0px 0px 0px 0px;background-position:left top;background-repeat:no-repeat;-webkit-background-size:cover;-moz-background-size:cover;-o-background-size:cover;background-size:cover;\"   data-bg-url=\"\">\n\t\t\t\t\t\t<div class=\"fusion-text\"><p style=\"text-align: justify;\">Nesta sexta-feira (11), o Minist\u00e9rio P\u00fablico de Alagoas (MPAL) finalizou uma s\u00e9rie de nove oficinas de planejamento estrat\u00e9gico voltadas para a elabora\u00e7\u00e3o dos Planos de Atua\u00e7\u00e3o e Gest\u00e3o, que definir\u00e3o as a\u00e7\u00f5es priorit\u00e1rias da institui\u00e7\u00e3o para os anos de 2024 e 2025. A iniciativa, coordenada pela Assessoria de Planejamento e Gest\u00e3o Estrat\u00e9gica (Asplage), contou com a participa\u00e7\u00e3o de membros da Procuradoria-Geral de Justi\u00e7a, incluindo as Subprocuradorias-Geral Administrativo-Institucional, Judicial e Recursal.<\/p>\n<p style=\"text-align: justify;\">Essas oficinas cumpriram as exig\u00eancias da Corregedoria Nacional e do Col\u00e9gio de Procuradores, em conformidade com as resolu\u00e7\u00f5es n\u00b0 01\/2023 da Corregedoria Nacional e n\u00b0 26 do Col\u00e9gio de Procuradores do MPAL.<\/p>\n<blockquote>\n<p style=\"text-align: justify;\">\u201cEssa iniciativa \u00e9 essencial para fortalecer a atua\u00e7\u00e3o do MPAL como um todo. Com um planejamento estrat\u00e9gico bem estruturado, garantimos que o trabalho dos promotores e procuradores esteja alinhado com as prioridades da institui\u00e7\u00e3o e os anseios da sociedade\u201d, destacou o procurador-geral de Justi\u00e7a Lean Ara\u00fajo.<\/p>\n<\/blockquote>\n<p style=\"text-align: justify;\">A promotora de Justi\u00e7a Stela Cavalcanti, chefe da Asplage, destacou o car\u00e1ter in\u00e9dito e a relev\u00e2ncia do processo. \u201cEsse \u00e9 um marco para o Minist\u00e9rio P\u00fablico de Alagoas. Pela primeira vez, realizamos um planejamento estrat\u00e9gico de maneira ampla e organizada, com a participa\u00e7\u00e3o direta de promotores e procuradores de Justi\u00e7a. Os planos de atua\u00e7\u00e3o, que guiar\u00e3o nossas a\u00e7\u00f5es nos pr\u00f3ximos anos, foram publicados no Di\u00e1rio Oficial e est\u00e3o dispon\u00edveis para a sociedade, demonstrando nosso compromisso com a transpar\u00eancia e a efici\u00eancia,\u201d afirmou.<\/p>\n<p style=\"text-align: justify;\">Durante as oficinas, foram discutidas e estabelecidas as diretrizes de atua\u00e7\u00e3o para as diferentes \u00e1reas do MPAL, visando assegurar que as metas tra\u00e7adas estejam em sintonia com as demandas da popula\u00e7\u00e3o alagoana. \u201cEssas oficinas possibilitaram a participa\u00e7\u00e3o ativa dos membros da institui\u00e7\u00e3o no planejamento, fortalecendo a atua\u00e7\u00e3o deles principalmente no interior do estado, permitindo que projetos e a\u00e7\u00f5es concretas cheguem de forma mais eficiente \u00e0 popula\u00e7\u00e3o\u201d, acrescentou a chefe da Asplage.<\/p>\n<p style=\"text-align: justify;\">Com o encerramento das oficinas, o MPAL consolida um planejamento estrat\u00e9gico voltado n\u00e3o s\u00f3 para a efici\u00eancia interna, mas tamb\u00e9m para causar impacto direto na promo\u00e7\u00e3o dos direitos e no combate \u00e0s injusti\u00e7as em Alagoas. V\u00e1rios projetos j\u00e1 est\u00e3o sendo divulgados e promovidos entre promotores e procuradores, refor\u00e7ando a integra\u00e7\u00e3o das a\u00e7\u00f5es nas diferentes \u00e1reas da institui\u00e7\u00e3o.<\/p>\n<p><span style=\"font-size: 14pt;\"><strong>GALERIA DE FOTOS:<\/strong><\/span><\/p>\n<\/div><style type=\"text\/css\">.fusion-gallery-1 .fusion-gallery-image {border:0px solid #f6f6f6;-webkit-border-radius:5px;-moz-border-radius:5px;border-radius:5px;}<\/style><div class=\"fusion-gallery fusion-gallery-container fusion-grid-3 fusion-columns-total-0 fusion-gallery-layout-grid fusion-gallery-1\" style=\"margin:-5px;\"><div style=\"padding:5px;\" class=\"fusion-grid-column fusion-gallery-column fusion-gallery-column-3 hover-type-none\"><div class=\"fusion-gallery-image\"><a href=\"https:\/\/www.mpal.mp.br\/wp-content\/uploads\/2024\/10\/Asplagem.-2024-10-11-at-11.53-2.jpeg\" rel=\"noreferrer\" data-rel=\"iLightbox[gallery_image_1]\" class=\"fusion-lightbox\" target=\"_self\"><img loading=\"lazy\" decoding=\"async\" src=\"https:\/\/www.mpal.mp.br\/wp-content\/uploads\/2024\/10\/Asplagem.-2024-10-11-at-11.53-2.jpeg\" width=\"1280\" height=\"853\" alt=\"\" title=\"Asplagem. 2024-10-11 at 11.53 (2)\" aria-label=\"Asplagem. 2024-10-11 at 11.53 (2)\" class=\"img-responsive wp-image-48443\" \/><\/a><\/div><\/div><div style=\"padding:5px;\" class=\"fusion-grid-column fusion-gallery-column fusion-gallery-column-3 hover-type-none\"><div class=\"fusion-gallery-image\"><a href=\"https:\/\/www.mpal.mp.br\/wp-content\/uploads\/2024\/10\/Asplagem.-2024-10-11-at-11.53-1.jpeg\" rel=\"noreferrer\" data-rel=\"iLightbox[gallery_image_1]\" class=\"fusion-lightbox\" target=\"_self\"><img loading=\"lazy\" decoding=\"async\" src=\"https:\/\/www.mpal.mp.br\/wp-content\/uploads\/2024\/10\/Asplagem.-2024-10-11-at-11.53-1.jpeg\" width=\"1280\" height=\"853\" alt=\"\" title=\"Asplagem. 2024-10-11 at 11.53 (1)\" aria-label=\"Asplagem. 2024-10-11 at 11.53 (1)\" class=\"img-responsive wp-image-48442\" \/><\/a><\/div><\/div><div style=\"padding:5px;\" class=\"fusion-grid-column fusion-gallery-column fusion-gallery-column-3 hover-type-none\"><div class=\"fusion-gallery-image\"><a rel=\"noreferrer\" data-rel=\"iLightbox[gallery_image_1]\" class=\"fusion-lightbox\" target=\"_self\"><img decoding=\"async\" src=\"\" width=\"\" height=\"\" alt=\"\" title=\"\" aria-label=\"\" class=\"img-responsive wp-image-48441\" \/><\/a><\/div><\/div><div class=\"clearfix\"><\/div><div style=\"padding:5px;\" class=\"fusion-grid-column fusion-gallery-column fusion-gallery-column-3 hover-type-none\"><div class=\"fusion-gallery-image\"><a href=\"https:\/\/www.mpal.mp.br\/wp-content\/uploads\/2024\/10\/Asplagem.-2024-10-11-at-11.53-10.jpeg\" rel=\"noreferrer\" data-rel=\"iLightbox[gallery_image_1]\" class=\"fusion-lightbox\" target=\"_self\"><img loading=\"lazy\" decoding=\"async\" src=\"https:\/\/www.mpal.mp.br\/wp-content\/uploads\/2024\/10\/Asplagem.-2024-10-11-at-11.53-10.jpeg\" width=\"1280\" height=\"853\" alt=\"\" title=\"Asplagem. 2024-10-11 at 11.53 (10)\" aria-label=\"Asplagem. 2024-10-11 at 11.53 (10)\" class=\"img-responsive wp-image-48440\" \/><\/a><\/div><\/div><div style=\"padding:5px;\" class=\"fusion-grid-column fusion-gallery-column fusion-gallery-column-3 hover-type-none\"><div class=\"fusion-gallery-image\"><a href=\"https:\/\/www.mpal.mp.br\/wp-content\/uploads\/2024\/10\/Asplagem.-2024-10-11-at-11.53-8.jpeg\" rel=\"noreferrer\" data-rel=\"iLightbox[gallery_image_1]\" class=\"fusion-lightbox\" target=\"_self\"><img loading=\"lazy\" decoding=\"async\" src=\"https:\/\/www.mpal.mp.br\/wp-content\/uploads\/2024\/10\/Asplagem.-2024-10-11-at-11.53-8.jpeg\" width=\"1280\" height=\"853\" alt=\"\" title=\"Asplagem. 2024-10-11 at 11.53 (8)\" aria-label=\"Asplagem. 2024-10-11 at 11.53 (8)\" class=\"img-responsive wp-image-48439\" \/><\/a><\/div><\/div><div style=\"padding:5px;\" class=\"fusion-grid-column fusion-gallery-column fusion-gallery-column-3 hover-type-none\"><div class=\"fusion-gallery-image\"><a href=\"https:\/\/www.mpal.mp.br\/wp-content\/uploads\/2024\/10\/Asplagem.-2024-10-11-at-11.53-7.jpeg\" rel=\"noreferrer\" data-rel=\"iLightbox[gallery_image_1]\" class=\"fusion-lightbox\" target=\"_self\"><img loading=\"lazy\" decoding=\"async\" src=\"https:\/\/www.mpal.mp.br\/wp-content\/uploads\/2024\/10\/Asplagem.-2024-10-11-at-11.53-7.jpeg\" width=\"1600\" height=\"1066\" alt=\"\" title=\"Asplagem. 2024-10-11 at 11.53 (7)\" aria-label=\"Asplagem. 2024-10-11 at 11.53 (7)\" class=\"img-responsive wp-image-48438\" \/><\/a><\/div><\/div><div class=\"clearfix\"><\/div><div style=\"padding:5px;\" class=\"fusion-grid-column fusion-gallery-column fusion-gallery-column-3 hover-type-none\"><div class=\"fusion-gallery-image\"><a href=\"https:\/\/www.mpal.mp.br\/wp-content\/uploads\/2024\/10\/WhatsApp-Image-2024-10-11-at-12.45.38.jpeg\" rel=\"noreferrer\" data-rel=\"iLightbox[gallery_image_1]\" class=\"fusion-lightbox\" target=\"_self\"><img loading=\"lazy\" decoding=\"async\" src=\"https:\/\/www.mpal.mp.br\/wp-content\/uploads\/2024\/10\/WhatsApp-Image-2024-10-11-at-12.45.38.jpeg\" width=\"1600\" height=\"1066\" alt=\"\" title=\"WhatsApp Image 2024-10-11 at 12.45.38\" aria-label=\"WhatsApp Image 2024-10-11 at 12.45.38\" class=\"img-responsive wp-image-48457\" \/><\/a><\/div><\/div><div style=\"padding:5px;\" class=\"fusion-grid-column fusion-gallery-column fusion-gallery-column-3 hover-type-none\"><div class=\"fusion-gallery-image\"><a href=\"https:\/\/www.mpal.mp.br\/wp-content\/uploads\/2024\/10\/WhatsApp-Image-2024-10-11-at-12.45.38-1.jpeg\" rel=\"noreferrer\" data-rel=\"iLightbox[gallery_image_1]\" class=\"fusion-lightbox\" target=\"_self\"><img loading=\"lazy\" decoding=\"async\" src=\"https:\/\/www.mpal.mp.br\/wp-content\/uploads\/2024\/10\/WhatsApp-Image-2024-10-11-at-12.45.38-1.jpeg\" width=\"1600\" height=\"1066\" alt=\"\" title=\"WhatsApp Image 2024-10-11 at 12.45.38 (1)\" aria-label=\"WhatsApp Image 2024-10-11 at 12.45.38 (1)\" class=\"img-responsive wp-image-48456\" \/><\/a><\/div><\/div><\/div><div class=\"fusion-clearfix\"><\/div>\n\n\t\t\t\t\t<\/div>\n\t\t\t\t<\/div><\/div><\/div>\n","protected":false},"excerpt":{"rendered":"","protected":false},"author":14,"featured_media":48533,"comment_status":"open","ping_status":"open","sticky":false,"template":"","format":"standard","meta":{"om_disable_all_campaigns":false,"_monsterinsights_skip_tracking":false,"_monsterinsights_sitenote_active":false,"_monsterinsights_sitenote_note":"","_monsterinsights_sitenote_category":0,"_uf_show_specific_survey":0,"_uf_disable_surveys":false,"footnotes":""},"categories":[2],"tags":[],"class_list":["post-48446","post","type-post","status-publish","format-standard","has-post-thumbnail","hentry","category-not_mpal"],"aioseo_notices":[],"_links":{"self":[{"href":"https:\/\/www.mpal.mp.br\/index.php?rest_route=\/wp\/v2\/posts\/48446","targetHints":{"allow":["GET"]}}],"collection":[{"href":"https:\/\/www.mpal.mp.br\/index.php?rest_route=\/wp\/v2\/posts"}],"about":[{"href":"https:\/\/www.mpal.mp.br\/index.php?rest_route=\/wp\/v2\/types\/post"}],"author":[{"embeddable":true,"href":"https:\/\/www.mpal.mp.br\/index.php?rest_route=\/wp\/v2\/users\/14"}],"replies":[{"embeddable":true,"href":"https:\/\/www.mpal.mp.br\/index.php?rest_route=%2Fwp%2Fv2%2Fcomments&post=48446"}],"version-history":[{"count":6,"href":"https:\/\/www.mpal.mp.br\/index.php?rest_route=\/wp\/v2\/posts\/48446\/revisions"}],"predecessor-version":[{"id":48534,"href":"https:\/\/www.mpal.mp.br\/index.php?rest_route=\/wp\/v2\/posts\/48446\/revisions\/48534"}],"wp:featuredmedia":[{"embeddable":true,"href":"https:\/\/www.mpal.mp.br\/index.php?rest_route=\/wp\/v2\/media\/48533"}],"wp:attachment":[{"href":"https:\/\/www.mpal.mp.br\/index.php?rest_route=%2Fwp%2Fv2%2Fmedia&parent=48446"}],"wp:term":[{"taxonomy":"category","embeddable":true,"href":"https:\/\/www.mpal.mp.br\/index.php?rest_route=%2Fwp%2Fv2%2Fcategories&post=48446"},{"taxonomy":"post_tag","embeddable":true,"href":"https:\/\/www.mpal.mp.br\/index.php?rest_route=%2Fwp%2Fv2%2Ftags&post=48446"}],"curies":[{"name":"wp","href":"https:\/\/api.w.org\/{rel}","templated":true}]}}