{"id":48402,"date":"2024-10-10T19:00:50","date_gmt":"2024-10-10T22:00:50","guid":{"rendered":"https:\/\/www.mpal.mp.br\/?p=48402"},"modified":"2024-10-14T11:43:26","modified_gmt":"2024-10-14T14:43:26","slug":"ministerio-publico-participa-de-novo-ciclo-de-audiencias-concentradas-do-sistema-socioeducativo","status":"publish","type":"post","link":"https:\/\/www.mpal.mp.br\/?p=48402","title":{"rendered":"Minist\u00e9rio P\u00fablico participa de novo Ciclo de Audi\u00eancias Concentradas do Sistema Socioeducativo"},"content":{"rendered":"<div class=\"fusion-fullwidth fullwidth-box fusion-builder-row-1 nonhundred-percent-fullwidth non-hundred-percent-height-scrolling\"  style='background-color: #ffffff;background-position: center center;background-repeat: no-repeat;padding-top:0px;padding-right:0px;padding-bottom:0px;padding-left:0px;'><div class=\"fusion-builder-row fusion-row \"><div  class=\"fusion-layout-column fusion_builder_column fusion_builder_column_1_1 fusion-builder-column-1 fusion-one-full fusion-column-first fusion-column-last 1_1\"  style='margin-top:0px;margin-bottom:0px;'>\n\t\t\t\t\t<div class=\"fusion-column-wrapper\" style=\"padding: 0px 0px 0px 0px;background-position:left top;background-repeat:no-repeat;-webkit-background-size:cover;-moz-background-size:cover;-o-background-size:cover;background-size:cover;\"   data-bg-url=\"\">\n\t\t\t\t\t\t<div class=\"fusion-text\"><p style=\"text-align: justify;\">O Minist\u00e9rio P\u00fablico do Estado Alagoas ( MPAL) participa, nesta quinta e sexta-feira (10 e 11), de mais um Ciclo de Audi\u00eancias Concentradas de 2024 do Sistema Socioeducativo de Alagoas. A iniciativa tem como objetivo reavaliar a situa\u00e7\u00e3o de adolescentes em conflito com a lei que est\u00e3o cumprindo medidas socioeducativas de semiliberdade e interna\u00e7\u00e3o.<\/p>\n<p style=\"text-align: justify;\">A promotora de Justi\u00e7a Mar\u00edlia Cerqueira, da 12\u00aa Promotoria de Justi\u00e7a da capital, acredita que essas audi\u00eancias s\u00e3o importantes na vida desses jovens, que passam a entender melhor sobre os seus direitos enquanto cidad\u00e3os. Ela tamb\u00e9m ressaltou a relev\u00e2ncia de uma escuta sens\u00edvel e da integra\u00e7\u00e3o entre as diferentes institui\u00e7\u00f5es para a efetividade da medida socioeducativa. \u201cMuitas vezes a quest\u00e3o do jovem em cumprimento de medida vai al\u00e9m da sua situa\u00e7\u00e3o jur\u00eddica, podendo ser uma quest\u00e3o iminentemente social, por exemplo. Por isso \u00e9 t\u00e3o importante a presen\u00e7a dos v\u00e1rios setores da sociedade, das equipes t\u00e9cnicas e das fam\u00edlias. O objetivo \u00e9 fazer com que esses jovens tenham um melhor encaminhamento ap\u00f3s a conclus\u00e3o da medida e garantir que eles retornem \u00e0 sociedade em condi\u00e7\u00f5es dignas de exist\u00eancia\u201d, disse a promotora.<\/p>\n<p style=\"text-align: justify;\">Vale destacar que, durante o encontro, \u00e9 apresentada ao adolescente a possibilidade de integrar um programa de p\u00f3s-medida. \u201cAo sair do sistema socioeducativo, ele pode escolher, voluntariamente, participar desse tipo de programa, que possibilita o acesso a pol\u00edticas p\u00fablicas, como, por exemplo, a realiza\u00e7\u00e3o de uma capacita\u00e7\u00e3o profissional\u201d, acrescentou a promotora de Justi\u00e7a.<\/p>\n<p style=\"text-align: justify;\"><span style=\"font-size: 14pt;\"><strong>23 jovens contemplados<\/strong><\/span><\/p>\n<p style=\"text-align: justify;\">O novo ciclo de audi\u00eancias, promovido pela 1\u00aa Vara Criminal da Capital (Inf\u00e2ncia e Juventude), que tem atua\u00e7\u00e3o do juiz Vin\u00edcius Garcia, integra o programa Fazendo Justi\u00e7a do Conselho Nacional de Justi\u00e7a (CNJ). At\u00e9 sexta-feira, 23 adolescentes e jovens do Sistema Socioeducativo de Alagoas ser\u00e3o contemplados pela iniciativa.<\/p>\n<p style=\"text-align: justify;\">As audi\u00eancias concentradas ocorrem no Complexo Socioeducativo de Alagoas, unidade ligada a Secretaria de Estado de Preven\u00e7\u00e3o \u00e0 Viol\u00eancia (Seprev). A titular da pasta, Paloma Tojal, o secret\u00e1rio de Coordena\u00e7\u00e3o de Pol\u00edticas de Preven\u00e7\u00e3o \u00e0 Viol\u00eancia, F\u00e1bio Oliveira, e o superintendente de Medidas Socioeducativas, Daniel Alc\u00e2ntara, estiveram presentes ao ciclo.<\/p>\n<p style=\"text-align: justify;\"><strong><sub>*Com informa\u00e7\u00f5es e fotos da Seprev.<\/sub><\/strong><\/p>\n<p><span style=\"font-size: 14pt;\"><strong>GALERIA DE FOTOS:<\/strong><\/span><\/p>\n<\/div><style type=\"text\/css\">.fusion-gallery-1 .fusion-gallery-image {border:0px solid #f6f6f6;-webkit-border-radius:5px;-moz-border-radius:5px;border-radius:5px;}<\/style><div class=\"fusion-gallery fusion-gallery-container fusion-grid-3 fusion-columns-total-0 fusion-gallery-layout-grid fusion-gallery-1\" style=\"margin:-5px;\"><div style=\"padding:5px;\" class=\"fusion-grid-column fusion-gallery-column fusion-gallery-column-3 hover-type-none\"><div class=\"fusion-gallery-image\"><a href=\"https:\/\/www.mpal.mp.br\/wp-content\/uploads\/2024\/10\/Marilia-4.jpg\" rel=\"noreferrer\" data-rel=\"iLightbox[gallery_image_1]\" class=\"fusion-lightbox\" target=\"_self\"><img loading=\"lazy\" decoding=\"async\" src=\"https:\/\/www.mpal.mp.br\/wp-content\/uploads\/2024\/10\/Marilia-4.jpg\" width=\"900\" height=\"675\" alt=\"\" title=\"Mar\u00edlia 4\" aria-label=\"Mar\u00edlia 4\" class=\"img-responsive wp-image-48410\" \/><\/a><\/div><\/div><div style=\"padding:5px;\" class=\"fusion-grid-column fusion-gallery-column fusion-gallery-column-3 hover-type-none\"><div class=\"fusion-gallery-image\"><a href=\"https:\/\/www.mpal.mp.br\/wp-content\/uploads\/2024\/10\/Marilia-2.jpeg\" rel=\"noreferrer\" data-rel=\"iLightbox[gallery_image_1]\" class=\"fusion-lightbox\" target=\"_self\"><img loading=\"lazy\" decoding=\"async\" src=\"https:\/\/www.mpal.mp.br\/wp-content\/uploads\/2024\/10\/Marilia-2.jpeg\" width=\"900\" height=\"675\" alt=\"\" title=\"Mar\u00edlia 2\" aria-label=\"Mar\u00edlia 2\" class=\"img-responsive wp-image-48407\" \/><\/a><\/div><\/div><div style=\"padding:5px;\" class=\"fusion-grid-column fusion-gallery-column fusion-gallery-column-3 hover-type-none\"><div class=\"fusion-gallery-image\"><a href=\"https:\/\/www.mpal.mp.br\/wp-content\/uploads\/2024\/10\/Marilia-1.jpeg\" rel=\"noreferrer\" data-rel=\"iLightbox[gallery_image_1]\" class=\"fusion-lightbox\" target=\"_self\"><img loading=\"lazy\" decoding=\"async\" src=\"https:\/\/www.mpal.mp.br\/wp-content\/uploads\/2024\/10\/Marilia-1.jpeg\" width=\"900\" height=\"675\" alt=\"\" title=\"Marilia 1\" aria-label=\"Marilia 1\" class=\"img-responsive wp-image-48409\" \/><\/a><\/div><\/div><div class=\"clearfix\"><\/div><\/div><div class=\"fusion-clearfix\"><\/div>\n\n\t\t\t\t\t<\/div>\n\t\t\t\t<\/div><\/div><\/div>\n","protected":false},"excerpt":{"rendered":"","protected":false},"author":17,"featured_media":48537,"comment_status":"open","ping_status":"open","sticky":false,"template":"","format":"standard","meta":{"om_disable_all_campaigns":false,"_monsterinsights_skip_tracking":false,"_monsterinsights_sitenote_active":false,"_monsterinsights_sitenote_note":"","_monsterinsights_sitenote_category":0,"_uf_show_specific_survey":0,"_uf_disable_surveys":false,"footnotes":""},"categories":[2],"tags":[],"class_list":["post-48402","post","type-post","status-publish","format-standard","has-post-thumbnail","hentry","category-not_mpal"],"aioseo_notices":[],"_links":{"self":[{"href":"https:\/\/www.mpal.mp.br\/index.php?rest_route=\/wp\/v2\/posts\/48402","targetHints":{"allow":["GET"]}}],"collection":[{"href":"https:\/\/www.mpal.mp.br\/index.php?rest_route=\/wp\/v2\/posts"}],"about":[{"href":"https:\/\/www.mpal.mp.br\/index.php?rest_route=\/wp\/v2\/types\/post"}],"author":[{"embeddable":true,"href":"https:\/\/www.mpal.mp.br\/index.php?rest_route=\/wp\/v2\/users\/17"}],"replies":[{"embeddable":true,"href":"https:\/\/www.mpal.mp.br\/index.php?rest_route=%2Fwp%2Fv2%2Fcomments&post=48402"}],"version-history":[{"count":3,"href":"https:\/\/www.mpal.mp.br\/index.php?rest_route=\/wp\/v2\/posts\/48402\/revisions"}],"predecessor-version":[{"id":48538,"href":"https:\/\/www.mpal.mp.br\/index.php?rest_route=\/wp\/v2\/posts\/48402\/revisions\/48538"}],"wp:featuredmedia":[{"embeddable":true,"href":"https:\/\/www.mpal.mp.br\/index.php?rest_route=\/wp\/v2\/media\/48537"}],"wp:attachment":[{"href":"https:\/\/www.mpal.mp.br\/index.php?rest_route=%2Fwp%2Fv2%2Fmedia&parent=48402"}],"wp:term":[{"taxonomy":"category","embeddable":true,"href":"https:\/\/www.mpal.mp.br\/index.php?rest_route=%2Fwp%2Fv2%2Fcategories&post=48402"},{"taxonomy":"post_tag","embeddable":true,"href":"https:\/\/www.mpal.mp.br\/index.php?rest_route=%2Fwp%2Fv2%2Ftags&post=48402"}],"curies":[{"name":"wp","href":"https:\/\/api.w.org\/{rel}","templated":true}]}}