{"id":48396,"date":"2024-10-10T14:06:42","date_gmt":"2024-10-10T17:06:42","guid":{"rendered":"https:\/\/www.mpal.mp.br\/?p=48396"},"modified":"2024-10-14T11:44:44","modified_gmt":"2024-10-14T14:44:44","slug":"ministerio-publico-de-alagoas-e-instituto-biota-firmam-acordo-para-conservacao-ambiental","status":"publish","type":"post","link":"https:\/\/www.mpal.mp.br\/?p=48396","title":{"rendered":"Minist\u00e9rio P\u00fablico de Alagoas e Instituto Biota firmam acordo para conserva\u00e7\u00e3o ambiental"},"content":{"rendered":"<p style=\"text-align: justify;\">O Minist\u00e9rio P\u00fablico do Estado de Alagoas (MPAL) e o Instituto Biota de Conserva\u00e7\u00e3o firmaram um Termo de Coopera\u00e7\u00e3o T\u00e9cnica que visa promover a\u00e7\u00f5es integradas para a prote\u00e7\u00e3o do meio ambiente. Publicado no Di\u00e1rio Oficial em 02 de outubro de 2024, o acordo tem como foco a conserva\u00e7\u00e3o de mam\u00edferos aqu\u00e1ticos, tartarugas marinhas e cet\u00e1ceos, al\u00e9m de garantir a preserva\u00e7\u00e3o dos ecossistemas marinhos associados. Com um prazo de vig\u00eancia de 60 meses, o conv\u00eanio n\u00e3o prev\u00ea repasse de recursos financeiros, sendo cada parte respons\u00e1vel pelos custos decorrentes de suas atividades.<\/p>\n<p style=\"text-align: justify;\">O promotor de Justi\u00e7a Alberto Fonseca destacou a import\u00e2ncia deste acordo. \u201cO termo firmado entre o MPAL e o Instituto Biota se apresenta como fundamental para que possamos avan\u00e7ar na execu\u00e7\u00e3o do Programa de Atua\u00e7\u00e3o Ministerial para a Conserva\u00e7\u00e3o de Esp\u00e9cies Amea\u00e7adas de Extin\u00e7\u00e3o\u201d, afirmou.<\/p>\n<p style=\"text-align: justify;\">O bi\u00f3logo Bruno Stephanis, do Instituto Biota, tamb\u00e9m se manifestou sobre a relev\u00e2ncia da coopera\u00e7\u00e3o entre as institui\u00e7\u00f5es. \u201cAs parcerias que estabelecemos com o poder p\u00fablico s\u00e3o fundamentais para o sucesso dos nossos projetos como ONG. Essa colabora\u00e7\u00e3o, especialmente com o Minist\u00e9rio P\u00fablico, \u00e9 essencial devido \u00e0 seriedade do \u00f3rg\u00e3o como fiscalizador. Al\u00e9m de recebermos apoio, tamb\u00e9m oferecemos suporte t\u00e9cnico ao MP, fornecendo pareceres e laudos especializados em autos de infra\u00e7\u00e3o e processos judiciais, principalmente em quest\u00f5es ambientais\u201d, explicou.<\/p>\n<p style=\"text-align: justify;\">O Acordo de Coopera\u00e7\u00e3o T\u00e9cnica entre o MPAL e o Instituto Biota representa um passo importante na busca pela conserva\u00e7\u00e3o das esp\u00e9cies amea\u00e7adas e na prote\u00e7\u00e3o dos ecossistemas marinhos de Alagoas, refletindo um compromisso conjunto em prol do meio ambiente e da biodiversidade.<\/p>\n","protected":false},"excerpt":{"rendered":"<p> [&hellip;]<\/p>\n","protected":false},"author":20,"featured_media":48539,"comment_status":"open","ping_status":"open","sticky":false,"template":"","format":"standard","meta":{"om_disable_all_campaigns":false,"_monsterinsights_skip_tracking":false,"_monsterinsights_sitenote_active":false,"_monsterinsights_sitenote_note":"","_monsterinsights_sitenote_category":0,"_uf_show_specific_survey":0,"_uf_disable_surveys":false,"footnotes":""},"categories":[2],"tags":[],"class_list":["post-48396","post","type-post","status-publish","format-standard","has-post-thumbnail","hentry","category-not_mpal"],"aioseo_notices":[],"_links":{"self":[{"href":"https:\/\/www.mpal.mp.br\/index.php?rest_route=\/wp\/v2\/posts\/48396","targetHints":{"allow":["GET"]}}],"collection":[{"href":"https:\/\/www.mpal.mp.br\/index.php?rest_route=\/wp\/v2\/posts"}],"about":[{"href":"https:\/\/www.mpal.mp.br\/index.php?rest_route=\/wp\/v2\/types\/post"}],"author":[{"embeddable":true,"href":"https:\/\/www.mpal.mp.br\/index.php?rest_route=\/wp\/v2\/users\/20"}],"replies":[{"embeddable":true,"href":"https:\/\/www.mpal.mp.br\/index.php?rest_route=%2Fwp%2Fv2%2Fcomments&post=48396"}],"version-history":[{"count":2,"href":"https:\/\/www.mpal.mp.br\/index.php?rest_route=\/wp\/v2\/posts\/48396\/revisions"}],"predecessor-version":[{"id":48540,"href":"https:\/\/www.mpal.mp.br\/index.php?rest_route=\/wp\/v2\/posts\/48396\/revisions\/48540"}],"wp:featuredmedia":[{"embeddable":true,"href":"https:\/\/www.mpal.mp.br\/index.php?rest_route=\/wp\/v2\/media\/48539"}],"wp:attachment":[{"href":"https:\/\/www.mpal.mp.br\/index.php?rest_route=%2Fwp%2Fv2%2Fmedia&parent=48396"}],"wp:term":[{"taxonomy":"category","embeddable":true,"href":"https:\/\/www.mpal.mp.br\/index.php?rest_route=%2Fwp%2Fv2%2Fcategories&post=48396"},{"taxonomy":"post_tag","embeddable":true,"href":"https:\/\/www.mpal.mp.br\/index.php?rest_route=%2Fwp%2Fv2%2Ftags&post=48396"}],"curies":[{"name":"wp","href":"https:\/\/api.w.org\/{rel}","templated":true}]}}