{"id":48384,"date":"2024-10-10T12:54:20","date_gmt":"2024-10-10T15:54:20","guid":{"rendered":"https:\/\/www.mpal.mp.br\/?p=48384"},"modified":"2024-10-10T12:54:20","modified_gmt":"2024-10-10T15:54:20","slug":"em-reuniao-do-cnpg-pgj-lean-araujo-participa-de-debates-sobre-gravacoes-de-audiencias-e-aperfeicoamento-da-atuacao-junto-aos-conselhos-tutelares","status":"publish","type":"post","link":"https:\/\/www.mpal.mp.br\/?p=48384","title":{"rendered":"Em reuni\u00e3o do CNPG, PGJ Lean Ara\u00fajo participa de debates sobre grava\u00e7\u00f5es de audi\u00eancias e aperfei\u00e7oamento da atua\u00e7\u00e3o junto aos conselhos tutelares"},"content":{"rendered":"<div class=\"fusion-fullwidth fullwidth-box fusion-builder-row-1 nonhundred-percent-fullwidth non-hundred-percent-height-scrolling\"  style='background-color: #ffffff;background-position: center center;background-repeat: no-repeat;padding-top:0px;padding-right:0px;padding-bottom:0px;padding-left:0px;'><div class=\"fusion-builder-row fusion-row \"><div  class=\"fusion-layout-column fusion_builder_column fusion_builder_column_1_1 fusion-builder-column-1 fusion-one-full fusion-column-first fusion-column-last 1_1\"  style='margin-top:0px;margin-bottom:0px;'>\n\t\t\t\t\t<div class=\"fusion-column-wrapper\" style=\"padding: 0px 0px 0px 0px;background-position:left top;background-repeat:no-repeat;-webkit-background-size:cover;-moz-background-size:cover;-o-background-size:cover;background-size:cover;\"   data-bg-url=\"\">\n\t\t\t\t\t\t<div class=\"fusion-text\"><p style=\"text-align: justify;\" align=\"justify\"><span style=\"font-family: helvetica, arial, sans-serif; font-size: 12pt;\"><span style=\"color: #000000;\">O procurador-geral de Justi\u00e7a de Alagoas, Lean Ara\u00fajo, participou, ne<\/span><span style=\"color: #000000;\">ssa quarta<\/span><span style=\"color: #000000;\">-feira (<\/span><span style=\"color: #000000;\">09<\/span><span style=\"color: #000000;\">), da <\/span><span style=\"color: #000000;\">9<\/span><span style=\"color: #000000;\">\u00aa Reuni\u00e3o Ordin\u00e1ria do Conselho Nacional dos Procuradores-Gerais do Minist\u00e9rio P\u00fablico dos Estados e da Uni\u00e3o (CNPG), realizada <\/span><span style=\"color: #000000;\">em Bras\u00edlia. <\/span><span style=\"color: #000000;\">Durante o encontro, os chefes dos MPs de todo o Brasil <\/span><span style=\"color: #000000;\">definiram a<\/span><span style=\"color: #000000;\">s datas das <\/span><span style=\"color: #212529;\">elei\u00e7\u00f5es do CNPG e do Conselho Nacional do Minist\u00e9rio P\u00fablico (CNMP) para o pr\u00f3ximo bi\u00eanio <\/span><span style=\"color: #212529;\">e discutiram sobre a r<\/span><span style=\"color: #212529;\">egula\u00e7\u00e3o de capta\u00e7\u00e3o e registro audiovisual em audi\u00eancias, sess\u00f5es de julgamento e Plen\u00e1rios do J\u00fari sob a presid\u00eancia do Poder Judici\u00e1rio e do Minist\u00e9rio P\u00fablico. <\/span><\/span><\/p>\n<p style=\"text-align: justify;\" align=\"justify\"><span style=\"color: #212529; font-family: helvetica, arial, sans-serif; font-size: 12pt;\">Ap\u00f3s a aprova\u00e7\u00e3o da ata da 8\u00aa Reuni\u00e3o, os procuradores-gerais ratificaram as datas para 21 de novembro de 2024 e 10 de junho de 2025 para a escolha dos novos presidentes do CNPG e do CNMP. Em seguida, houve a aprova\u00e7\u00e3o das Notas T\u00e9cnicas do Grupo Nacional de Defesa do Patrim\u00f4nio P\u00fablico (GNPP) referentes \u00e0 Proposi\u00e7\u00e3o CNMP n\u00ba 1.00892\/2024-88, que trata das diretrizes para a elabora\u00e7\u00e3o do Programa de Integridade pelos ramos e unidades do Minist\u00e9rio P\u00fablico Brasileiro, e da n\u00ba 1.00891\/2024-24, sobre as diretrizes para ado\u00e7\u00e3o de medidas preventivas em prol da defesa da probidade administrativa, em especial, o incentivo \u00e0 implanta\u00e7\u00e3o de Programas de Integridade perante os \u00f3rg\u00e3os da administra\u00e7\u00e3o p\u00fablica. <\/span><\/p>\n<p style=\"text-align: justify;\" align=\"justify\"><span style=\"color: #212529; font-family: helvetica, arial, sans-serif; font-size: 12pt;\">O CNPG tamb\u00e9m deliberou pela aprova\u00e7\u00e3o das propostas de emenda regimental apresentadas ao Supremo Tribunal Federal (STF) e ao Superior Tribunal de Justi\u00e7a (STJ), para que os regimentos internos tragam a previs\u00e3o da possibilidade dos Minist\u00e9rios P\u00fablicos Estaduais e do MPDFT exercerem suas atribui\u00e7\u00f5es perante os Tribunais Superiores.<\/span><\/p>\n<p style=\"text-align: justify;\" align=\"justify\"><span style=\"font-family: helvetica, arial, sans-serif; font-size: 12pt;\"><strong><span style=\"color: #212529;\"><b>N<\/b><\/span><\/strong><strong><span style=\"color: #212529;\"><b>ovo site <\/b><\/span><\/strong><\/span><\/p>\n<p style=\"text-align: justify;\" align=\"justify\"><span style=\"color: #212529; font-family: helvetica, arial, sans-serif; font-size: 12pt;\">O novo site do CNPG foi apresentado aos procuradores-gerais que participaram da reuni\u00e3o presencialmente. A previs\u00e3o \u00e9 que ele entre no ar nos pr\u00f3ximos dias. Com layout mais moderno, o portal \u00e9 mais leve, mais seguro e foi reorganizado tanto esteticamente quanto na disponibiliza\u00e7\u00e3o de documentos. Foram contratadas 20 caixas de e-mail da Microsoft com capacidade de 20 GB cada para a cria\u00e7\u00e3o de e-mails personalizados. <\/span><\/p>\n<p style=\"text-align: justify;\" align=\"justify\"><span style=\"font-family: helvetica, arial, sans-serif; font-size: 12pt;\"><strong><span style=\"color: #212529;\"><b>C<\/b><\/span><\/strong><strong><span style=\"color: #212529;\"><b>apta\u00e7\u00e3o de \u00e1udio e v\u00eddeo em audi\u00eancias <\/b><\/span><\/strong><\/span><\/p>\n<p style=\"text-align: justify;\" align=\"justify\"><span style=\"color: #212529; font-family: helvetica, arial, sans-serif; font-size: 12pt;\">Ap\u00f3s a apresenta\u00e7\u00e3o do novo site, o conselheiro nacional do CNMP, promotor de Justi\u00e7a do MPSC, Fernando Comin, colocou em pauta a preocupa\u00e7\u00e3o acerca da resolu\u00e7\u00e3o conjunta CNMP\/CNJ que disp\u00f5e sobre a regula\u00e7\u00e3o de capta\u00e7\u00e3o e registro audiovisual em audi\u00eancias, sess\u00f5es de julgamento e Plen\u00e1rios do J\u00fari sob a presid\u00eancia do Poder Judici\u00e1rio e do Minist\u00e9rio P\u00fablico, bem como sobre o uso de imagens e vozes de participantes, em conformidade com a Lei Geral de Prote\u00e7\u00e3o de Dados Pessoais (Lei n. 13.709\/2018) e o artigo 5\u00ba, LXXIX, da Constitui\u00e7\u00e3o Federal. O assunto ser\u00e1 aprofundado em novo encontro do CNPG. <\/span><\/p>\n<p style=\"text-align: justify;\" align=\"justify\"><span style=\"color: #212529; font-family: helvetica, arial, sans-serif; font-size: 12pt;\">Ao final da reuni\u00e3o, o promotor de Justi\u00e7a do Minist\u00e9rio P\u00fablico do Paran\u00e1, Murilo Jos\u00e9 Digi\u00e1como, apresentou proposta de atua\u00e7\u00e3o destinada ao Minist\u00e9rio P\u00fablico, referente ao Conselho Tutelar e \u00e0 \u00e1rea da inf\u00e2ncia e da juventude.<\/span><\/p>\n<\/div><style type=\"text\/css\">.fusion-gallery-1 .fusion-gallery-image {border:0px solid #f6f6f6;-webkit-border-radius:5px;-moz-border-radius:5px;border-radius:5px;}<\/style><div class=\"fusion-gallery fusion-gallery-container fusion-grid-3 fusion-columns-total-0 fusion-gallery-layout-grid fusion-gallery-1\" style=\"margin:-5px;\"><div style=\"padding:5px;\" class=\"fusion-grid-column fusion-gallery-column fusion-gallery-column-3 hover-type-none\"><div class=\"fusion-gallery-image\"><a href=\"https:\/\/www.mpal.mp.br\/wp-content\/uploads\/2024\/10\/Reuniao-CNPG-3.jpeg\" rel=\"noreferrer\" data-rel=\"iLightbox[gallery_image_1]\" class=\"fusion-lightbox\" target=\"_self\"><img loading=\"lazy\" decoding=\"async\" src=\"https:\/\/www.mpal.mp.br\/wp-content\/uploads\/2024\/10\/Reuniao-CNPG-3.jpeg\" width=\"1280\" height=\"720\" alt=\"\" title=\"Reuni\u00e3o CNPG (3)\" aria-label=\"Reuni\u00e3o CNPG (3)\" class=\"img-responsive wp-image-48377\" \/><\/a><\/div><\/div><div style=\"padding:5px;\" class=\"fusion-grid-column fusion-gallery-column fusion-gallery-column-3 hover-type-none\"><div class=\"fusion-gallery-image\"><a href=\"https:\/\/www.mpal.mp.br\/wp-content\/uploads\/2024\/10\/Reuniao-CNPG-1.jpeg\" rel=\"noreferrer\" data-rel=\"iLightbox[gallery_image_1]\" class=\"fusion-lightbox\" target=\"_self\"><img loading=\"lazy\" decoding=\"async\" src=\"https:\/\/www.mpal.mp.br\/wp-content\/uploads\/2024\/10\/Reuniao-CNPG-1.jpeg\" width=\"1600\" height=\"900\" alt=\"\" title=\"Reuni\u00e3o CNPG (1)\" aria-label=\"Reuni\u00e3o CNPG (1)\" class=\"img-responsive wp-image-48375\" \/><\/a><\/div><\/div><\/div><div class=\"fusion-clearfix\"><\/div>\n\n\t\t\t\t\t<\/div>\n\t\t\t\t<\/div><\/div><\/div>\n","protected":false},"excerpt":{"rendered":"","protected":false},"author":17,"featured_media":48376,"comment_status":"open","ping_status":"open","sticky":false,"template":"","format":"standard","meta":{"om_disable_all_campaigns":false,"_monsterinsights_skip_tracking":false,"_monsterinsights_sitenote_active":false,"_monsterinsights_sitenote_note":"","_monsterinsights_sitenote_category":0,"_uf_show_specific_survey":0,"_uf_disable_surveys":false,"footnotes":""},"categories":[2],"tags":[],"class_list":["post-48384","post","type-post","status-publish","format-standard","has-post-thumbnail","hentry","category-not_mpal"],"aioseo_notices":[],"_links":{"self":[{"href":"https:\/\/www.mpal.mp.br\/index.php?rest_route=\/wp\/v2\/posts\/48384","targetHints":{"allow":["GET"]}}],"collection":[{"href":"https:\/\/www.mpal.mp.br\/index.php?rest_route=\/wp\/v2\/posts"}],"about":[{"href":"https:\/\/www.mpal.mp.br\/index.php?rest_route=\/wp\/v2\/types\/post"}],"author":[{"embeddable":true,"href":"https:\/\/www.mpal.mp.br\/index.php?rest_route=\/wp\/v2\/users\/17"}],"replies":[{"embeddable":true,"href":"https:\/\/www.mpal.mp.br\/index.php?rest_route=%2Fwp%2Fv2%2Fcomments&post=48384"}],"version-history":[{"count":3,"href":"https:\/\/www.mpal.mp.br\/index.php?rest_route=\/wp\/v2\/posts\/48384\/revisions"}],"predecessor-version":[{"id":48387,"href":"https:\/\/www.mpal.mp.br\/index.php?rest_route=\/wp\/v2\/posts\/48384\/revisions\/48387"}],"wp:featuredmedia":[{"embeddable":true,"href":"https:\/\/www.mpal.mp.br\/index.php?rest_route=\/wp\/v2\/media\/48376"}],"wp:attachment":[{"href":"https:\/\/www.mpal.mp.br\/index.php?rest_route=%2Fwp%2Fv2%2Fmedia&parent=48384"}],"wp:term":[{"taxonomy":"category","embeddable":true,"href":"https:\/\/www.mpal.mp.br\/index.php?rest_route=%2Fwp%2Fv2%2Fcategories&post=48384"},{"taxonomy":"post_tag","embeddable":true,"href":"https:\/\/www.mpal.mp.br\/index.php?rest_route=%2Fwp%2Fv2%2Ftags&post=48384"}],"curies":[{"name":"wp","href":"https:\/\/api.w.org\/{rel}","templated":true}]}}