{"id":48336,"date":"2024-10-09T18:12:06","date_gmt":"2024-10-09T21:12:06","guid":{"rendered":"https:\/\/www.mpal.mp.br\/?p=48336"},"modified":"2024-10-09T18:12:06","modified_gmt":"2024-10-09T21:12:06","slug":"mpal-e-finalista-na-21a-edicao-do-premio-innovare-com-fpi-do-sao-francisco","status":"publish","type":"post","link":"https:\/\/www.mpal.mp.br\/?p=48336","title":{"rendered":"MPAL \u00e9 finalista na 21\u00aa edi\u00e7\u00e3o do Pr\u00eamio Innovare com FPI do S\u00e3o Francisco"},"content":{"rendered":"<p style=\"text-align: justify;\"><span style=\"font-family: helvetica, arial, sans-serif;\">O Minist\u00e9rio P\u00fablico do Estado de Alagoas (MPAL) se destaca ao lado dos Minist\u00e9rios P\u00fablicos Estaduais e Federais da Bahia, Sergipe, Pernambuco e Minas Gerais como finalista na 21\u00aa edi\u00e7\u00e3o do Pr\u00eamio Innovare, com o programa \u201cFiscaliza\u00e7\u00e3o Preventiva Integrada na Bacia Hidrogr\u00e1fica do Rio S\u00e3o Francisco (FPI)\u201d. Esta iniciativa busca assegurar uma melhoria da qualidade de vida de seus povos e comunidades tradicionais bem como a prote\u00e7\u00e3o dos recursos ambientais, sobretudo a quantidade e qualidade da \u00e1gua da Bacia Hidrogr\u00e1fica do Rio S\u00e3o Francisco, desenvolvendo a\u00e7\u00f5es que buscam frear o crescente processo de degrada\u00e7\u00e3o ambiental e promovendo a\u00e7\u00f5es que v\u00e3o al\u00e9m da fiscaliza\u00e7\u00e3o ambiental, incluindo fortemente o car\u00e1ter educativo em todas as tem\u00e1ticas trabalhadas no programa, promovendo a conscientiza\u00e7\u00e3o sobre a import\u00e2ncia da preserva\u00e7\u00e3o dos recursos naturais e reafirmando o compromisso coletivo com a sustentabilidade da bacia hidrogr\u00e1fica.<\/span><\/p>\n<p style=\"text-align: justify;\"><span style=\"font-family: helvetica, arial, sans-serif;\">Com uma abordagem interdisciplinar e interestadual, re\u00fane diferentes ramos do Minist\u00e9rio P\u00fablico \u2014 Estadual, Federal e do Trabalho \u2014 e outros \u00f3rg\u00e3os e institui\u00e7\u00f5es parceiras, atuando nos cinco estados da federa\u00e7\u00e3o que fazem parte da bacia hidrogr\u00e1fica do S\u00e3o Francisco.<\/span><\/p>\n<p style=\"text-align: justify;\"><span style=\"font-family: helvetica, arial, sans-serif;\">Em Alagoas, o programa \u00e9 coordenado pelos promotores de Justi\u00e7a com atua\u00e7\u00e3o ambiental, Alberto Fonseca, Lav\u00ednia Fragoso e Kleber Valadares, e se encontra na prepara\u00e7\u00e3o da sua 14\u00aa etapa, completando em 2024 dez anos de sua implementa\u00e7\u00e3o no estado.<\/span><\/p>\n<p style=\"text-align: justify;\"><span style=\"font-family: helvetica, arial, sans-serif;\">Para a promotora de Justi\u00e7a Lav\u00ednia Fragoso, trata-se de um grande reconhecimento por todo o trabalho em conjunto desenvolvido ao longo de todos esses anos. \u201cVermos a FPI do S\u00e3o Francisco como finalista do Pr\u00eamio Innovare reafirma nossa confian\u00e7a na for\u00e7a do trabalho integrado, reunindo \u00f3rg\u00e3os que atuavam isoladamente passando a trabalhar de forma conjunta. Isso revela a ado\u00e7\u00e3o de uma postura moderna e din\u00e2mica em que as dist\u00e2ncias e a burocracia s\u00e3o encurtadas, promovendo uma otimiza\u00e7\u00e3o dos resultados e uma atua\u00e7\u00e3o fortalecida na defesa da bacia hidrogr\u00e1fica do Velho Chico\u201d, afirma.<\/span><\/p>\n<p style=\"text-align: justify;\"><span style=\"font-family: helvetica, arial, sans-serif;\">\u201cA Fiscaliza\u00e7\u00e3o Preventiva Integrada \u00e9 um projeto de vanguarda e inovador, pois h\u00e1 mais de dez anos, quando pouco se falava em atua\u00e7\u00e3o integrada, iniciou-se, por meio da coordena\u00e7\u00e3o do Minist\u00e9rio P\u00fablico, uma nova metodologia de trabalho que ultrapassou fronteiras. Esse esfor\u00e7o conseguiu unir os Minist\u00e9rios P\u00fablicos Estaduais e Federais de Alagoas, Bahia, Sergipe, Pernambuco e Minas Gerais, provando, mais uma vez, que o S\u00e3o Francisco \u00e9, de fato, o rio da integra\u00e7\u00e3o nacional\u201d, conclui a promotora de Justi\u00e7a.<\/span><\/p>\n<p style=\"text-align: justify;\"><strong><span style=\"font-family: helvetica, arial, sans-serif;\">Resultados e colabora\u00e7\u00e3o<\/span><\/strong><\/p>\n<p style=\"text-align: justify;\"><span style=\"font-family: helvetica, arial, sans-serif;\">As a\u00e7\u00f5es de fiscaliza\u00e7\u00e3o realizadas pela FPI v\u00e3o al\u00e9m da simples identifica\u00e7\u00e3o de problemas. \u00c0 medida que s\u00e3o diagnosticadas as irregularidades, as equipes adotam imediatamente as medidas administrativas cab\u00edveis. As informa\u00e7\u00f5es coletadas durante as atividades de campo s\u00e3o fundamentais para a responsabiliza\u00e7\u00e3o civil e criminal dos infratores, com a elabora\u00e7\u00e3o de relat\u00f3rios pelos t\u00e9cnicos das equipes que embasar\u00e3o os futuros desdobramentos no \u00e2mbito dos Minist\u00e9rios P\u00fablicos.<\/span><\/p>\n<p style=\"text-align: justify;\"><span style=\"font-family: helvetica, arial, sans-serif;\">In\u00fameras s\u00e3o as tem\u00e1ticas englobadas no programa, a exemplo do esgotamento sanit\u00e1rio, abastecimento de \u00e1gua, gerenciamento de res\u00edduos s\u00f3lidos, extra\u00e7\u00e3o mineral, produtos de origem animal, agrot\u00f3xicos, prote\u00e7\u00e3o da fauna e da flora, educa\u00e7\u00e3o ambiental, povos e comunidades tradicionais, ocupa\u00e7\u00f5es irregulares, centros de sa\u00fade, gest\u00e3o ambiental municipal, seguran\u00e7a de barragens, dentre outras. <\/span><\/p>\n<p style=\"text-align: justify;\"><strong><span style=\"font-family: helvetica, arial, sans-serif;\">Reconhecimento e premia\u00e7\u00e3o<\/span><\/strong><\/p>\n<p style=\"text-align: justify;\"><span style=\"font-family: helvetica, arial, sans-serif;\">O Pr\u00eamio Innovare, que em 2024 celebra 20 anos e prepara sua 21\u00aa premia\u00e7\u00e3o, destaca 12 finalistas em seis categorias: Tribunal, Juiz, Minist\u00e9rio P\u00fablico, Defensoria P\u00fablica, Advocacia e Justi\u00e7a e Cidadania. O resultado ser\u00e1 anunciado em 11 de dezembro, no Supremo Tribunal Federal (STF).<\/span><\/p>\n<p style=\"text-align: justify;\"><span style=\"font-family: helvetica, arial, sans-serif;\">Desde a sua primeira edi\u00e7\u00e3o em 2004, o Pr\u00eamio j\u00e1 reconheceu 284 iniciativas, promovendo a replica\u00e7\u00e3o de boas pr\u00e1ticas no sistema de Justi\u00e7a brasileiro. O foco \u00e9 reconhecer e disseminar pr\u00e1ticas inovadoras que melhorem a efetividade da Justi\u00e7a. Nesta edi\u00e7\u00e3o, uma pr\u00e1tica tamb\u00e9m ser\u00e1 premiada por seu impacto em Meio Ambiente e Sustentabilidade.<\/span><\/p>\n<p style=\"text-align: justify;\"><span style=\"font-family: helvetica, arial, sans-serif;\">Realizado pelo Instituto Innovare, sob a presid\u00eancia do Ministro Carlos Ayres Britto do STF, o Pr\u00eamio conta com o apoio de v\u00e1rias entidades do sistema de Justi\u00e7a e\u00a0do\u00a0Grupo\u00a0Globo.<\/span><\/p>\n","protected":false},"excerpt":{"rendered":"<p> [&hellip;]<\/p>\n","protected":false},"author":20,"featured_media":48337,"comment_status":"open","ping_status":"open","sticky":false,"template":"","format":"standard","meta":{"om_disable_all_campaigns":false,"_monsterinsights_skip_tracking":false,"_monsterinsights_sitenote_active":false,"_monsterinsights_sitenote_note":"","_monsterinsights_sitenote_category":0,"_uf_show_specific_survey":0,"_uf_disable_surveys":false,"footnotes":""},"categories":[2],"tags":[],"class_list":["post-48336","post","type-post","status-publish","format-standard","has-post-thumbnail","hentry","category-not_mpal"],"aioseo_notices":[],"_links":{"self":[{"href":"https:\/\/www.mpal.mp.br\/index.php?rest_route=\/wp\/v2\/posts\/48336","targetHints":{"allow":["GET"]}}],"collection":[{"href":"https:\/\/www.mpal.mp.br\/index.php?rest_route=\/wp\/v2\/posts"}],"about":[{"href":"https:\/\/www.mpal.mp.br\/index.php?rest_route=\/wp\/v2\/types\/post"}],"author":[{"embeddable":true,"href":"https:\/\/www.mpal.mp.br\/index.php?rest_route=\/wp\/v2\/users\/20"}],"replies":[{"embeddable":true,"href":"https:\/\/www.mpal.mp.br\/index.php?rest_route=%2Fwp%2Fv2%2Fcomments&post=48336"}],"version-history":[{"count":1,"href":"https:\/\/www.mpal.mp.br\/index.php?rest_route=\/wp\/v2\/posts\/48336\/revisions"}],"predecessor-version":[{"id":48338,"href":"https:\/\/www.mpal.mp.br\/index.php?rest_route=\/wp\/v2\/posts\/48336\/revisions\/48338"}],"wp:featuredmedia":[{"embeddable":true,"href":"https:\/\/www.mpal.mp.br\/index.php?rest_route=\/wp\/v2\/media\/48337"}],"wp:attachment":[{"href":"https:\/\/www.mpal.mp.br\/index.php?rest_route=%2Fwp%2Fv2%2Fmedia&parent=48336"}],"wp:term":[{"taxonomy":"category","embeddable":true,"href":"https:\/\/www.mpal.mp.br\/index.php?rest_route=%2Fwp%2Fv2%2Fcategories&post=48336"},{"taxonomy":"post_tag","embeddable":true,"href":"https:\/\/www.mpal.mp.br\/index.php?rest_route=%2Fwp%2Fv2%2Ftags&post=48336"}],"curies":[{"name":"wp","href":"https:\/\/api.w.org\/{rel}","templated":true}]}}