{"id":48273,"date":"2024-10-08T16:19:41","date_gmt":"2024-10-08T19:19:41","guid":{"rendered":"https:\/\/www.mpal.mp.br\/?p=48273"},"modified":"2024-10-08T16:22:11","modified_gmt":"2024-10-08T19:22:11","slug":"ministerio-publico-recomenda-que-prefeitura-de-porto-calvo-nao-use-recurso-publico-em-festa-da-vitoria-da-prefeita-reeleita","status":"publish","type":"post","link":"https:\/\/www.mpal.mp.br\/?p=48273","title":{"rendered":"Minist\u00e9rio P\u00fablico recomenda que Prefeitura de Porto Calvo n\u00e3o use recurso p\u00fablico em festa da vit\u00f3ria da prefeita reeleita"},"content":{"rendered":"<p class=\"western\" align=\"justify\"><span style=\"font-family: helvetica, arial, sans-serif;\">Para proteger o patrim\u00f4nio p\u00fablico, evitar o uso indevido de recursos p\u00fablicos, e, consequentemente, preju\u00edzo ao er\u00e1rio, o Minist\u00e9rio P\u00fablico de Alagoas (MPAL), por meio da 2\u00aa Promotoria de Justi\u00e7a de Porto Calvo, expediu recomenda\u00e7\u00e3o \u00e0 prefeita da cidade, Eronita Sposito Le\u00e3o e Lima, para que, enquanto gestora e ordenadora de despesas,\u00a0 abstenha-se de patrocinar com recursos p\u00fablicos o \u201cArrast\u00e3o da Vit\u00f3ria\u201d, evento programado para acontecer no dia 11 de outubro de 2024. A chefe do Poder Executivo municipal tem at\u00e9 24 horas para se manifestar.<\/span><\/p>\n<p class=\"western\" align=\"justify\"><span style=\"font-family: helvetica, arial, sans-serif;\">Em sua conta pessoal do Instagram, a prefeita Eronita fez a divulga\u00e7\u00e3o do evento e destacou as bandas musicais contratadas. De acordo com a Recomenda\u00e7\u00e3o, o uso de recursos p\u00fablicos para patrocinar tal evento constituiria conduta il\u00edcita. O documento foi confeccionado e enviado \u00e0 gestora municipal, atuando o Minist\u00e9rio P\u00fablico de forma preventiva e resolutiva em defesa do patrim\u00f4nio p\u00fablico.<\/span><\/p>\n<p class=\"western\" align=\"justify\"><span style=\"font-family: helvetica, arial, sans-serif;\">\u201cQueremos evitar que o evento seja promovido com gasto de recursos destinados a investimentos nas \u00e1reas da Educa\u00e7\u00e3o, Sa\u00fade, Assist\u00eancia Social, infraestrutura, por exemplo, ou seja, queremos evitar o uso, num evento privado, de recursos que fariam falta no atendimento de interesse b\u00e1sicos da popula\u00e7\u00e3o\u201d, destacou o Promotor de Justi\u00e7a Rodrigo Soares.<\/span><\/p>\n<p class=\"western\" align=\"justify\"><span style=\"font-family: helvetica, arial, sans-serif;\">Considerada a urg\u00eancia do caso, pois s\u00f3 faltam tr\u00eas dias para o evento, o Minist\u00e9rio P\u00fablico definiu que, no prazo de 24 horas, a Prefeitura de Porto Calvo deve se manifestar se acata ou n\u00e3o a recomenda\u00e7\u00e3o, sob pena de ado\u00e7\u00e3o de medidas judiciais cab\u00edveis caso n\u00e3o haja resposta ou informe que n\u00e3o acatar\u00e1 a recomenda\u00e7\u00e3o.<\/span><\/p>\n","protected":false},"excerpt":{"rendered":"<p> [&hellip;]<\/p>\n","protected":false},"author":8,"featured_media":27823,"comment_status":"open","ping_status":"open","sticky":false,"template":"","format":"standard","meta":{"om_disable_all_campaigns":false,"_monsterinsights_skip_tracking":false,"_monsterinsights_sitenote_active":false,"_monsterinsights_sitenote_note":"","_monsterinsights_sitenote_category":0,"_uf_show_specific_survey":0,"_uf_disable_surveys":false,"footnotes":""},"categories":[2],"tags":[],"class_list":["post-48273","post","type-post","status-publish","format-standard","has-post-thumbnail","hentry","category-not_mpal"],"aioseo_notices":[],"_links":{"self":[{"href":"https:\/\/www.mpal.mp.br\/index.php?rest_route=\/wp\/v2\/posts\/48273","targetHints":{"allow":["GET"]}}],"collection":[{"href":"https:\/\/www.mpal.mp.br\/index.php?rest_route=\/wp\/v2\/posts"}],"about":[{"href":"https:\/\/www.mpal.mp.br\/index.php?rest_route=\/wp\/v2\/types\/post"}],"author":[{"embeddable":true,"href":"https:\/\/www.mpal.mp.br\/index.php?rest_route=\/wp\/v2\/users\/8"}],"replies":[{"embeddable":true,"href":"https:\/\/www.mpal.mp.br\/index.php?rest_route=%2Fwp%2Fv2%2Fcomments&post=48273"}],"version-history":[{"count":2,"href":"https:\/\/www.mpal.mp.br\/index.php?rest_route=\/wp\/v2\/posts\/48273\/revisions"}],"predecessor-version":[{"id":48275,"href":"https:\/\/www.mpal.mp.br\/index.php?rest_route=\/wp\/v2\/posts\/48273\/revisions\/48275"}],"wp:featuredmedia":[{"embeddable":true,"href":"https:\/\/www.mpal.mp.br\/index.php?rest_route=\/wp\/v2\/media\/27823"}],"wp:attachment":[{"href":"https:\/\/www.mpal.mp.br\/index.php?rest_route=%2Fwp%2Fv2%2Fmedia&parent=48273"}],"wp:term":[{"taxonomy":"category","embeddable":true,"href":"https:\/\/www.mpal.mp.br\/index.php?rest_route=%2Fwp%2Fv2%2Fcategories&post=48273"},{"taxonomy":"post_tag","embeddable":true,"href":"https:\/\/www.mpal.mp.br\/index.php?rest_route=%2Fwp%2Fv2%2Ftags&post=48273"}],"curies":[{"name":"wp","href":"https:\/\/api.w.org\/{rel}","templated":true}]}}