{"id":48161,"date":"2024-10-05T16:00:22","date_gmt":"2024-10-05T19:00:22","guid":{"rendered":"https:\/\/www.mpal.mp.br\/?p=48161"},"modified":"2024-12-09T10:46:16","modified_gmt":"2024-12-09T13:46:16","slug":"em-taquarana-mp-eleitoral-firma-tac-e-comemoracao-da-coligacao-vencedora-tera-que-terminar-ate-as-22h","status":"publish","type":"post","link":"https:\/\/www.mpal.mp.br\/?p=48161","title":{"rendered":"Em Taquarana, MP Eleitoral firma TAC e comemora\u00e7\u00e3o da coliga\u00e7\u00e3o vencedora ter\u00e1 que terminar at\u00e9 \u00e0s 22h"},"content":{"rendered":"<p style=\"text-align: justify;\" align=\"justify\"><span style=\"font-family: helvetica, arial, sans-serif; font-size: 12pt;\">O Minist\u00e9rio P\u00fablico Eleitoral em Taquarana firmou um termo de ajustamento de conduta (TAC) para que as comemora\u00e7\u00f5es do candidato que se consagrar vencedor nas urnas n\u00e3o ultrapassem o hor\u00e1rio das 22h, caso a festa da vit\u00f3ria ocorra em local privado. Se a celebra\u00e7\u00e3o acontecer em via p\u00fablica, ela dever\u00e1 terminar \u00e0s 20h. O acordo foi proposto pelo promotor eleitoral Kleytionne Sousa com o objetivo de prevenir tumultos, agress\u00f5es, escalada de viol\u00eancia e qualquer perigo \u00e0 seguran\u00e7a da popula\u00e7\u00e3o. Em caso de descumprimento das obriga\u00e7\u00f5es assumidas pelas duas coliga\u00e7\u00f5es, elas estar\u00e3o sujeitas ao pagamento de multa no valor de R$ 100 mil por infra\u00e7\u00e3o cometida, sem preju\u00edzo de outras medidas administrativas e judiciais cab\u00edveis.<\/span><\/p>\n<p style=\"text-align: justify;\" align=\"justify\"><span style=\"font-family: helvetica, arial, sans-serif; font-size: 12pt;\">De acordo com o TAC, celebrado nesse s\u00e1bado (5), hor\u00e1rio limite para comemora\u00e7\u00f5es, incluindo uso de carros de som, aparelhos de som e concentra\u00e7\u00f5es de pessoas, ser\u00e1 de 20h, neste domingo (6), dia da apura\u00e7\u00e3o dos resultados eleitorais. Depois disso, est\u00e1 proibida a utiliza\u00e7\u00e3o de qualquer equipamento sonoro capaz de gerar polui\u00e7\u00e3o sonora.<\/span><\/p>\n<p style=\"text-align: justify;\" align=\"justify\"><span style=\"font-family: helvetica, arial, sans-serif; font-size: 12pt;\">Se os atos festivos forem acontecer em local privado, a exemplo do Parque de Vaquejadas Lucas Madeiro, localizado na Avenida Pedro C\u00edcero, como indicou uma das coliga\u00e7\u00f5es, o hor\u00e1rio limite ser\u00e1 de 22h.<\/span><\/p>\n<p style=\"text-align: justify;\" align=\"justify\"><span style=\"font-family: helvetica, arial, sans-serif; font-size: 12pt;\"><b>Dispers\u00e3o de aglomera\u00e7\u00f5es<\/b><\/span><\/p>\n<p style=\"text-align: justify;\" align=\"justify\"><span style=\"font-family: helvetica, arial, sans-serif; font-size: 12pt;\">O termo de ajustamento de conduta tamb\u00e9m prev\u00ea o comprometimento das coliga\u00e7\u00f5es na ado\u00e7\u00e3o de todas as provid\u00eancias necess\u00e1rias para dispersar a popula\u00e7\u00e3o e evitar aglomera\u00e7\u00f5es ap\u00f3s o hor\u00e1rio m\u00e1ximo estabelecido, de modo que haja o \u2018zelo pela ordem e seguran\u00e7a p\u00fablica\u2019.<\/span><\/p>\n<p style=\"text-align: justify;\" align=\"justify\"><span style=\"font-family: helvetica, arial, sans-serif; font-size: 12pt;\">No tocante a preven\u00e7\u00e3o de atos violentos, os candidatos assumiram o compromisso de prevenir qualquer tipo de tumulto, agress\u00e3o ou viol\u00eancia durante as comemora\u00e7\u00f5es.<\/span><\/p>\n<p style=\"text-align: justify;\" align=\"justify\"><span style=\"font-family: helvetica, arial, sans-serif; font-size: 12pt;\">Segundo o promotor eleitoral Kleytionne Sousa, o TAC foi celebrado porque, no decorrer do per\u00edodo eleitoral, chegaram ao conhecimento da promotoria \u201csitua\u00e7\u00f5es que demonstraram, de modo claro, a animosidade dos atos partid\u00e1rios no munic\u00edpio de Taquarana, sendo eles praticados por seus membros e simpatizantes, abalando, assim, a ordem p\u00fablica do referido munic\u00edpio\u201d. Inclusive, por meio dos of\u00edcios enviados ao MP Eleitoral pelas pr\u00f3prias coliga\u00e7\u00f5es, a promotoria constatou \u201cdiversas viola\u00e7\u00f5es de direitos nos atos praticados, onde os membros e eleitores das coliga\u00e7\u00f5es estavam descumprindo as normas previstas no C\u00f3digo Eleitoral e outros dispositivos legais, causando temor entre os mun\u00edcipes\u201d.<\/span><\/p>\n<p style=\"text-align: justify;\" align=\"justify\"><span style=\"font-family: helvetica, arial, sans-serif; font-size: 12pt;\"><b>Multa de R$ 100 mil <\/b><\/span><\/p>\n<p style=\"text-align: justify;\" align=\"justify\"><span style=\"font-family: helvetica, arial, sans-serif; font-size: 12pt;\">Por fim, o documento estabelece que, em caso de descumprimento de qualquer das obriga\u00e7\u00f5es assumidas pelas coliga\u00e7\u00f5es, elas poder\u00e3o se submeter ao pagamento de multa no valor de R$ 100 mil (cem mil reais) por infra\u00e7\u00e3o cometida, sem preju\u00edzo de outras medidas administrativas e judiciais cab\u00edveis.<\/span><\/p>\n","protected":false},"excerpt":{"rendered":"<p> [&hellip;]<\/p>\n","protected":false},"author":17,"featured_media":35569,"comment_status":"open","ping_status":"open","sticky":false,"template":"","format":"standard","meta":{"om_disable_all_campaigns":false,"_monsterinsights_skip_tracking":false,"_monsterinsights_sitenote_active":false,"_monsterinsights_sitenote_note":"","_monsterinsights_sitenote_category":0,"_uf_show_specific_survey":0,"_uf_disable_surveys":false,"footnotes":""},"categories":[2],"tags":[],"class_list":["post-48161","post","type-post","status-publish","format-standard","has-post-thumbnail","hentry","category-not_mpal"],"aioseo_notices":[],"_links":{"self":[{"href":"https:\/\/www.mpal.mp.br\/index.php?rest_route=\/wp\/v2\/posts\/48161","targetHints":{"allow":["GET"]}}],"collection":[{"href":"https:\/\/www.mpal.mp.br\/index.php?rest_route=\/wp\/v2\/posts"}],"about":[{"href":"https:\/\/www.mpal.mp.br\/index.php?rest_route=\/wp\/v2\/types\/post"}],"author":[{"embeddable":true,"href":"https:\/\/www.mpal.mp.br\/index.php?rest_route=\/wp\/v2\/users\/17"}],"replies":[{"embeddable":true,"href":"https:\/\/www.mpal.mp.br\/index.php?rest_route=%2Fwp%2Fv2%2Fcomments&post=48161"}],"version-history":[{"count":3,"href":"https:\/\/www.mpal.mp.br\/index.php?rest_route=\/wp\/v2\/posts\/48161\/revisions"}],"predecessor-version":[{"id":48164,"href":"https:\/\/www.mpal.mp.br\/index.php?rest_route=\/wp\/v2\/posts\/48161\/revisions\/48164"}],"wp:featuredmedia":[{"embeddable":true,"href":"https:\/\/www.mpal.mp.br\/index.php?rest_route=\/wp\/v2\/media\/35569"}],"wp:attachment":[{"href":"https:\/\/www.mpal.mp.br\/index.php?rest_route=%2Fwp%2Fv2%2Fmedia&parent=48161"}],"wp:term":[{"taxonomy":"category","embeddable":true,"href":"https:\/\/www.mpal.mp.br\/index.php?rest_route=%2Fwp%2Fv2%2Fcategories&post=48161"},{"taxonomy":"post_tag","embeddable":true,"href":"https:\/\/www.mpal.mp.br\/index.php?rest_route=%2Fwp%2Fv2%2Ftags&post=48161"}],"curies":[{"name":"wp","href":"https:\/\/api.w.org\/{rel}","templated":true}]}}