{"id":48158,"date":"2024-10-06T11:14:26","date_gmt":"2024-10-06T14:14:26","guid":{"rendered":"https:\/\/www.mpal.mp.br\/?p=48158"},"modified":"2024-10-06T11:55:05","modified_gmt":"2024-10-06T14:55:05","slug":"ministerio-publico-eleitoral-afirma-que-pleito-em-arapiraca-iniciou-com-tranquilidade","status":"publish","type":"post","link":"https:\/\/www.mpal.mp.br\/?p=48158","title":{"rendered":"Minist\u00e9rio P\u00fablico Eleitoral afirma que pleito em Arapiraca iniciou com tranquilidade"},"content":{"rendered":"<div class=\"fusion-fullwidth fullwidth-box fusion-builder-row-1 nonhundred-percent-fullwidth non-hundred-percent-height-scrolling\"  style='background-color: #ffffff;background-position: center center;background-repeat: no-repeat;padding-top:0px;padding-right:0px;padding-bottom:0px;padding-left:0px;'><div class=\"fusion-builder-row fusion-row \"><div  class=\"fusion-layout-column fusion_builder_column fusion_builder_column_1_1 fusion-builder-column-1 fusion-one-full fusion-column-first fusion-column-last 1_1\"  style='margin-top:0px;margin-bottom:0px;'>\n\t\t\t\t\t<div class=\"fusion-column-wrapper\" style=\"padding: 0px 0px 0px 0px;background-position:left top;background-repeat:no-repeat;-webkit-background-size:cover;-moz-background-size:cover;-o-background-size:cover;background-size:cover;\"   data-bg-url=\"\">\n\t\t\t\t\t\t<div class=\"fusion-text\"><p align=\"justify\"><span style=\"font-family: helvetica, arial, sans-serif; font-size: 12pt;\"><span style=\"color: #000000;\"><span lang=\"pt-BR\">Dentro do contexto, na segunda maior cidade de Alagoas, o pleito come\u00e7ou dentro da normalidade prevista, com a popula\u00e7\u00e3o comparecendo em grande n\u00famero, e de forma pac\u00edfica e ordeira, aos col\u00e9gios e se\u00e7\u00f5es eleitorais, apenas com derramamento de santinhos e ruas sujas, e uma urna foi detectada com problema, mas com substitui\u00e7\u00e3o garantida imediatamente.<\/span><\/span><span style=\"color: #000000;\"><span lang=\"pt-BR\"> Em <\/span><\/span><span style=\"color: #000000;\"><span lang=\"pt-BR\">Arapiraca, devido ao n\u00famero consider\u00e1vel de eleitores, <\/span><\/span><span style=\"color: #000000;\"><span lang=\"pt-BR\">as inspe\u00e7\u00f5es pelo Minist\u00e9rio P\u00fablico Eleitoral foram intensificadas <\/span><\/span><span style=\"color: #000000;\"><span lang=\"pt-BR\">e o promotor eleitoral, Thiago Chacon, da 55\u00aa Zona Eleitoral, requisitou aos col\u00e9gios eleitorais registros de c\u00e2meras para identificar quem cometeu a infra\u00e7\u00e3o despejando as fotos dos candidatos na madrugada deste domingo (6). Na cidade, trabalho similar est\u00e1 sendo desenvolvido pelo promotor eleitoral Jos\u00e9 Neto, da 22\u00aa Zona Eleitoral.<\/span><\/span><\/span><\/p>\n<p align=\"justify\"><span style=\"font-family: helvetica, arial, sans-serif; font-size: 12pt;\"><span style=\"color: #000000;\"><span lang=\"pt-BR\">De acordo com o membro ministerial, a expectativa \u00e9 de que a ordem\u00a0 seja mantida visto que todos os candidatos <\/span><\/span><span style=\"color: #000000;\"><span lang=\"pt-BR\">e coliga\u00e7\u00f5es <\/span><\/span><span style=\"color: #000000;\"><span lang=\"pt-BR\"> receberam as devidas orienta\u00e7\u00f5es.<\/span><\/span><\/span><\/p>\n<p align=\"justify\"><span style=\"font-family: helvetica, arial, sans-serif; font-size: 12pt;\"><span style=\"color: #000000;\">\u201c<\/span><span style=\"color: #000000;\"><span lang=\"pt-BR\">Convocamos todos, conversamos, demos as devidas orienta\u00e7\u00f5es, inclusive foi feita capacita\u00e7\u00e3o para tal. O e<\/span><\/span><span style=\"color: #000000;\"><span lang=\"pt-BR\">sperado \u00e9<\/span><\/span><span style=\"color: #000000;\"><span lang=\"pt-BR\">\u00a0um<\/span><\/span><span style=\"color: #000000;\"><span lang=\"pt-BR\"> pleito dentro do que regra o Tribunal <\/span><\/span><span style=\"color: #000000;\"><span lang=\"pt-BR\">Superior<\/span><\/span><span style=\"color: #000000;\"><span lang=\"pt-BR\"> Eleitoral, pois h<\/span><\/span><span style=\"color: #000000;\"><span lang=\"pt-BR\">avendo ilegalidades e cometimento de crime eleitoral, agiremos dentro da lei <\/span><\/span><span style=\"color: #000000;\"><span lang=\"pt-BR\">pois todos<\/span><\/span><span style=\"color: #000000;\"><span lang=\"pt-BR\"> est\u00e3o bem cientes de suas responsabilidades bem como das puni\u00e7\u00f5es cab\u00edveis em caso de qualquer <\/span><\/span><span style=\"color: #000000;\"><span lang=\"pt-BR\">transgress\u00e3o<\/span><\/span> <span style=\"color: #000000;\"><span lang=\"pt-BR\">constata<\/span><\/span><span style=\"color: #000000;\"><span lang=\"pt-BR\">da. Hoje todos os cidad\u00e3os , tanto aqui, como em qualquer parte do pa\u00eds, exercem a cidadania e ela s\u00f3 \u00e9 poss\u00edvel com a democracia sendo respeitada. Eu e o colega Jos\u00e9 Neto estamos atuando em conjunto<br \/>\nna expectativa que tudo continue transcorrendo bem , sem infra\u00e7\u00f5es que possam comprometer o principal hoje, que \u00e9 um pleito limpo, com igualdade de oportunidades\u201d, enfatiza Thiago Chacon.<\/span><\/span><\/span><\/p>\n<p align=\"justify\"><span style=\"font-family: helvetica, arial, sans-serif; font-size: 12pt;\"><span style=\"color: #000000;\"><span lang=\"pt-BR\">Segundo o promotor, sendo um munic\u00edpio com grande densidade populacional, a paz e a ordem d\u00e3o sinais de que estar\u00e3o mantidas at\u00e9 o fim do pleito.<\/span><\/span><\/span><\/p>\n<p align=\"justify\">&#8220;Por ser uma cidade com mais de 155.991 mil eleitores aptos a votar, n\u00e3o tivemos problemas de intimida\u00e7\u00f5es ou amea\u00e7as entre os candidatos, nenhuma viol\u00eancia foi detectada nas ruas, a popula\u00e7\u00e3o est\u00e1 se dirigindo aos seus col\u00e9gios sem desordem, sem boca de urna. At\u00e9 o momento apenas o derramamento dos santinhos, com maior evid\u00eancia nas proximidades das escolas, raz\u00e3o pela qual adotamos provid\u00eancia e abriremos procedimento para identificar algum carro ou cidad\u00e3o respons\u00e1vel por isso&#8221;, destaca Thiago Chacon.<\/p>\n<p align=\"justify\">Para ele, &#8220;num comparativo com outras cidades Arapiraca est\u00e1 dando exemplo de elei\u00e7\u00e3o democr\u00e1tica, limpa e sem nenhum de problema maior que possa acarretar desequil\u00edbrio no pleito&#8221;. Quanto aos santinhos, ele destaca que traz dois problemas considerados graves: primeira a possibilidade de urna indireta, pois apesar de n\u00e3o pedirem o voto, porque caracteriza crime,\u00a0 a ideia \u00e9 de que as pessoas peguem as imagens e votem naquele candidato. O segundo trata da quest\u00e3o ambiental, urban\u00edstica, j\u00e1 que, segundo o promotor os pap\u00e9is acabam entrando nos bueiros\u00a0 gerando entupimentos, alagando as ruas quando chove.<\/p>\n<p align=\"justify\">&#8220;Quanto a essa quest\u00e3o trata-se de um fato isolado e tudo ser\u00e1 apurado com procedimentos pr\u00f3prios, vamos identificar os respons\u00e1veis, mas, isso n\u00e3o comprometer\u00e1 a lisura da elei\u00e7\u00e3o que est\u00e1 transcorrendo muito bem&#8221;, conclui.<\/p>\n<p align=\"justify\">Os promotores j\u00e1 solicitaram que o Munic\u00edpio inicie imediatamente, ainda neste domingo, a limpeza das ruas nas proximidades das maiores escolas, evitando que a polui\u00e7\u00e3o possa comprometer ainda mais o meio ambiente.<\/p>\n<p align=\"justify\"><span style=\"font-family: helvetica, arial, sans-serif; font-size: 12pt;\"><span style=\"color: #000000;\"><span lang=\"pt-BR\">Na capital do Agreste, quatro nomes concorrem \u00e0 majorit\u00e1ria pelo Psol, PL, PSDB e MDB. <\/span><\/span><span style=\"color: #000000;\"><span lang=\"pt-BR\">J\u00e1 para as 19 vagas na C\u00e2mara de Vereadores, h\u00e1 226 concorrentes. <\/span><\/span><\/span><\/p>\n<\/div><style type=\"text\/css\">.fusion-gallery-1 .fusion-gallery-image {border:0px solid #f6f6f6;-webkit-border-radius:5px;-moz-border-radius:5px;border-radius:5px;}<\/style><div class=\"fusion-gallery fusion-gallery-container fusion-grid-3 fusion-columns-total-0 fusion-gallery-layout-grid fusion-gallery-1\" style=\"margin:-5px;\"><div style=\"padding:5px;\" class=\"fusion-grid-column fusion-gallery-column fusion-gallery-column-3 hover-type-none\"><div class=\"fusion-gallery-image\"><a href=\"https:\/\/www.mpal.mp.br\/wp-content\/uploads\/2024\/10\/eleicao-arapiraca2.jpeg\" rel=\"noreferrer\" data-rel=\"iLightbox[gallery_image_1]\" class=\"fusion-lightbox\" target=\"_self\"><img loading=\"lazy\" decoding=\"async\" src=\"https:\/\/www.mpal.mp.br\/wp-content\/uploads\/2024\/10\/eleicao-arapiraca2.jpeg\" width=\"758\" height=\"935\" alt=\"\" title=\"elei\u00e7\u00e3o arapiraca2\" aria-label=\"elei\u00e7\u00e3o arapiraca2\" class=\"img-responsive wp-image-48160\" \/><\/a><\/div><\/div><\/div><style type=\"text\/css\">.fusion-gallery-2 .fusion-gallery-image {border:0px solid #f6f6f6;-webkit-border-radius:5px;-moz-border-radius:5px;border-radius:5px;}<\/style><div class=\"fusion-gallery fusion-gallery-container fusion-grid-3 fusion-columns-total-0 fusion-gallery-layout-grid fusion-gallery-2\" style=\"margin:-5px;\"><div style=\"padding:5px;\" class=\"fusion-grid-column fusion-gallery-column fusion-gallery-column-3 hover-type-none\"><div class=\"fusion-gallery-image\"><a rel=\"noreferrer\" data-rel=\"iLightbox[gallery_image_2]\" class=\"fusion-lightbox\" target=\"_self\"><img decoding=\"async\" src=\"\" width=\"\" height=\"\" alt=\"\" title=\"\" aria-label=\"\" class=\"img-responsive wp-image-\" \/><\/a><\/div><\/div><\/div><div class=\"fusion-clearfix\"><\/div>\n\n\t\t\t\t\t<\/div>\n\t\t\t\t<\/div><\/div><\/div>\n","protected":false},"excerpt":{"rendered":"","protected":false},"author":8,"featured_media":48169,"comment_status":"open","ping_status":"open","sticky":false,"template":"","format":"standard","meta":{"om_disable_all_campaigns":false,"_monsterinsights_skip_tracking":false,"_monsterinsights_sitenote_active":false,"_monsterinsights_sitenote_note":"","_monsterinsights_sitenote_category":0,"_uf_show_specific_survey":0,"_uf_disable_surveys":false,"footnotes":""},"categories":[2],"tags":[],"class_list":["post-48158","post","type-post","status-publish","format-standard","has-post-thumbnail","hentry","category-not_mpal"],"aioseo_notices":[],"_links":{"self":[{"href":"https:\/\/www.mpal.mp.br\/index.php?rest_route=\/wp\/v2\/posts\/48158","targetHints":{"allow":["GET"]}}],"collection":[{"href":"https:\/\/www.mpal.mp.br\/index.php?rest_route=\/wp\/v2\/posts"}],"about":[{"href":"https:\/\/www.mpal.mp.br\/index.php?rest_route=\/wp\/v2\/types\/post"}],"author":[{"embeddable":true,"href":"https:\/\/www.mpal.mp.br\/index.php?rest_route=\/wp\/v2\/users\/8"}],"replies":[{"embeddable":true,"href":"https:\/\/www.mpal.mp.br\/index.php?rest_route=%2Fwp%2Fv2%2Fcomments&post=48158"}],"version-history":[{"count":3,"href":"https:\/\/www.mpal.mp.br\/index.php?rest_route=\/wp\/v2\/posts\/48158\/revisions"}],"predecessor-version":[{"id":48167,"href":"https:\/\/www.mpal.mp.br\/index.php?rest_route=\/wp\/v2\/posts\/48158\/revisions\/48167"}],"wp:featuredmedia":[{"embeddable":true,"href":"https:\/\/www.mpal.mp.br\/index.php?rest_route=\/wp\/v2\/media\/48169"}],"wp:attachment":[{"href":"https:\/\/www.mpal.mp.br\/index.php?rest_route=%2Fwp%2Fv2%2Fmedia&parent=48158"}],"wp:term":[{"taxonomy":"category","embeddable":true,"href":"https:\/\/www.mpal.mp.br\/index.php?rest_route=%2Fwp%2Fv2%2Fcategories&post=48158"},{"taxonomy":"post_tag","embeddable":true,"href":"https:\/\/www.mpal.mp.br\/index.php?rest_route=%2Fwp%2Fv2%2Ftags&post=48158"}],"curies":[{"name":"wp","href":"https:\/\/api.w.org\/{rel}","templated":true}]}}