{"id":48155,"date":"2024-10-06T09:38:05","date_gmt":"2024-10-06T12:38:05","guid":{"rendered":"https:\/\/www.mpal.mp.br\/?p=48155"},"modified":"2024-10-06T09:38:05","modified_gmt":"2024-10-06T12:38:05","slug":"tjal-mantem-decisao-de-juiz-natural-de-junqueiro-sobre-exoneracao-de-guardas-municipais-a-pedido-do-mpal","status":"publish","type":"post","link":"https:\/\/www.mpal.mp.br\/?p=48155","title":{"rendered":"TJAL mant\u00e9m decis\u00e3o de juiz natural de Junqueiro sobre exonera\u00e7\u00e3o de guardas municipais a pedido do MPAL"},"content":{"rendered":"<p align=\"justify\"><span style=\"color: #000000; font-family: helvetica, arial, sans-serif; font-size: 12pt;\"><span lang=\"pt-BR\">J\u00e1 havia uma decis\u00e3o assinada pelo juiz natural de Junqueiro, <\/span><span lang=\"pt-BR\"> Fl\u00e1vio Renato Almeida Reyes <\/span><span lang=\"pt-BR\">e<\/span><span lang=\"pt-BR\">, <\/span><span lang=\"pt-BR\"> no Tribunal de Justi\u00e7a de Alagoas (TJAL), a desembargadora Elizabeth Carvalho Nascimento manteve o entendimento de que os guardas municipais que desenvolvem ilegalmente a atividade, <\/span><span lang=\"pt-BR\">em <\/span><span lang=\"pt-BR\">Junqueiro, devem ser exonerados, <\/span><span lang=\"pt-BR\">indeferindo o pedido de contracautela do Munic\u00edpio. <\/span> <span lang=\"pt-BR\">O<\/span><span lang=\"pt-BR\"> Minist\u00e9rio P\u00fablico de Alagoas (MPAL), <\/span><span lang=\"pt-BR\">por meio da Promotoria de Justi\u00e7a de Junqueiro, <\/span><span lang=\"pt-BR\">em a\u00e7\u00e3o conjunta com a Promotoria de Justi\u00e7a de Controle Externo da Atividade Policial, <\/span> <span lang=\"pt-BR\">havia pedido, com tutela provis\u00f3ria de urg\u00eancia, a suspens\u00e3o do exerc\u00edcio dos guardas municipais que n\u00e3o fossem de carreira ou n\u00e3o concursados, no prazo de 24 horas, al\u00e9m da apresenta\u00e7\u00e3o de cronograma para realiza\u00e7\u00e3o e concurso p\u00fablico que garanta o preenchimento de vagas. <\/span><span lang=\"pt-BR\">A promotora eleitoral Elo\u00e1 de Carvalho est\u00e1 na cidade e tamb\u00e9m fiscalizar\u00e1 se os guardas municipais continuam atuando, apesar de o gestor garantir que acataria a decis\u00e3o judicial.<\/span><\/span><\/p>\n<p align=\"justify\"><span style=\"color: #000000; font-family: helvetica, arial, sans-serif; font-size: 12pt;\"><span lang=\"pt-BR\">Apesar de o Munic\u00edpio ter apelado, a Justi\u00e7a n\u00e3o acolheu as justificativas, principalmente a de que a exonera\u00e7\u00e3o afetaria a seguran\u00e7a no per\u00edodo eleitoral e a ordem p\u00fablica. Em sua decis\u00e3o, a desembargadora Elizabeth carvalho afirmou que \u201ccontudo, no presente caso, a decis\u00e3o judicial visa justamente assegurar o respeito \u00e0 ordem constitucional e administrativa, promovendo a regulariza\u00e7\u00e3o do quadro de guardas municipais. Portanto, n\u00e3o h\u00e1 grave les\u00e3o \u00e0 ordem ou \u00e0 seguran\u00e7a, mas sim uma corre\u00e7\u00e3o de irregularidade que h\u00e1 muito tempo persiste\u201d. <\/span><\/span><\/p>\n<p align=\"justify\"><span style=\"font-family: helvetica, arial, sans-serif; font-size: 12pt;\"><span style=\"color: #000000;\"><span lang=\"pt-BR\">Sobre a decis\u00e3o do juiz Fl\u00e1vio Renato Almeida Reyes, a desembargadora enfatizou que \u201c<\/span><\/span><span lang=\"pt-BR\">a decis\u00e3o proferida pelo Ju\u00edzo de origem n\u00e3o \u00e9 apta a ocasionar grave ofensa \u00e0 ordem administrativa, pois, a despeito de o Munic\u00edpio de Junqueiro argumentar que a decis\u00e3o judicial causa les\u00e3o ao interesse p\u00fablico e \u00e0 ordem e seguran\u00e7a, esse argumento n\u00e3o se sustenta\u201d, Ela tamb\u00e9m ressaltou que, ao contr\u00e1rio, .manter tal situa\u00e7\u00e3o com guardas municipais atuando sem concurso p\u00fablico, sem curso de forma\u00e7\u00e3o que os habilite o \u00e9 que realmente compromete o interesse p\u00fablico, a ordem e a seguran\u00e7a. E ressalta que a nomea\u00e7\u00e3o de servidores para atuar na \u00e1rea de seguran\u00e7a p\u00fablica deve obedecer aos princ\u00edpios constitucionais, sobretudo o da legalidade e o da moralidade. <\/span><\/span><\/p>\n<p align=\"justify\">Imagem: Gil Ferreira-TJ\/AL<\/p>\n","protected":false},"excerpt":{"rendered":"<p> [&hellip;]<\/p>\n","protected":false},"author":8,"featured_media":48156,"comment_status":"open","ping_status":"open","sticky":false,"template":"","format":"standard","meta":{"om_disable_all_campaigns":false,"_monsterinsights_skip_tracking":false,"_monsterinsights_sitenote_active":false,"_monsterinsights_sitenote_note":"","_monsterinsights_sitenote_category":0,"_uf_show_specific_survey":0,"_uf_disable_surveys":false,"footnotes":""},"categories":[2],"tags":[],"class_list":["post-48155","post","type-post","status-publish","format-standard","has-post-thumbnail","hentry","category-not_mpal"],"aioseo_notices":[],"_links":{"self":[{"href":"https:\/\/www.mpal.mp.br\/index.php?rest_route=\/wp\/v2\/posts\/48155","targetHints":{"allow":["GET"]}}],"collection":[{"href":"https:\/\/www.mpal.mp.br\/index.php?rest_route=\/wp\/v2\/posts"}],"about":[{"href":"https:\/\/www.mpal.mp.br\/index.php?rest_route=\/wp\/v2\/types\/post"}],"author":[{"embeddable":true,"href":"https:\/\/www.mpal.mp.br\/index.php?rest_route=\/wp\/v2\/users\/8"}],"replies":[{"embeddable":true,"href":"https:\/\/www.mpal.mp.br\/index.php?rest_route=%2Fwp%2Fv2%2Fcomments&post=48155"}],"version-history":[{"count":1,"href":"https:\/\/www.mpal.mp.br\/index.php?rest_route=\/wp\/v2\/posts\/48155\/revisions"}],"predecessor-version":[{"id":48157,"href":"https:\/\/www.mpal.mp.br\/index.php?rest_route=\/wp\/v2\/posts\/48155\/revisions\/48157"}],"wp:featuredmedia":[{"embeddable":true,"href":"https:\/\/www.mpal.mp.br\/index.php?rest_route=\/wp\/v2\/media\/48156"}],"wp:attachment":[{"href":"https:\/\/www.mpal.mp.br\/index.php?rest_route=%2Fwp%2Fv2%2Fmedia&parent=48155"}],"wp:term":[{"taxonomy":"category","embeddable":true,"href":"https:\/\/www.mpal.mp.br\/index.php?rest_route=%2Fwp%2Fv2%2Fcategories&post=48155"},{"taxonomy":"post_tag","embeddable":true,"href":"https:\/\/www.mpal.mp.br\/index.php?rest_route=%2Fwp%2Fv2%2Ftags&post=48155"}],"curies":[{"name":"wp","href":"https:\/\/api.w.org\/{rel}","templated":true}]}}