{"id":48135,"date":"2024-10-03T17:53:56","date_gmt":"2024-10-03T20:53:56","guid":{"rendered":"https:\/\/www.mpal.mp.br\/?p=48135"},"modified":"2024-10-03T18:05:53","modified_gmt":"2024-10-03T21:05:53","slug":"apos-atuacao-do-mpal-em-juri-popular-reu-jose-joabil-e-condenado-a-19-anos-por-feminicidio","status":"publish","type":"post","link":"https:\/\/www.mpal.mp.br\/?p=48135","title":{"rendered":"Ap\u00f3s atua\u00e7\u00e3o do MPAL em j\u00fari popular, r\u00e9u Jos\u00e9 Joabil \u00e9 condenado a 19 anos por feminic\u00eddio"},"content":{"rendered":"<p class=\"p3\" style=\"text-align: justify;\"><span class=\"s3\">Foi a atua\u00e7\u00e3o do promotor de Justi\u00e7a Ant\u00f4nio Vilas Boas que levou os jurados a condenarem por feminic\u00eddio, nesta quinta-feira (3), Jos\u00e9 Joabil da Silva a uma pena de 19 anos e tr\u00eas de pris\u00e3o<\/span><span class=\"s3\">. Ele \u00e9 r\u00e9u na a\u00e7\u00e3o penal que vitimou Rafaela Em\u00eddio de Souza, em 16 de maio de 2022, no bairro do Vergel do Lago.<\/span><\/p>\n<p class=\"p3\" style=\"text-align: justify;\"><span class=\"s3\">Durante o julgamento, o Minist\u00e9rio P\u00fablico do Estado de Alagoas (MPAL) pediu a condena\u00e7\u00e3o de Jos\u00e9 Joabil da Silva por homic\u00eddio duplamente qualificado, tendo o crime ocorrido por emprego de meio cruel e por raz\u00f5es da condi\u00e7\u00e3o do sexo feminino da v\u00edtima.<\/span><\/p>\n<p class=\"p3\" style=\"text-align: justify;\"><span class=\"s3\">De acordo com o promotor Ant\u00f4nio Vilas Boas, que atua na 47a Promotoria de Justi\u00e7a (Tribunal do J\u00fari), o laudo cadav\u00e9rico apontou que Rafaela Em\u00eddio de Souza morreu por asfixia por esganadura, o que contrariou a vers\u00e3o dada pelo r\u00e9u quando ele levou a ex-companheira a uma Unidade de Pronto Atendimento para ser socorrida. Aos profissionais da sa\u00fade, ele informou que a v\u00edtima teria ingerido bebida alco\u00f3lica de modo exagerado e, por isso, sofrera um mal s\u00fabito.<\/span><\/p>\n<p class=\"p3\" style=\"text-align: justify;\"><span class=\"s3\">Durante a susten\u00e7\u00e3o oral, Vilas Boas provou que, na madrugada do dia 16 de maio, os vizinhos do casal ouviram gritos de socorro vindos da casa de Rafaela, que vivia um relacionamento conturbado com Jos\u00e9 Joabil. Constam nos autos do processo, inclusive, que Jos\u00e9 Joabil da Silva agredia a v\u00edtima fisicamente.<\/span><\/p>\n<p class=\"p3\" style=\"text-align: justify;\"><span class=\"s3\">\u201cA justi\u00e7a foi feita no dia de hoje. O r\u00e9u vai pagar pelo feminic\u00eddio praticado, tendo que cumprir a pena com restri\u00e7\u00e3o da sua liberdade\u201d, declarou o promotor de Justi\u00e7a Ant\u00f4nio Vilas Boas.<\/span><\/p>\n","protected":false},"excerpt":{"rendered":"<p> [&hellip;]<\/p>\n","protected":false},"author":17,"featured_media":44302,"comment_status":"open","ping_status":"open","sticky":false,"template":"","format":"standard","meta":{"om_disable_all_campaigns":false,"_monsterinsights_skip_tracking":false,"_monsterinsights_sitenote_active":false,"_monsterinsights_sitenote_note":"","_monsterinsights_sitenote_category":0,"_uf_show_specific_survey":0,"_uf_disable_surveys":false,"footnotes":""},"categories":[2],"tags":[],"class_list":["post-48135","post","type-post","status-publish","format-standard","has-post-thumbnail","hentry","category-not_mpal"],"aioseo_notices":[],"_links":{"self":[{"href":"https:\/\/www.mpal.mp.br\/index.php?rest_route=\/wp\/v2\/posts\/48135","targetHints":{"allow":["GET"]}}],"collection":[{"href":"https:\/\/www.mpal.mp.br\/index.php?rest_route=\/wp\/v2\/posts"}],"about":[{"href":"https:\/\/www.mpal.mp.br\/index.php?rest_route=\/wp\/v2\/types\/post"}],"author":[{"embeddable":true,"href":"https:\/\/www.mpal.mp.br\/index.php?rest_route=\/wp\/v2\/users\/17"}],"replies":[{"embeddable":true,"href":"https:\/\/www.mpal.mp.br\/index.php?rest_route=%2Fwp%2Fv2%2Fcomments&post=48135"}],"version-history":[{"count":7,"href":"https:\/\/www.mpal.mp.br\/index.php?rest_route=\/wp\/v2\/posts\/48135\/revisions"}],"predecessor-version":[{"id":48138,"href":"https:\/\/www.mpal.mp.br\/index.php?rest_route=\/wp\/v2\/posts\/48135\/revisions\/48138"}],"wp:featuredmedia":[{"embeddable":true,"href":"https:\/\/www.mpal.mp.br\/index.php?rest_route=\/wp\/v2\/media\/44302"}],"wp:attachment":[{"href":"https:\/\/www.mpal.mp.br\/index.php?rest_route=%2Fwp%2Fv2%2Fmedia&parent=48135"}],"wp:term":[{"taxonomy":"category","embeddable":true,"href":"https:\/\/www.mpal.mp.br\/index.php?rest_route=%2Fwp%2Fv2%2Fcategories&post=48135"},{"taxonomy":"post_tag","embeddable":true,"href":"https:\/\/www.mpal.mp.br\/index.php?rest_route=%2Fwp%2Fv2%2Ftags&post=48135"}],"curies":[{"name":"wp","href":"https:\/\/api.w.org\/{rel}","templated":true}]}}