{"id":48129,"date":"2024-10-03T15:46:11","date_gmt":"2024-10-03T18:46:11","guid":{"rendered":"https:\/\/www.mpal.mp.br\/?p=48129"},"modified":"2024-10-03T15:49:51","modified_gmt":"2024-10-03T18:49:51","slug":"coqueiro-seco-para-garantir-a-ordem-ministerio-publico-eleitoral-reune-coligacoes-e-campanhas-ficam-suspensas-apos-as-19h","status":"publish","type":"post","link":"https:\/\/www.mpal.mp.br\/?p=48129","title":{"rendered":"COQUEIRO SECO: Para garantir a ordem, Minist\u00e9rio P\u00fablico Eleitoral re\u00fane coliga\u00e7\u00f5es e campanhas ficam suspensas ap\u00f3s as 19h"},"content":{"rendered":"<div class=\"fusion-fullwidth fullwidth-box fusion-builder-row-1 nonhundred-percent-fullwidth non-hundred-percent-height-scrolling\"  style='background-color: #ffffff;background-position: center center;background-repeat: no-repeat;padding-top:0px;padding-right:0px;padding-bottom:0px;padding-left:0px;'><div class=\"fusion-builder-row fusion-row \"><div  class=\"fusion-layout-column fusion_builder_column fusion_builder_column_1_1 fusion-builder-column-1 fusion-one-full fusion-column-first fusion-column-last 1_1\"  style='margin-top:0px;margin-bottom:0px;'>\n\t\t\t\t\t<div class=\"fusion-column-wrapper\" style=\"padding: 0px 0px 0px 0px;background-position:left top;background-repeat:no-repeat;-webkit-background-size:cover;-moz-background-size:cover;-o-background-size:cover;background-size:cover;\"   data-bg-url=\"\">\n\t\t\t\t\t\t<div class=\"fusion-text\"><p style=\"text-align: justify;\" align=\"justify\"><span style=\"font-family: helvetica, arial, sans-serif;\">A audi\u00eancia ocorreu nessa quarta-feira (2), no Plen\u00e1rio Vereadora Irinauria Lima dos Santos, na C\u00e2mara de Vereadores de Coqueiro Seco, coordenada pelo promotor de Justi\u00e7a S\u00edlvio Azevedo, com atua\u00e7\u00e3o na 8\u00aa Zona Eleitoral, com a pretens\u00e3o de disciplinar o pleito eleitoral. O Minist\u00e9rio P\u00fablico Eleitoral (MPE) quer a ordem garantida e, para isso, convocou os representantes das coliga\u00e7\u00f5es para assinarem um acordo que determina, a partir da mencionada data at\u00e9 o s\u00e1bado (5), o encerramento de atos de campanhas \u00e0s 19h.<\/span><\/p>\n<p style=\"text-align: justify;\" align=\"justify\"><span style=\"font-family: helvetica, arial, sans-serif;\">S\u00edlvio Azevedo justifica a iniciativa explicando que os adeptos dos partidos vinham se provocando e urgiu, dessa forma, a necessidade de adotarmos provid\u00eancias.<\/span><\/p>\n<p style=\"text-align: justify;\" align=\"justify\"><span style=\"font-family: helvetica, arial, sans-serif;\">\u201cDiante de alguns acontecimentos e de den\u00fancias que nos chegaram, como m\u00e9todo preventivo, achamos por bem limitar o hor\u00e1rio para todas as formas de campanha. Reunimos os candidatos a prefeito e a vice-prefeito e tamb\u00e9m todo os presidentes de coliga\u00e7\u00f5es para esclarecimentos bem como para assinarem um acordo, deixando-os bem conscientes que o descumprimento implicar\u00e1 em puni\u00e7\u00e3o\u201d, declara o promotor.<\/span><\/p>\n<p style=\"text-align: justify;\" align=\"justify\"><span style=\"font-family: helvetica, arial, sans-serif;\">O acordo diz que do dia 2 at\u00e9 o dia 5 de outubro de 2024, ap\u00f3s as 19h, est\u00e3o suspensas as carreatas, os com\u00edcios e buzina\u00e7os, propaganda porta-a-porta e assemelhados. Em caso de descumprimento, todos os candidatos estar\u00e3o sujeitos \u00e0s penalidades do art. 347 do C\u00f3digo Eleitoral.<\/span><\/p>\n<p style=\"text-align: justify;\" align=\"justify\"><span style=\"font-family: helvetica, arial, sans-serif;\">Para uma a\u00e7\u00e3o integrada, a audi\u00eancia contou com a participa\u00e7\u00e3o do delegado da Pol\u00edcia Federal, Ivan Lauzid; do subcomandante do 8\u00ba Batalh\u00e3o de Pol\u00edcia Militar, capit\u00e3o Davi Melo Mota; do delegado de Pol\u00edcia Civil, Valdeks Pereira e tamb\u00e9m de advogados.<\/span><\/p>\n<\/div><style type=\"text\/css\">.fusion-gallery-1 .fusion-gallery-image {border:0px solid #f6f6f6;-webkit-border-radius:5px;-moz-border-radius:5px;border-radius:5px;}<\/style><div class=\"fusion-gallery fusion-gallery-container fusion-grid-3 fusion-columns-total-0 fusion-gallery-layout-grid fusion-gallery-1\" style=\"margin:-5px;\"><div style=\"padding:5px;\" class=\"fusion-grid-column fusion-gallery-column fusion-gallery-column-3 hover-type-none\"><div class=\"fusion-gallery-image\"><a href=\"https:\/\/www.mpal.mp.br\/wp-content\/uploads\/2024\/10\/c-seco.jpg\" rel=\"noreferrer\" data-rel=\"iLightbox[gallery_image_1]\" class=\"fusion-lightbox\" target=\"_self\"><img loading=\"lazy\" decoding=\"async\" src=\"https:\/\/www.mpal.mp.br\/wp-content\/uploads\/2024\/10\/c-seco.jpg\" width=\"964\" height=\"723\" alt=\"\" title=\"c seco\" aria-label=\"c seco\" class=\"img-responsive wp-image-48131\" \/><\/a><\/div><\/div><\/div><div class=\"fusion-clearfix\"><\/div>\n\n\t\t\t\t\t<\/div>\n\t\t\t\t<\/div><\/div><\/div>\n","protected":false},"excerpt":{"rendered":"","protected":false},"author":8,"featured_media":48130,"comment_status":"open","ping_status":"open","sticky":false,"template":"","format":"standard","meta":{"om_disable_all_campaigns":false,"_monsterinsights_skip_tracking":false,"_monsterinsights_sitenote_active":false,"_monsterinsights_sitenote_note":"","_monsterinsights_sitenote_category":0,"_uf_show_specific_survey":0,"_uf_disable_surveys":false,"footnotes":""},"categories":[2],"tags":[],"class_list":["post-48129","post","type-post","status-publish","format-standard","has-post-thumbnail","hentry","category-not_mpal"],"aioseo_notices":[],"_links":{"self":[{"href":"https:\/\/www.mpal.mp.br\/index.php?rest_route=\/wp\/v2\/posts\/48129","targetHints":{"allow":["GET"]}}],"collection":[{"href":"https:\/\/www.mpal.mp.br\/index.php?rest_route=\/wp\/v2\/posts"}],"about":[{"href":"https:\/\/www.mpal.mp.br\/index.php?rest_route=\/wp\/v2\/types\/post"}],"author":[{"embeddable":true,"href":"https:\/\/www.mpal.mp.br\/index.php?rest_route=\/wp\/v2\/users\/8"}],"replies":[{"embeddable":true,"href":"https:\/\/www.mpal.mp.br\/index.php?rest_route=%2Fwp%2Fv2%2Fcomments&post=48129"}],"version-history":[{"count":1,"href":"https:\/\/www.mpal.mp.br\/index.php?rest_route=\/wp\/v2\/posts\/48129\/revisions"}],"predecessor-version":[{"id":48132,"href":"https:\/\/www.mpal.mp.br\/index.php?rest_route=\/wp\/v2\/posts\/48129\/revisions\/48132"}],"wp:featuredmedia":[{"embeddable":true,"href":"https:\/\/www.mpal.mp.br\/index.php?rest_route=\/wp\/v2\/media\/48130"}],"wp:attachment":[{"href":"https:\/\/www.mpal.mp.br\/index.php?rest_route=%2Fwp%2Fv2%2Fmedia&parent=48129"}],"wp:term":[{"taxonomy":"category","embeddable":true,"href":"https:\/\/www.mpal.mp.br\/index.php?rest_route=%2Fwp%2Fv2%2Fcategories&post=48129"},{"taxonomy":"post_tag","embeddable":true,"href":"https:\/\/www.mpal.mp.br\/index.php?rest_route=%2Fwp%2Fv2%2Ftags&post=48129"}],"curies":[{"name":"wp","href":"https:\/\/api.w.org\/{rel}","templated":true}]}}