{"id":4811,"date":"2018-08-01T10:29:59","date_gmt":"2018-08-01T13:29:59","guid":{"rendered":"https:\/\/www.mpal.mp.br\/?p=4811"},"modified":"2023-04-19T09:09:44","modified_gmt":"2023-04-19T12:09:44","slug":"projeto-abuso-sexual-notificar-e-preciso","status":"publish","type":"post","link":"https:\/\/www.mpal.mp.br\/?p=4811","title":{"rendered":"Projeto &#8211; Abuso Sexual: Notificar \u00e9 preciso"},"content":{"rendered":"<p><div class=\"fusion-fullwidth fullwidth-box fusion-builder-row-1 nonhundred-percent-fullwidth non-hundred-percent-height-scrolling\"  style='background-color: #ffffff;background-position: center center;background-repeat: no-repeat;padding-top:0px;padding-right:0px;padding-bottom:0px;padding-left:0px;'><div class=\"fusion-builder-row fusion-row \"><div  class=\"fusion-layout-column fusion_builder_column fusion_builder_column_1_1 fusion-builder-column-1 fusion-one-full fusion-column-first fusion-column-last 1_1\"  style='margin-top:0px;margin-bottom:20px;'>\n\t\t\t\t\t<div class=\"fusion-column-wrapper\" style=\"padding: 0px 0px 0px 0px;background-position:left top;background-repeat:no-repeat;-webkit-background-size:cover;-moz-background-size:cover;-o-background-size:cover;background-size:cover;\"   data-bg-url=\"\">\n\t\t\t\t\t\t<div class=\"fusion-text\"><div class=\"wpb_text_column wpb_content_element \" data-raofz=\"14\">\n<div id=\"ct_86stlyctqtlscocy50gx\" class=\"wpb_wrapper\" data-raofz=\"14\">\n<p data-raofz=\"14\"><span style=\"font-size: 14pt;\" data-raofz=\"18\"><strong>ANO &#8211; 2018<\/strong><\/span><\/p>\n<p data-raofz=\"14\"><span style=\"font-size: 14pt;\">Vincula\u00e7\u00e3o Estrat\u00e9gica \u2013 PE 2011-2022 MPAL<\/span><\/p>\n<p data-raofz=\"14\"><span style=\"font-size: 14pt;\" data-raofz=\"18\"><strong>PLANO ESTRAT\u00c9GICO 2011-2022<\/strong><\/span><\/p>\n<p data-raofz=\"14\"><span style=\"font-size: 14pt;\"><strong>Objetivo Geral<\/strong><\/span><\/p>\n<p style=\"text-align: justify;\" data-raofz=\"14\"><span style=\"font-size: 14pt;\">Capacitar, orientar e informar profissionais da sa\u00fade e educa\u00e7\u00e3o no trato com a crian\u00e7a e o adolescente em situa\u00e7\u00e3o de vulnerabilidade diante do abuso sexual para que notifiquem os \u00f3rg\u00e3os respons\u00e1veis sobre a ocorr\u00eancia de crime, contribuindo no combate a criminalidade e na preven\u00e7\u00e3o em defesa dos vulner\u00e1veis. Criar formul\u00e1rios e documentos aptos a ades\u00e3o de outras Promotoria de Justi\u00e7a.<\/span><\/p>\n<p style=\"text-align: center;\" data-raofz=\"14\"><span style=\"font-size: 14pt;\" data-raofz=\"18\"><strong>OBJETIVOS ESPEC\u00cdFICOS<\/strong><\/span><\/p>\n<ul>\n<li style=\"text-align: justify;\" data-raofz=\"14\"><span style=\"font-size: 14pt;\"> Melhorar a maneira de combater a viol\u00eancia sexual contra crian\u00e7as e adolescentes<\/span><\/li>\n<li style=\"text-align: justify;\" data-raofz=\"14\"><span style=\"font-size: 14pt;\">Colher das institui\u00e7\u00f5es de sa\u00fade e educa\u00e7\u00e3o dados referentes \u00e0 ocorr\u00eancia de gravidez e nascimentos envolvendo m\u00e3es com idades entre 10 e 14 anos<\/span><\/li>\n<li style=\"text-align: justify;\" data-raofz=\"14\"><span style=\"font-size: 14pt;\">Capacitar profissionais da sa\u00fade e educa\u00e7\u00e3o<\/span><\/li>\n<li style=\"text-align: justify;\" data-raofz=\"14\"><span style=\"font-size: 14pt;\">Facilitar, atrav\u00e9s da cria\u00e7\u00e3o de protocolos, formul\u00e1rios e recomenda\u00e7\u00f5es a comunica\u00e7\u00e3o dos casos de estupro de vulner\u00e1vel<\/span><\/li>\n<li style=\"text-align: justify;\" data-raofz=\"14\"><span style=\"font-size: 14pt;\">Sensibilizar a popula\u00e7\u00e3o e a comunidade a ter um olhar protetor aos vulner\u00e1veis<\/span><\/li>\n<\/ul>\n<p style=\"text-align: center;\"><span style=\"font-size: 14pt;\"><strong>INDICADORES<\/strong><\/span><\/p>\n<table style=\"width: 100%; height: 172px;\" border=\"1\">\n<tbody>\n<tr style=\"background-color: #d5eff7;\">\n<td style=\"text-align: center; height: 28px; width: 19.523%;\"><span style=\"font-size: 12pt;\"><strong>Indicadores de esfor\u00e7o\u00a0<\/strong><\/span><\/td>\n<td style=\"text-align: center; height: 28px; width: 66.1661%;\"><span style=\"font-size: 12pt;\"><strong>Descri\u00e7\u00e3o<\/strong><\/span><\/td>\n<td style=\"text-align: center; height: 28px; width: 13.4276%;\"><span style=\"font-size: 12pt;\"><strong>Meta<\/strong><\/span><\/td>\n<\/tr>\n<tr style=\"height: 88px;\">\n<td style=\"height: 88px; width: 19.523%; text-align: left;\">\n<p data-raofz=\"14\"><span style=\"font-size: 12pt;\">OF\u00cdCIOS<\/span><\/p>\n<\/td>\n<td style=\"height: 88px; width: 66.1661%; text-align: left;\"><span style=\"font-size: 12pt;\">Mede o n\u00famero de of\u00edcios enviados para coleta de<br \/>\ninforma\u00e7\u00f5es, convites para reuni\u00f5es e apura\u00e7\u00e3o de detalhes importantes ao desenvolver das atividades<\/span><\/td>\n<td style=\"height: 88px; width: 13.4276%; text-align: center;\"><span style=\"font-size: 12pt;\">100 of\u00edcios<\/span><\/td>\n<\/tr>\n<tr style=\"height: 56px;\">\n<td style=\"height: 56px; width: 19.523%; text-align: left;\"><span style=\"font-size: 12pt;\">PALESTRAS<\/span><\/td>\n<td style=\"height: 56px; width: 66.1661%; text-align: left;\"><span style=\"font-size: 12pt;\">Mede o n\u00famero de palestras desenvolvidas in loco para<br \/>\nalcance da finalidade principal do Projeto, de orienta\u00e7\u00e3o e repasse de informa\u00e7\u00f5es aos profissionais de sa\u00fade<\/span><\/td>\n<td style=\"height: 56px; width: 13.4276%; text-align: center;\"><span style=\"font-size: 12pt;\">50 palestras<\/span><\/td>\n<\/tr>\n<tr style=\"height: 56px;\">\n<td style=\"height: 56px; width: 19.523%; text-align: left;\"><span style=\"font-size: 12pt;\">REUNI\u00d5ES<\/span><\/td>\n<td style=\"height: 56px; width: 66.1661%; text-align: left;\"><span style=\"font-size: 12pt;\">Mede o n\u00famero de reuni\u00f5es realizadas para coleta de<br \/>\ndados, informa\u00e7\u00f5es e organiza\u00e7\u00e3o das atividades e cronograma do Projeto<\/span><\/td>\n<td style=\"height: 56px; width: 13.4276%; text-align: center;\"><span style=\"font-size: 12pt;\">5 reuni\u00f5es<\/span><\/td>\n<\/tr>\n<tr style=\"height: 56px;\">\n<td style=\"height: 56px; width: 19.523%; text-align: left;\"><span style=\"font-size: 12pt;\">CAMPANHA MIDI\u00c1TICA<\/span><\/td>\n<td style=\"height: 56px; width: 66.1661%; text-align: left;\"><span style=\"font-size: 12pt;\">Aferir a realiza\u00e7\u00e3o de campanha para veicula\u00e7\u00e3o<br \/>\nda preven\u00e7\u00e3o e incentivo \u00e0 comunica\u00e7\u00e3o de crime contra crian\u00e7a e adolescente \u00e0 popula\u00e7\u00e3o em geral atrav\u00e9s da m\u00eddia. <\/span><\/td>\n<td style=\"height: 56px; width: 13.4276%; text-align: center;\"><span style=\"font-size: 12pt;\">2 campanhas (outubro 2018 e outubro 2019<\/span><\/td>\n<\/tr>\n<tr style=\"height: 56px;\">\n<td style=\"height: 56px; width: 19.523%; text-align: left;\"><span style=\"font-size: 12pt;\">VISITAS <\/span><\/td>\n<td style=\"height: 56px; width: 66.1661%; text-align: left;\"><span style=\"font-size: 12pt;\">Mede a realiza\u00e7\u00e3o de visitas para verifica\u00e7\u00e3o da situa\u00e7\u00e3o atual dos hospitais quanto a organiza\u00e7\u00e3o e protocolos de comunica\u00e7\u00e3o da ocorr\u00eancia de crimes. Verifica\u00e7\u00e3o nos conselhos de medicina, psicologia e enfermagem, bem como hospitais da atualiza\u00e7\u00e3o dos profissionais e apura\u00e7\u00e3o de omiss\u00e3o.<\/span><\/td>\n<td style=\"height: 56px; width: 13.4276%; text-align: center;\"><span style=\"font-size: 12pt;\">50 visitas<\/span><\/td>\n<\/tr>\n<tr style=\"height: 56px;\">\n<td style=\"height: 56px; width: 19.523%; text-align: left;\"><span style=\"font-size: 12pt;\">SEMIN\u00c1RIO<\/span><\/td>\n<td style=\"height: 56px; width: 66.1661%; text-align: left;\"><span style=\"font-size: 12pt;\">Aferi\u00e7\u00e3o da realiza\u00e7\u00e3o de semin\u00e1rio para verifica\u00e7\u00e3o<br \/>\ndos resultados obtidos e atividades realizadas ao longo do projeto, para exposi\u00e7\u00e3o aos interessados e propaga\u00e7\u00e3o da import\u00e2ncia.<\/span><\/td>\n<td style=\"height: 56px; width: 13.4276%; text-align: center;\"><span style=\"font-size: 12pt;\">1 semin\u00e1rio<\/span><\/td>\n<\/tr>\n<tr style=\"height: 56px;\">\n<td style=\"height: 56px; width: 19.523%; text-align: left;\"><span style=\"font-size: 12pt;\">KIT DIGITAL<\/span><\/td>\n<td style=\"height: 56px; width: 66.1661%; text-align: left;\"><span style=\"font-size: 12pt;\">Mede o trabalho documental elaborado durante o Projeto.<\/span><\/td>\n<td style=\"height: 56px; width: 13.4276%; text-align: center;\"><span style=\"font-size: 12pt;\">2 kit digital<\/span><\/td>\n<\/tr>\n<\/tbody>\n<\/table>\n<p style=\"text-align: center;\"><span style=\"font-size: 14pt;\"><strong>INDICADOR DE RESULTADO<\/strong><\/span><\/p>\n<table border=\"1\">\n<tbody>\n<tr style=\"background-color: #d5eff7;\">\n<td style=\"text-align: center;\"><span style=\"font-size: 12pt;\"><strong>Indicadores de esfor\u00e7o\u00a0<\/strong><\/span><\/td>\n<td style=\"text-align: center;\"><span style=\"font-size: 12pt;\"><strong>Descri\u00e7\u00e3o<\/strong><\/span><\/td>\n<td style=\"text-align: center;\"><span style=\"font-size: 12pt;\"><strong>Meta<\/strong><\/span><\/td>\n<\/tr>\n<tr>\n<td style=\"text-align: left;\"><span style=\"font-size: 12pt;\">Efetiva presta\u00e7\u00e3o de informa\u00e7\u00f5es e notifica\u00e7\u00f5es dos casos de gravidez em menores de 14 anos por parte das institui\u00e7\u00f5es de sa\u00fade e educa\u00e7\u00e3o<\/span><\/td>\n<td style=\"text-align: left;\"><span style=\"font-size: 12pt;\">Informados e orientados sobre a obrigatoriedade da notifica\u00e7\u00e3o e repasse de informa\u00e7\u00f5es aos \u00f3rg\u00e3os respons\u00e1veis como Conselho Tutelar, Minist\u00e9rio P\u00fablico e Delegacias, as institui\u00e7\u00f5es de sa\u00fade e educa\u00e7\u00e3o dever\u00e3o notificar<br \/>\ncompulsoriamente os casos de estupro de vulner\u00e1vel, para efetivo combate a este crime.<\/span><\/td>\n<td style=\"text-align: center;\"><span style=\"font-size: 12pt;\">Os Hospitais e escolas participantes, cujo n\u00famero ainda \u00e9 indeterminado, devem adotar formul\u00e1rios e protocolos de notifica\u00e7\u00e3o dos casos de estupro de vulner\u00e1vel. Ap\u00f3s r\u00e1pido levantamento verifica-se que apenas 1 Hospital de Macei\u00f3 realiza essa notifica\u00e7\u00e3o, o objetivo do Projeto \u00e9 que 100% dos Hospitais fa\u00e7am essa comunica\u00e7\u00e3o.<\/span><\/td>\n<\/tr>\n<\/tbody>\n<\/table>\n<p data-raofz=\"14\"><span data-raofz=\"18\"><strong>Prazo de execu\u00e7\u00e3o: <\/strong><\/span><span data-raofz=\"18\">14 meses<\/span><\/p>\n<p style=\"text-align: justify;\" data-raofz=\"14\"><sub><strong>Fonte:<\/strong> Escrit\u00f3rios de Projetos \u2013 Asplage<\/sub><\/p>\n<\/div>\n<\/div>\n<\/div><div class=\"fusion-builder-row fusion-builder-row-inner fusion-row \"><div  class=\"fusion-layout-column fusion_builder_column fusion_builder_column_1_2  fusion-one-half fusion-column-first 1_2\"  style='margin-top: 30px;margin-bottom: 20px;width:50%;width:calc(50% - ( ( 4% ) * 0.5 ) );margin-right:4%;'><div class=\"fusion-column-wrapper fusion-column-wrapper-1\" style=\"padding: 0px 0px 0px 0px;background-position:left top;background-repeat:no-repeat;-webkit-background-size:cover;-moz-background-size:cover;-o-background-size:cover;background-size:cover;\"  data-bg-url=\"\"><style type=\"text\/css\"><\/style><div class=\"fusion-title title fusion-title-1 fusion-title-center fusion-title-text fusion-title-size-two\" style=\"margin-top:0px;margin-bottom:31px;\"><div class=\"title-sep-container title-sep-container-left\"><div class=\"title-sep sep-double sep-solid\" style=\"border-color:#e0dede;\"><\/div><\/div><h2 class=\"title-heading-center\" style=\"margin:0;\">RESPONS\u00c1VEIS<\/h2><div class=\"title-sep-container title-sep-container-right\"><div class=\"title-sep sep-double sep-solid\" style=\"border-color:#e0dede;\"><\/div><\/div><\/div><div class=\"fusion-text\"><p style=\"text-align: center;\"><span style=\"font-size: 14pt; color: #003866;\" data-raofz=\"14\">Dr. Lucas Sachsida Junqueira Carneiro<\/span><\/p>\n<p style=\"text-align: center;\"><span style=\"font-size: 14pt; color: #003866;\" data-raofz=\"14\">Dra. Dalva Vanderlei Ten\u00f3rio<\/span><\/p>\n<p style=\"text-align: center;\"><span style=\"font-size: 14pt; color: #003866;\" data-raofz=\"14\">Carla Giovanna Almeida Moura<\/span><\/p>\n<\/div><\/div><\/div><div  class=\"fusion-layout-column fusion_builder_column fusion_builder_column_1_2  fusion-one-half fusion-column-last 1_2\"  style='margin-top: 30px;margin-bottom: 20px;width:50%;width:calc(50% - ( ( 4% ) * 0.5 ) );'><div class=\"fusion-column-wrapper fusion-column-wrapper-2\" style=\"padding: 0px 0px 0px 0px;background-position:left top;background-repeat:no-repeat;-webkit-background-size:cover;-moz-background-size:cover;-o-background-size:cover;background-size:cover;\"  data-bg-url=\"\"><style type=\"text\/css\"><\/style><div class=\"fusion-title title fusion-title-2 fusion-title-center fusion-title-text fusion-title-size-two\" style=\"margin-top:0px;margin-bottom:31px;\"><div class=\"title-sep-container title-sep-container-left\"><div class=\"title-sep sep-double sep-solid\" style=\"border-color:#e0dede;\"><\/div><\/div><h2 class=\"title-heading-center\" style=\"margin:0;\">CONTATOS<\/h2><div class=\"title-sep-container title-sep-container-right\"><div class=\"title-sep sep-double sep-solid\" style=\"border-color:#e0dede;\"><\/div><\/div><\/div><div class=\"fusion-text\"><p style=\"text-align: center;\"><span style=\"font-size: 14pt; color: #003866;\" data-raofz=\"14\">(82) 2122-3514<\/span><\/p>\n<p style=\"text-align: center;\"><span style=\"font-size: 14pt; color: #003866;\" data-raofz=\"14\">lucas.carneiro@mpal.mp.br<\/span><\/p>\n<\/div><\/div><\/div><\/div><div class=\"fusion-sep-clear\"><\/div><div class=\"fusion-separator fusion-full-width-sep sep-none\" style=\"margin-left: auto;margin-right: auto;margin-top:10px;\"><\/div><style type=\"text\/css\"><\/style><div class=\"fusion-title title fusion-title-3 fusion-title-text fusion-title-size-three\" style=\"margin-top:40px;margin-bottom:31px;\"><h3 class=\"title-heading-left\" style=\"margin:0;color:#ffffff;\"><strong><span style=\"font-size: 14pt; color: #003866;\">Anexos<\/span><\/strong><\/h3><div class=\"title-sep-container\"><div class=\"title-sep sep-double sep-solid\" style=\"border-color:#003866;\"><\/div><\/div><\/div><div class=\"fusion-text\"><p><span style=\"font-size: 14pt;\"><i class=\"fontawesome-icon fa-file-pdf fas circle-no\" style=\"font-size:18px;margin-right:9px;color:#003866;\"><\/i><a href=\"https:\/\/www.mpal.mp.br\/wp-content\/uploads\/2018\/08\/Relatorio-Final-Projeto-Abuso-Sexual-Notificar.pdf\" target=\"_blank\" rel=\"noopener\">Relat\u00f3rio Final &#8211; Abuso Sexual: Notificar \u00e9 preciso<\/a><\/span><\/p>\n<p><span style=\"font-size: 14pt;\"><i class=\"fontawesome-icon fa-file-pdf fas circle-no\" style=\"font-size:18px;margin-right:9px;color:#003866;\"><\/i><a href=\"https:\/\/www.mpal.mp.br\/wp-content\/uploads\/2022\/04\/Projeto-Abuso-Sexual-Notificar-e-Preciso.pdf\" target=\"_blank\" rel=\"noopener\">Projeto &#8211; Abuso Sexual: Notificar \u00e9 preciso<\/a><\/span><\/p>\n<\/div><div class=\"fusion-clearfix\"><\/div>\n\n\t\t\t\t\t<\/div>\n\t\t\t\t<\/div><\/div><\/div><div class=\"fusion-fullwidth fullwidth-box fusion-builder-row-2 nonhundred-percent-fullwidth non-hundred-percent-height-scrolling\"  style='background-color: #ffffff;background-position: center center;background-repeat: no-repeat;padding-top:0px;padding-right:0px;padding-bottom:0px;padding-left:0px;'><div class=\"fusion-builder-row fusion-row \"><div  class=\"fusion-layout-column fusion_builder_column fusion_builder_column_1_1 fusion-builder-column-2 fusion-one-full fusion-column-first fusion-column-last 1_1\"  style='margin-top:0px;margin-bottom:20px;'>\n\t\t\t\t\t<div class=\"fusion-column-wrapper\" style=\"padding: 0px 0px 0px 0px;background-position:left top;background-repeat:no-repeat;-webkit-background-size:cover;-moz-background-size:cover;-o-background-size:cover;background-size:cover;\"   data-bg-url=\"\">\n\t\t\t\t\t\t<style type=\"text\/css\"><\/style><div class=\"fusion-title title fusion-title-4 fusion-title-center fusion-title-text fusion-title-size-three\" style=\"margin-top:40px;margin-bottom:31px;\"><div class=\"title-sep-container title-sep-container-left\"><div class=\"title-sep sep-double sep-solid\" style=\"border-color:#003866;\"><\/div><\/div><h3 class=\"title-heading-center\" style=\"margin:0;color:#ffffff;\"><span style=\"color: #808080;\"><strong><span style=\"font-size: 14pt;\">\u00daltimos Projetos<\/span><\/strong><\/span><\/h3><div class=\"title-sep-container title-sep-container-right\"><div class=\"title-sep sep-double sep-solid\" style=\"border-color:#003866;\"><\/div><\/div><\/div><div class=\"fusion-recent-posts fusion-recent-posts-1 avada-container layout-default layout-columns-1\"><section class=\"fusion-columns columns fusion-columns-1 columns-1\"><article class=\"post fusion-column column col col-lg-12 col-md-12 col-sm-12\"><div class=\"recent-posts-content\"><span class=\"vcard\" style=\"display: none;\"><span class=\"fn\"><a href=\"https:\/\/www.mpal.mp.br\/?author=2\" title=\"Posts de Administrador03\" rel=\"author\">Administrador03<\/a><\/span><\/span><span class=\"updated\" style=\"display:none;\">2025-09-10T10:10:39-03:00<\/span><h4 class=\"entry-title\"><a href=\"https:\/\/www.mpal.mp.br\/?p=60868\">Projeto &#8211; PM: Quero Paz!<\/a><\/h4><\/div><\/article><article class=\"post fusion-column column col col-lg-12 col-md-12 col-sm-12\"><div class=\"recent-posts-content\"><span class=\"vcard\" style=\"display: none;\"><span class=\"fn\"><a href=\"https:\/\/www.mpal.mp.br\/?author=2\" title=\"Posts de Administrador03\" rel=\"author\">Administrador03<\/a><\/span><\/span><span class=\"updated\" style=\"display:none;\">2025-09-10T08:45:48-03:00<\/span><h4 class=\"entry-title\"><a href=\"https:\/\/www.mpal.mp.br\/?p=60799\">Projeto &#8211; Acolher para Proteger<\/a><\/h4><\/div><\/article><article class=\"post fusion-column column col col-lg-12 col-md-12 col-sm-12\"><div class=\"recent-posts-content\"><span class=\"vcard\" style=\"display: none;\"><span class=\"fn\"><a href=\"https:\/\/www.mpal.mp.br\/?author=2\" title=\"Posts de Administrador03\" rel=\"author\">Administrador03<\/a><\/span><\/span><span class=\"updated\" style=\"display:none;\">2025-09-11T10:08:18-03:00<\/span><h4 class=\"entry-title\"><a href=\"https:\/\/www.mpal.mp.br\/?p=60949\">Projeto &#8211; O Futuro \u00e9 agora &#8211; MPAL na luta contra a fome<\/a><\/h4><\/div><\/article><article class=\"post fusion-column column col col-lg-12 col-md-12 col-sm-12\"><div class=\"recent-posts-content\"><span class=\"vcard\" style=\"display: none;\"><span class=\"fn\"><a href=\"https:\/\/www.mpal.mp.br\/?author=2\" title=\"Posts de Administrador03\" rel=\"author\">Administrador03<\/a><\/span><\/span><span class=\"updated\" style=\"display:none;\">2025-09-10T09:53:04-03:00<\/span><h4 class=\"entry-title\"><a href=\"https:\/\/www.mpal.mp.br\/?p=60854\">Projeto &#8211; O Fomento do terceiro<\/a><\/h4><\/div><\/article><article class=\"post fusion-column column col col-lg-12 col-md-12 col-sm-12\"><div class=\"recent-posts-content\"><span class=\"vcard\" style=\"display: none;\"><span class=\"fn\"><a href=\"https:\/\/www.mpal.mp.br\/?author=2\" title=\"Posts de Administrador03\" rel=\"author\">Administrador03<\/a><\/span><\/span><span class=\"updated\" style=\"display:none;\">2025-09-10T09:45:49-03:00<\/span><h4 class=\"entry-title\"><a href=\"https:\/\/www.mpal.mp.br\/?p=60846\">Projeto &#8211; Nossa Educa\u00e7\u00e3o daria um Livro<\/a><\/h4><\/div><\/article><article class=\"post fusion-column column col col-lg-12 col-md-12 col-sm-12\"><div class=\"recent-posts-content\"><span class=\"vcard\" style=\"display: none;\"><span class=\"fn\"><a href=\"https:\/\/www.mpal.mp.br\/?author=2\" title=\"Posts de Administrador03\" rel=\"author\">Administrador03<\/a><\/span><\/span><span class=\"updated\" style=\"display:none;\">2025-09-10T08:56:41-03:00<\/span><h4 class=\"entry-title\"><a href=\"https:\/\/www.mpal.mp.br\/?p=60806\">Projeto &#8211; Educar e Proteger<\/a><\/h4><\/div><\/article><\/section><\/div><div class=\"fusion-clearfix\"><\/div>\n\n\t\t\t\t\t<\/div>\n\t\t\t\t<\/div><\/div><\/div><\/p>\n","protected":false},"excerpt":{"rendered":"","protected":false},"author":2,"featured_media":4812,"comment_status":"open","ping_status":"open","sticky":false,"template":"","format":"standard","meta":{"om_disable_all_campaigns":false,"_monsterinsights_skip_tracking":false,"_monsterinsights_sitenote_active":false,"_monsterinsights_sitenote_note":"","_monsterinsights_sitenote_category":0,"_uf_show_specific_survey":0,"_uf_disable_surveys":false,"footnotes":""},"categories":[28],"tags":[],"class_list":["post-4811","post","type-post","status-publish","format-standard","has-post-thumbnail","hentry","category-projetos"],"aioseo_notices":[],"_links":{"self":[{"href":"https:\/\/www.mpal.mp.br\/index.php?rest_route=\/wp\/v2\/posts\/4811","targetHints":{"allow":["GET"]}}],"collection":[{"href":"https:\/\/www.mpal.mp.br\/index.php?rest_route=\/wp\/v2\/posts"}],"about":[{"href":"https:\/\/www.mpal.mp.br\/index.php?rest_route=\/wp\/v2\/types\/post"}],"author":[{"embeddable":true,"href":"https:\/\/www.mpal.mp.br\/index.php?rest_route=\/wp\/v2\/users\/2"}],"replies":[{"embeddable":true,"href":"https:\/\/www.mpal.mp.br\/index.php?rest_route=%2Fwp%2Fv2%2Fcomments&post=4811"}],"version-history":[{"count":4,"href":"https:\/\/www.mpal.mp.br\/index.php?rest_route=\/wp\/v2\/posts\/4811\/revisions"}],"predecessor-version":[{"id":25199,"href":"https:\/\/www.mpal.mp.br\/index.php?rest_route=\/wp\/v2\/posts\/4811\/revisions\/25199"}],"wp:featuredmedia":[{"embeddable":true,"href":"https:\/\/www.mpal.mp.br\/index.php?rest_route=\/wp\/v2\/media\/4812"}],"wp:attachment":[{"href":"https:\/\/www.mpal.mp.br\/index.php?rest_route=%2Fwp%2Fv2%2Fmedia&parent=4811"}],"wp:term":[{"taxonomy":"category","embeddable":true,"href":"https:\/\/www.mpal.mp.br\/index.php?rest_route=%2Fwp%2Fv2%2Fcategories&post=4811"},{"taxonomy":"post_tag","embeddable":true,"href":"https:\/\/www.mpal.mp.br\/index.php?rest_route=%2Fwp%2Fv2%2Ftags&post=4811"}],"curies":[{"name":"wp","href":"https:\/\/api.w.org\/{rel}","templated":true}]}}