{"id":48021,"date":"2024-10-02T16:51:47","date_gmt":"2024-10-02T19:51:47","guid":{"rendered":"https:\/\/www.mpal.mp.br\/?p=48021"},"modified":"2024-10-02T16:54:24","modified_gmt":"2024-10-02T19:54:24","slug":"ministerio-publico-solicita-de-estado-e-municipio-assistencia-eficaz-nas-demandas-da-populacao-lgbtqiapn-e-inclusao-do-publico-nas-campanhas-institucionais","status":"publish","type":"post","link":"https:\/\/www.mpal.mp.br\/?p=48021","title":{"rendered":"Minist\u00e9rio P\u00fablico solicita de Estado e Munic\u00edpio assist\u00eancia eficaz nas demandas da popula\u00e7\u00e3o LGBTQIAPN+ e inclus\u00e3o do p\u00fablico nas campanhas institucionais"},"content":{"rendered":"<p class=\"western\" align=\"justify\"><span style=\"font-family: helvetica, arial, sans-serif;\">Para garantir os direitos constitu\u00eddos \u00e0 popula\u00e7\u00e3o LGBTQIAPN+, o Minist\u00e9rio P\u00fablico de Alagoas (MPAL) tem calend\u00e1rio permanente de a\u00e7\u00f5es. Recentemente, representado pelas Promotorias de Direitos Humanos e da Sa\u00fade, tendo respectivamente como titulares as promotoras de Justi\u00e7a Alexandra Beurlen e Micheline Ten\u00f3rio, coordenou reuni\u00e3o para discutir assist\u00eancia eficaz e de qualidade pelos \u00f3rg\u00e3os da Sa\u00fade do Estado e do Munic\u00edpio de Macei\u00f3 ao mencionado p\u00fablico, inclus\u00e3o da tem\u00e1tica de forma transversal em suas campanhas, realiza\u00e7\u00e3o de mastectomias masculinizadoras e atendimentos ambulatoriais espec\u00edficos. Nesse sentido, o MP\/AL tamb\u00e9m adaptar\u00e1 suas campanhas para melhor tratar do direito \u00e0 sa\u00fade das pessoas LGBTQIAPN+. Conclu\u00eddos os debates foram definidas algumas iniciativas consideradas indispens\u00e1veis.<\/span><\/p>\n<p class=\"western\" align=\"justify\"><span style=\"font-family: helvetica, arial, sans-serif;\">Dos procedimentos adotados foi solicitado \u00e0 Secretaria Municipal de Sa\u00fade (SMS) a indica\u00e7\u00e3o de um titular e um suplente para participar das reuni\u00f5es do Conselho <span style=\"color: #1f1f1f;\"><span style=\"font-size: medium;\">Municipal dos Direitos e Cidadania LGBT de Macei\u00f3<\/span><\/span> (CMDCLGBTI+), a cada terceira quarta-feira de cada m\u00eas, \u00e0s 9h, na sede do audit\u00f3rio da Prefeitura de Macei\u00f3. Outro ponto importante diz respeito \u00e0 representa\u00e7\u00e3o do \u00f3rg\u00e3o no Comit\u00ea T\u00e9cnico de Aten\u00e7\u00e3o Integral \u00e0 Sa\u00fade da Popula\u00e7\u00e3o LGBT do estado de Alagoas, cujas reuni\u00f5es ocorrem \u00e0s segundas ter\u00e7as-feiras de cada m\u00eas, \u00e0s 14h, na Secretaria de Estado da Sa\u00fade (Sesau), na ger\u00eancia de aten\u00e7\u00e3o prim\u00e1ria, no anexo 2.<\/span><\/p>\n<p class=\"western\" align=\"justify\"><span style=\"font-family: helvetica, arial, sans-serif;\">Outro ponto considerado importante na pauta tratou da inefici\u00eancia do atendimento \u00e0 popula\u00e7\u00e3o LGBTQIAPN+ no tocante \u00e0 lentid\u00e3o entre o agendamento (depois do teste r\u00e1pido) e reagendamento de consultas, no Bloco I, do PAN Salgadinho, pois segundo relatos o paciente chega a esperar, em m\u00e9dia, at\u00e9 90 dias, o que para as promotoras de Justi\u00e7a \u00e9 inconceb\u00edvel e desrespeitoso. Para al\u00e9m, recomendou-se \u00e0 Secretaria Municipal de Sa\u00fade que promova a capacita\u00e7\u00e3o dos profissionais nos hor\u00e1rios de trabalho, bem como o envolvimento do Conselho nas discuss\u00f5es sobre as pr\u00e1ticas e fun\u00e7\u00f5es e a abertura de di\u00e1logo com a sociedade civil para que fique a par e entenda as suas necessidades mais diretas.<\/span><\/p>\n<p class=\"western\" align=\"justify\"><span style=\"font-family: helvetica, arial, sans-serif;\">Al\u00e9m disso, para n\u00e3o haver equ\u00edvocos e garantir que as comunica\u00e7\u00f5es sejam feitas de forma clara, entre o poder p\u00fablico e a referida popula\u00e7\u00e3o, tamb\u00e9m foi acordado que todos os contatos com o Conselho sejam formalmente atrav\u00e9s do e-mail (<span style=\"color: #000080;\"><span lang=\"zxx\"><u><a href=\"mailto:conselholgbtmaceio@hotmail.com\">conselholgbtmaceio@hotmail.com<\/a><\/u><\/span><\/span>). J\u00e1 sobre as campanhas recomendadas \u00e0s secretarias Municipal e Estadual de Sa\u00fade, o Minist\u00e9rio P\u00fablico quer aten\u00e7\u00e3o especial e inser\u00e7\u00e3o da tem\u00e1tica LGBTQIAPN+ j\u00e1 no outubro rosa de 2024, m\u00eas de preven\u00e7\u00e3o ao c\u00e2ncer de mama, com foco nas pessoas trans. De igual forma no novembro azul <span style=\"color: #001c3b;\"><span style=\"font-size: medium;\">que trata da preven\u00e7\u00e3o e do diagn\u00f3stico precoce do c\u00e2ncer de pr\u00f3stata,<\/span><\/span> e no dezembro vermelho, <span style=\"color: #040c28;\"><span style=\"font-size: medium;\">m\u00eas de intensa mobiliza\u00e7\u00e3o nacional na luta contra o v\u00edrus HIV, a Aids e outras Infec\u00e7\u00f5es Sexualmente Transmiss\u00edveis (IST).<\/span><\/span><\/span><\/p>\n<p class=\"western\" align=\"justify\"><span style=\"font-family: helvetica, arial, sans-serif;\"><b>Procedimentos cir\u00fargicos<\/b><\/span><\/p>\n<p class=\"western\" align=\"justify\"><span style=\"font-family: helvetica, arial, sans-serif;\">Outra queixa frequente e mais uma vez debatida diz respeito \u00e0 realiza\u00e7\u00e3o de mastectomias masculinizadoras, ou seja, <span style=\"color: #001d35;\"><span style=\"font-size: medium;\">a cirurgia que remove as gl\u00e2ndulas mam\u00e1rias e dando ao t\u00f3rax um formato masculino. No momento, mesmo com os pacientes estando aptos e com previs\u00e3o de duas cirurgias ao m\u00eas, sete procedimentos est\u00e3o atrasados, visto estarem previstos para iniciar no m\u00eas de julho.<\/span><\/span><\/span><\/p>\n<p class=\"western\" align=\"justify\"><span style=\"font-family: helvetica, arial, sans-serif;\"><b>Alta complexidade<\/b><\/span><\/p>\n<p class=\"western\" align=\"justify\"><span style=\"font-family: helvetica, arial, sans-serif;\">J\u00e1 sobre os horm\u00f4nios para processo de transi\u00e7\u00e3o de g\u00eanero houve o encaminhamento de of\u00edcio \u00e0 Sesau. Com o prop\u00f3sito de auxiliar nas demandas e expans\u00e3o de atendimento \u00e0 popula\u00e7\u00e3o LGBTQIAPN+, o Hospital Universit\u00e1rio Prof. Alberto Antunes(HU) solicitou ao Munic\u00edpio a habilita\u00e7\u00e3o do servi\u00e7o do espa\u00e7o trans (ambulat\u00f3rio de alta complexidade \u00e0s pessoas transexuais), mas ainda n\u00e3o houve retorno.<\/span><\/p>\n<p class=\"western\" align=\"justify\">\n","protected":false},"excerpt":{"rendered":"<p> [&hellip;]<\/p>\n","protected":false},"author":8,"featured_media":48023,"comment_status":"open","ping_status":"open","sticky":false,"template":"","format":"standard","meta":{"om_disable_all_campaigns":false,"_monsterinsights_skip_tracking":false,"_monsterinsights_sitenote_active":false,"_monsterinsights_sitenote_note":"","_monsterinsights_sitenote_category":0,"_uf_show_specific_survey":0,"_uf_disable_surveys":false,"footnotes":""},"categories":[2],"tags":[],"class_list":["post-48021","post","type-post","status-publish","format-standard","has-post-thumbnail","hentry","category-not_mpal"],"aioseo_notices":[],"_links":{"self":[{"href":"https:\/\/www.mpal.mp.br\/index.php?rest_route=\/wp\/v2\/posts\/48021","targetHints":{"allow":["GET"]}}],"collection":[{"href":"https:\/\/www.mpal.mp.br\/index.php?rest_route=\/wp\/v2\/posts"}],"about":[{"href":"https:\/\/www.mpal.mp.br\/index.php?rest_route=\/wp\/v2\/types\/post"}],"author":[{"embeddable":true,"href":"https:\/\/www.mpal.mp.br\/index.php?rest_route=\/wp\/v2\/users\/8"}],"replies":[{"embeddable":true,"href":"https:\/\/www.mpal.mp.br\/index.php?rest_route=%2Fwp%2Fv2%2Fcomments&post=48021"}],"version-history":[{"count":2,"href":"https:\/\/www.mpal.mp.br\/index.php?rest_route=\/wp\/v2\/posts\/48021\/revisions"}],"predecessor-version":[{"id":48025,"href":"https:\/\/www.mpal.mp.br\/index.php?rest_route=\/wp\/v2\/posts\/48021\/revisions\/48025"}],"wp:featuredmedia":[{"embeddable":true,"href":"https:\/\/www.mpal.mp.br\/index.php?rest_route=\/wp\/v2\/media\/48023"}],"wp:attachment":[{"href":"https:\/\/www.mpal.mp.br\/index.php?rest_route=%2Fwp%2Fv2%2Fmedia&parent=48021"}],"wp:term":[{"taxonomy":"category","embeddable":true,"href":"https:\/\/www.mpal.mp.br\/index.php?rest_route=%2Fwp%2Fv2%2Fcategories&post=48021"},{"taxonomy":"post_tag","embeddable":true,"href":"https:\/\/www.mpal.mp.br\/index.php?rest_route=%2Fwp%2Fv2%2Ftags&post=48021"}],"curies":[{"name":"wp","href":"https:\/\/api.w.org\/{rel}","templated":true}]}}