{"id":47910,"date":"2024-10-02T10:36:00","date_gmt":"2024-10-02T13:36:00","guid":{"rendered":"https:\/\/www.mpal.mp.br\/?p=47910"},"modified":"2024-10-02T10:36:54","modified_gmt":"2024-10-02T13:36:54","slug":"junqueiro-acao-civil-publica-proposta-pelo-mpal-culmina-em-decisao-judicial-para-afastamento-e-exoneracao-de-guardas-municipais-em-situacao-de-ilegalidade","status":"publish","type":"post","link":"https:\/\/www.mpal.mp.br\/?p=47910","title":{"rendered":"JUNQUEIRO: A\u00e7\u00e3o Civil P\u00fablica proposta pelo MPAL culmina em decis\u00e3o judicial para afastamento e exonera\u00e7\u00e3o de guardas municipais em situa\u00e7\u00e3o de ilegalidade"},"content":{"rendered":"<p class=\"western\" align=\"justify\"><span style=\"font-family: helvetica, arial, sans-serif; font-size: 12pt;\"><span style=\"color: #000000;\"><span lang=\"pt-BR\">A<\/span><\/span><span style=\"color: #000000;\"><span lang=\"pt-BR\">tendendo <\/span><\/span><span style=\"color: #000000;\"><span lang=\"pt-BR\">a<\/span><\/span><span style=\"color: #000000;\"><span lang=\"pt-BR\">o pleito <\/span><\/span><span style=\"color: #000000;\"><span lang=\"pt-BR\">do Minist\u00e9rio P\u00fablico de Alagoas (MPAL), via Promotoria de Justi\u00e7a de Junqueiro, <\/span><\/span><span style=\"color: #000000;\"><span lang=\"pt-BR\">em atua\u00e7\u00e3o conjunta com o N\u00facleo do Controle Externo da Atividade Policial, <\/span><\/span><span style=\"color: #000000;\"><span lang=\"pt-BR\">a Justi\u00e7a de<\/span><\/span><span style=\"color: #000000;\"><span lang=\"pt-BR\">feriu liminar e de<\/span><\/span><span style=\"color: #000000;\"><span lang=\"pt-BR\">terminou, nesta quarta-feira (2), que o Munic\u00edpio suspenda, no prazo de 24 horas, <\/span><\/span><span style=\"color: #000000;\"><span lang=\"pt-BR\">sob pena de multa de R$ 2 <\/span><\/span><span style=\"color: #000000;\"><span lang=\"pt-BR\">mil\/dia, <\/span><\/span><span style=\"color: #000000;\"><span lang=\"pt-BR\">o exerc\u00edcio dos guardas municipais que n\u00e3o forem de carreira<\/span><\/span><span style=\"color: #000000;\"><span lang=\"pt-BR\"> e exonere, no prazo de 10 dias, <\/span><\/span><span style=\"color: #000000;\"><span lang=\"pt-BR\"> t<\/span><\/span><span style=\"color: #000000;\"><span lang=\"pt-BR\">odos <\/span><\/span><span style=\"color: #000000;\"><span lang=\"pt-BR\">que n\u00e3o sejam servidores de carreira pertencentes aos quadros pr\u00f3prios. <\/span><\/span><span style=\"color: #000000;\"><span lang=\"pt-BR\">Tamb\u00e9m foi determinado, acatando a a\u00e7\u00e3o civil p\u00fablica com pedido de tutela provis\u00f3ria de urg\u00eancia que, no prazo de 60 dias, seja apresentado cronograma para a realiza\u00e7\u00e3o de concurso p\u00fablico para preenchimentos devidos das vagas.<\/span><\/span><\/span><\/p>\n<p class=\"western\" align=\"justify\"><span style=\"font-family: helvetica, arial, sans-serif; font-size: 12pt;\">Pela Recomenda\u00e7\u00e3o foi solicitada a exonera\u00e7\u00e3o imediata dos guardas municipais em situa\u00e7\u00e3o de ilegalidade, ou seja, os n\u00e3o efetivos, nos termos dos artigos 9\u00ba e 15 da Lei n\u00ba 13.022\/2014 (Estatuto Geral das Guardas Municipais), bem como o pronto recolhimento <span style=\"color: #000000;\"><span lang=\"pt-BR\">d<\/span><\/span>as armas, por ventura, fornecidas pela Guarda Municipal, a despeito das exig\u00eancias previstas na Lei n\u00ba 13.022\/2014 (Estatuto Geral das Guardas Municipais) e na Lei n\u00ba 10.826\/2003 (Estatuto do Desarmamento), sob pena de responsabiliza\u00e7\u00e3o criminal dos agentes pelo porte ilegal de arma \u2013 salvo se o guarda municipal possuir porte pessoal expressamente autorizado pelo Departamento de Pol\u00edcia Federal, em conformidade com os requisitos da legisla\u00e7\u00e3o de reg\u00eancia, o qual dever\u00e1 ser exercido de forma velada.<\/span><\/p>\n<p class=\"western\" align=\"justify\"><span style=\"font-family: helvetica, arial, sans-serif; font-size: 12pt;\">O promotor de Justi\u00e7a Jo\u00e3o de S\u00e1 Bomfim Filho, que assina a Recomenda\u00e7\u00e3o, explica a urg\u00eancia para coibir o desempenho ilegal da atividade da Guarda Municipal de Junqueiro.<\/span><\/p>\n<p class=\"western\" align=\"justify\"><span style=\"font-family: helvetica, arial, sans-serif; font-size: 12pt;\">\u201cDiante da representa\u00e7\u00e3o feita \u00e0 Ouvidoria do MPAL, asseverou-se que os agentes da Guarda Municipal de Junqueiro estavam atuando em desconformidade com a legisla\u00e7\u00e3o vigente, notadamente n\u00e3o s\u00e3o servidores efetivos e atuam como se Policiais Militares fossem, desempenhando opera\u00e7\u00f5es e atividades t\u00edpicas do policiamento ostensivo. Ap\u00f3s, constatado a veracidade das informa\u00e7\u00f5es e observando <span style=\"color: #000000;\"><span lang=\"pt-BR\">a atua\u00e7\u00e3o de <\/span><\/span>flagrante ilegalidade nas atividades <span style=\"color: #000000;\"><span lang=\"pt-BR\">da<\/span><\/span> guarda municipal de Junqueiro, recomendamos ao Munic\u00edpio o imediato afastamento <span style=\"color: #000000;\"><span lang=\"pt-BR\">de todos os guardas municipais<\/span><\/span> contratados irregularmente, j\u00e1 que o provimento do referido cargo p\u00fablico exige pr\u00e9via aprova\u00e7\u00e3o em concurso p\u00fablico. Tal situa\u00e7\u00e3o afeta sobremaneira a efici\u00eancia do servi\u00e7o prestado \u00e0 popula\u00e7\u00e3o, a qual fica a merc\u00ea de pessoas despreparadas e sem a devida capacita\u00e7\u00e3o, al\u00e9m de n\u00e3o disporem da independ\u00eancia necess\u00e1ria para agir, diante da inseguran\u00e7a jur\u00eddica presente em sua rela\u00e7\u00e3o contratual com o Munic\u00edpio. Assim, diante do n\u00e3o acatamento da recomenda\u00e7\u00e3o, n\u00e3o restou alternativa sen\u00e3o <span style=\"color: #000000;\"><span lang=\"pt-BR\">buscar provimento jurisdicional para sanar tais ilegalidades<\/span><\/span>\u201d, enfatiza o promotor Jo\u00e3o Bomfim Filho.<\/span><\/p>\n<p class=\"western\" align=\"justify\"><span style=\"font-family: helvetica, arial, sans-serif; font-size: 12pt;\"><span style=\"color: #000000;\"><span lang=\"pt-BR\">O <\/span><\/span><span style=\"color: #000000;\"><span lang=\"pt-BR\">Minist\u00e9rio P\u00fablico requer<\/span><\/span><span style=\"color: #000000;\"><span lang=\"pt-BR\">eu<\/span><\/span><span style=\"color: #000000;\"><span lang=\"pt-BR\"> tamb\u00e9m que <\/span><\/span> o Comando da 10<sup>a<\/sup> Companhia de Pol\u00edcia Militar do Estado de Alagoas, promova a preserva\u00e7\u00e3o da ordem p\u00fablica, coibindo quaisquer atos de usurpa\u00e7\u00e3o de sua compet\u00eancia pela Guarda Municipal e eventuais ilegalidades cometidos pelos <span style=\"color: #000000;\"><span lang=\"pt-BR\">seus integrantes<\/span><\/span>, especialmente no que diz respeito ao porte ilegal de armas de fogo, devendo promover a pris\u00e3o em flagrante, sob pena de responsabiliza\u00e7\u00e3o pelo crime de prevarica\u00e7\u00e3o. Tamb\u00e9m como que a Pol\u00edcia Militar <span style=\"color: #000000;\"><span lang=\"pt-BR\">intensifique <\/span><\/span>as medidas preventivas, tais como rondas, abordagens e demais atua\u00e7\u00f5es pertinentes \u00e0 Pol\u00edcia Militar, al\u00e9m disso, que o Munic\u00edpio de Junqueiro apresente cronograma para a realiza\u00e7\u00e3o de concurso p\u00fablico, para provimento dos cargos vagos de guarda municipal.<\/span><\/p>\n<p class=\"western\" align=\"justify\"><span style=\"font-family: helvetica, arial, sans-serif; font-size: 12pt;\"><b>A\u00e7\u00e3o Civil<\/b><\/span><\/p>\n<p class=\"western\" align=\"justify\"><span style=\"font-family: helvetica, arial, sans-serif; font-size: 12pt;\">Ap\u00f3s a n\u00e3o <span style=\"color: #000000;\"><span lang=\"pt-BR\">observ\u00e2ncia da dita recomenda\u00e7\u00e3o por parte do Poder Executivo Municipal, considerando que mant<\/span><\/span><span style=\"color: #000000;\"><span lang=\"pt-BR\">eve<\/span><\/span><span style=\"color: #000000;\"><span lang=\"pt-BR\"> a <\/span><\/span><span style=\"color: #000000;\"><span lang=\"pt-BR\">G<\/span><\/span><span style=\"color: #000000;\"><span lang=\"pt-BR\">uarda <\/span><\/span><span style=\"color: #000000;\"><span lang=\"pt-BR\">M<\/span><\/span><span style=\"color: #000000;\"><span lang=\"pt-BR\">unicipal, <\/span><\/span><span style=\"color: #000000;\"><span lang=\"pt-BR\">mesmo em situa\u00e7\u00e3o de ilegalidade,<\/span><\/span><span style=\"color: #000000;\"><span lang=\"pt-BR\"> em pleno funcionamento, o Minist\u00e9rio P\u00fablico ajuizou a A\u00e7\u00e3o Civil P\u00fablica tombada sob o n\u00ba 0800019-54.2024.8.02.0016, <\/span><\/span><span style=\"color: #000000;\"><span lang=\"pt-BR\">no sentido de coibir as ilegalidades acima descritas, pleiteando <\/span><\/span><span style=\"color: #000000;\"><span lang=\"pt-BR\">que<\/span><\/span> <span style=\"color: #000000;\"><span lang=\"pt-BR\">f<\/span><\/span><span style=\"color: #000000;\"><span lang=\"pt-BR\">osse<\/span><\/span><span style=\"color: #000000;\"><span lang=\"pt-BR\"> declarada a nulidade dos contratos firmados e determinada a i<\/span><\/span><span style=\"color: #000000;\"><span lang=\"pt-BR\">mediata<\/span><\/span><span style=\"color: #000000;\"><span lang=\"pt-BR\"> exonera\u00e7\u00e3o e suspens\u00e3o de pagamentos de sal\u00e1rios de todos os <\/span><\/span><span style=\"color: #000000;\"><span lang=\"pt-BR\">g<\/span><\/span><span style=\"color: #000000;\"><span lang=\"pt-BR\">uardas <\/span><\/span><span style=\"color: #000000;\"><span lang=\"pt-BR\">m<\/span><\/span><span style=\"color: #000000;\"><span lang=\"pt-BR\">unicipais contratados precariamente.<\/span><\/span><\/span><\/p>\n<p class=\"western\" align=\"justify\"><span style=\"font-family: helvetica, arial, sans-serif; font-size: 12pt;\"><span style=\"color: #000000;\"><span lang=\"pt-BR\">P<\/span><\/span><span style=\"color: #000000;\"><span lang=\"pt-BR\">ediu que a Justi\u00e7a<\/span><\/span><span style=\"color: #000000;\"><span lang=\"pt-BR\"> determina<\/span><\/span><span style=\"color: #000000;\"><span lang=\"pt-BR\">sse, <\/span><\/span><span style=\"color: #000000;\"><span lang=\"pt-BR\">atrav\u00e9s do chefe do Executivo, que o Munic\u00edpio <\/span><\/span><span style=\"color: #000000;\"><span lang=\"pt-BR\">se<\/span><\/span><span style=\"color: #000000;\"><span lang=\"pt-BR\"> abstenha de contrata<\/span><\/span><span style=\"color: #000000;\"><span lang=\"pt-BR\">r<\/span><\/span><span style=\"color: #000000;\"><span lang=\"pt-BR\"> ou de recontratar em car\u00e1ter tempor\u00e1rio <\/span><\/span><span style=\"color: #000000;\"><span lang=\"pt-BR\">os g<\/span><\/span><span style=\"color: #000000;\"><span lang=\"pt-BR\">uardas <\/span><\/span><span style=\"color: #000000;\"><span lang=\"pt-BR\">m<\/span><\/span><span style=\"color: #000000;\"><span lang=\"pt-BR\">unicipais demitidos <\/span><\/span><span style=\"color: #000000;\"><span lang=\"pt-BR\">e que <\/span><\/span><span style=\"color: #000000;\"><span lang=\"pt-BR\"> o Munic\u00edpio de Junqueiro apresent<\/span><\/span><span style=\"color: #000000;\"><span lang=\"pt-BR\">asse<\/span><\/span><span style=\"color: #000000;\"><span lang=\"pt-BR\">, em 30 dias, cronograma e procedimentos de praxe para a realiza\u00e7\u00e3o do concurso p\u00fablico, visando o provimento das vagas existentes para o cargo de <\/span><\/span><span style=\"color: #000000;\"><span lang=\"pt-BR\">g<\/span><\/span><span style=\"color: #000000;\"><span lang=\"pt-BR\">uarda <\/span><\/span><span style=\"color: #000000;\"><span lang=\"pt-BR\">m<\/span><\/span><span style=\"color: #000000;\"><span lang=\"pt-BR\">unicipal.<\/span><\/span><\/span><\/p>\n<p class=\"western\" align=\"justify\"><span style=\"font-family: helvetica, arial, sans-serif; font-size: 12pt;\">Em sua decis\u00e3o, o juiz Fl\u00e1vio Renato Almeida Reyes ressalta que \u201cN\u00e3o se pode admitir que membros de uma corpora\u00e7\u00e3o que, de forma direta ou indireta, atue na seguran\u00e7a p\u00fablica sejam nomeadas de forma livre pelo gestor p\u00fablico, principalmente quando se est\u00e1 a dizer de um mun\u00edcipio pequeno, tal qual Junqueiro. E \u00e9 nesse ponto que reside a urg\u00eancia no caso, j\u00e1 que a ilegalidade persiste por muito tempo e j\u00e1 n\u00e3o pode mais se perpetuar\u201d.<\/span><\/p>\n<p class=\"western\" align=\"justify\">\n","protected":false},"excerpt":{"rendered":"<p> [&hellip;]<\/p>\n","protected":false},"author":8,"featured_media":47911,"comment_status":"open","ping_status":"open","sticky":false,"template":"","format":"standard","meta":{"om_disable_all_campaigns":false,"_monsterinsights_skip_tracking":false,"_monsterinsights_sitenote_active":false,"_monsterinsights_sitenote_note":"","_monsterinsights_sitenote_category":0,"_uf_show_specific_survey":0,"_uf_disable_surveys":false,"footnotes":""},"categories":[2],"tags":[],"class_list":["post-47910","post","type-post","status-publish","format-standard","has-post-thumbnail","hentry","category-not_mpal"],"aioseo_notices":[],"_links":{"self":[{"href":"https:\/\/www.mpal.mp.br\/index.php?rest_route=\/wp\/v2\/posts\/47910","targetHints":{"allow":["GET"]}}],"collection":[{"href":"https:\/\/www.mpal.mp.br\/index.php?rest_route=\/wp\/v2\/posts"}],"about":[{"href":"https:\/\/www.mpal.mp.br\/index.php?rest_route=\/wp\/v2\/types\/post"}],"author":[{"embeddable":true,"href":"https:\/\/www.mpal.mp.br\/index.php?rest_route=\/wp\/v2\/users\/8"}],"replies":[{"embeddable":true,"href":"https:\/\/www.mpal.mp.br\/index.php?rest_route=%2Fwp%2Fv2%2Fcomments&post=47910"}],"version-history":[{"count":1,"href":"https:\/\/www.mpal.mp.br\/index.php?rest_route=\/wp\/v2\/posts\/47910\/revisions"}],"predecessor-version":[{"id":47912,"href":"https:\/\/www.mpal.mp.br\/index.php?rest_route=\/wp\/v2\/posts\/47910\/revisions\/47912"}],"wp:featuredmedia":[{"embeddable":true,"href":"https:\/\/www.mpal.mp.br\/index.php?rest_route=\/wp\/v2\/media\/47911"}],"wp:attachment":[{"href":"https:\/\/www.mpal.mp.br\/index.php?rest_route=%2Fwp%2Fv2%2Fmedia&parent=47910"}],"wp:term":[{"taxonomy":"category","embeddable":true,"href":"https:\/\/www.mpal.mp.br\/index.php?rest_route=%2Fwp%2Fv2%2Fcategories&post=47910"},{"taxonomy":"post_tag","embeddable":true,"href":"https:\/\/www.mpal.mp.br\/index.php?rest_route=%2Fwp%2Fv2%2Ftags&post=47910"}],"curies":[{"name":"wp","href":"https:\/\/api.w.org\/{rel}","templated":true}]}}