{"id":47897,"date":"2024-10-01T20:31:18","date_gmt":"2024-10-01T23:31:18","guid":{"rendered":"https:\/\/www.mpal.mp.br\/?p=47897"},"modified":"2024-10-01T20:41:07","modified_gmt":"2024-10-01T23:41:07","slug":"prevencao-plid-al-chama-a-atencao-da-sociedade-para-um-olhar-mais-cuidadoso-com-os-seus-idosos","status":"publish","type":"post","link":"https:\/\/www.mpal.mp.br\/?p=47897","title":{"rendered":"PREVEN\u00c7\u00c3O: Plid\/AL chama a aten\u00e7\u00e3o da sociedade para um olhar mais cuidadoso com os seus idosos"},"content":{"rendered":"<div class=\"fusion-fullwidth fullwidth-box fusion-builder-row-1 nonhundred-percent-fullwidth non-hundred-percent-height-scrolling\"  style='background-color: #ffffff;background-position: center center;background-repeat: no-repeat;padding-top:0px;padding-right:0px;padding-bottom:0px;padding-left:0px;'><div class=\"fusion-builder-row fusion-row \"><div  class=\"fusion-layout-column fusion_builder_column fusion_builder_column_1_1 fusion-builder-column-1 fusion-one-full fusion-column-first fusion-column-last 1_1\"  style='margin-top:0px;margin-bottom:0px;'>\n\t\t\t\t\t<div class=\"fusion-column-wrapper\" style=\"padding: 0px 0px 0px 0px;background-position:left top;background-repeat:no-repeat;-webkit-background-size:cover;-moz-background-size:cover;-o-background-size:cover;background-size:cover;\"   data-bg-url=\"\">\n\t\t\t\t\t\t<div class=\"fusion-text\"><p class=\"western\" style=\"text-align: justify;\" align=\"justify\">Outubro inicia destacando a data como o Dia Nacional da Pessoa Idosa e Dia Internacional da Terceira Idade um chamamento para a sociedade refletir sobre o envelhecimento, sua responsabilidade para garantir os direitos dessa popula\u00e7\u00e3o, uma aten\u00e7\u00e3o especial em forma de prote\u00e7\u00e3o. Por meio do Programa de Localiza\u00e7\u00e3o e Identifica\u00e7\u00e3o de Desaparecidos (PLID), o Minist\u00e9rio P\u00fablico de Alagoas (MPAL) tem esbo\u00e7ado preocupa\u00e7\u00e3o e procura orientar familiares para que observem mais seus entes queridos, principalmente se diagnosticados com Alzheimer ou problemas psiqui\u00e1tricos j\u00e1 que estes s\u00e3o os que contabilizam maior n\u00famero de casos registrados na rede de busca ativa.<\/p>\n<p class=\"western\" style=\"text-align: justify;\" align=\"justify\">Em Alagoas, atualmente, existem cadastrados no sistema 2.602 casos sob investiga\u00e7\u00e3o, 646 finalizados, mais dois aguardando instaura\u00e7\u00e3o, somando 3.250 registros. Destes, o percentual de 6,59% \u00e9 de pessoas com mais de 60 anos, sendo a maioria do sexo masculino. Recentemente, em uma semana, tr\u00eas casos de desaparecimento de pessoa idosa foram repassados para o PLID\/AL, em dois as v\u00edtimas eram homens.<\/p>\n<p class=\"western\" style=\"text-align: justify;\" align=\"justify\">A promotora de Justi\u00e7a e coordenadora do PLID\/AL, Marluce Falc\u00e3o, refor\u00e7a a necessidade de a fam\u00edlia ficar atenta e tomar iniciativas que garantam a seguran\u00e7a dos seus idosos.<\/p>\n<p class=\"western\" style=\"text-align: justify;\" align=\"justify\">\u201cNo dia Internacional da Pessoa Idosa, o Minist\u00e9rio P\u00fablico \u00e9 instado a buscar apoio da sociedade nos casos de desaparecimento de idosos, muitas vezes s\u00e3o portadores de transtornos mentais que os tornam vulner\u00e1veis. Fique atento, acolha e proteja, comunique ao PLID\/AL qualquer situa\u00e7\u00e3o de risco de uma pessoa Idosa que esteja vagando ou desorientada. Aos familiares, devem ser fortalecidos os la\u00e7os familiares, ressaltando que o cuidado, preven\u00e7\u00e3o e vigil\u00e2ncia s\u00e3o fundamentais para evitar o desaparecimento.\u201d, explica Marluce Falc\u00e3o.<\/p>\n<p class=\"western\" style=\"text-align: justify;\" align=\"left\"><strong>Dados nacionais<\/strong><\/p>\n<p class=\"western\" style=\"text-align: justify;\" align=\"left\">De acordo com o mapa dos desaparecidos no Brasil, feito pelo F\u00f3rum Brasileiro de Seguran\u00e7a P\u00fablica (FBSP), em 2023 consta que 62,8% das pessoas desaparecidas foram do sexo masculino; 32,2 do sexo masculino e, entre elas 29,3% foram adolescentes entre 12 e 17 anos, e outros 6,6% pessoas com 60 anos ou mais.<\/p>\n<p align=\"left\">Em caso de desaparecimento, o cidad\u00e3o pode recorrer ao PLID\/AL pelos n\u00fameros: (82) 2122-3707 ou (82)9182-0121.<\/p>\n<\/div><div class=\"fusion-clearfix\"><\/div>\n\n\t\t\t\t\t<\/div>\n\t\t\t\t<\/div><\/div><\/div>\n","protected":false},"excerpt":{"rendered":"","protected":false},"author":8,"featured_media":47903,"comment_status":"open","ping_status":"open","sticky":false,"template":"","format":"standard","meta":{"om_disable_all_campaigns":false,"_monsterinsights_skip_tracking":false,"_monsterinsights_sitenote_active":false,"_monsterinsights_sitenote_note":"","_monsterinsights_sitenote_category":0,"_uf_show_specific_survey":0,"_uf_disable_surveys":false,"footnotes":""},"categories":[2],"tags":[],"class_list":["post-47897","post","type-post","status-publish","format-standard","has-post-thumbnail","hentry","category-not_mpal"],"aioseo_notices":[],"_links":{"self":[{"href":"https:\/\/www.mpal.mp.br\/index.php?rest_route=\/wp\/v2\/posts\/47897","targetHints":{"allow":["GET"]}}],"collection":[{"href":"https:\/\/www.mpal.mp.br\/index.php?rest_route=\/wp\/v2\/posts"}],"about":[{"href":"https:\/\/www.mpal.mp.br\/index.php?rest_route=\/wp\/v2\/types\/post"}],"author":[{"embeddable":true,"href":"https:\/\/www.mpal.mp.br\/index.php?rest_route=\/wp\/v2\/users\/8"}],"replies":[{"embeddable":true,"href":"https:\/\/www.mpal.mp.br\/index.php?rest_route=%2Fwp%2Fv2%2Fcomments&post=47897"}],"version-history":[{"count":2,"href":"https:\/\/www.mpal.mp.br\/index.php?rest_route=\/wp\/v2\/posts\/47897\/revisions"}],"predecessor-version":[{"id":47905,"href":"https:\/\/www.mpal.mp.br\/index.php?rest_route=\/wp\/v2\/posts\/47897\/revisions\/47905"}],"wp:featuredmedia":[{"embeddable":true,"href":"https:\/\/www.mpal.mp.br\/index.php?rest_route=\/wp\/v2\/media\/47903"}],"wp:attachment":[{"href":"https:\/\/www.mpal.mp.br\/index.php?rest_route=%2Fwp%2Fv2%2Fmedia&parent=47897"}],"wp:term":[{"taxonomy":"category","embeddable":true,"href":"https:\/\/www.mpal.mp.br\/index.php?rest_route=%2Fwp%2Fv2%2Fcategories&post=47897"},{"taxonomy":"post_tag","embeddable":true,"href":"https:\/\/www.mpal.mp.br\/index.php?rest_route=%2Fwp%2Fv2%2Ftags&post=47897"}],"curies":[{"name":"wp","href":"https:\/\/api.w.org\/{rel}","templated":true}]}}